{"id":7280,"date":"2025-05-27T21:14:09","date_gmt":"2025-05-27T21:14:09","guid":{"rendered":"https:\/\/www.ics.gob.cu\/?p=7280"},"modified":"2025-05-27T21:14:13","modified_gmt":"2025-05-27T21:14:13","slug":"sesiona-taller-desarrollo-de-planes-de-preparacion-y-respuesta-ante-emergencias-y-desastres-para-radiodifusores","status":"publish","type":"post","link":"https:\/\/www.ics.gob.cu\/en\/sesiona-taller-desarrollo-de-planes-de-preparacion-y-respuesta-ante-emergencias-y-desastres-para-radiodifusores\/","title":{"rendered":"Sesiona Taller \u00abDesarrollo de planes de preparaci\u00f3n y respuesta ante emergencias y desastres para radiodifusores\u00bb"},"content":{"rendered":"<div class=\"pdfprnt-buttons pdfprnt-buttons-post pdfprnt-top-right\"><a href=\"https:\/\/www.ics.gob.cu\/en\/wp-json\/wp\/v2\/posts\/7280?print=print\" class=\"pdfprnt-button pdfprnt-button-print\" target=\"_blank\" ><img decoding=\"async\" src=\"https:\/\/www.ics.gob.cu\/wp-content\/plugins\/pdf-print\/images\/print.png\" alt=\"image_print\" title=\"Print Content\" \/><\/a><\/div>\n<p>Este martes inici\u00f3 el ciclo de talleres \u00abDesarrollo de planes de preparaci\u00f3n y respuesta ante emergencias y desastres para radiodifusores\u00bb, que estar\u00e1 sesionando hasta el pr\u00f3ximo d\u00eda 29 de mayo.<\/p>\n\n\n\n<p>La presentaci\u00f3n de propuestas para la comunicaci\u00f3n de riesgos de desastres y crisis para la radio cubana, las herramientas para el an\u00e1lisis del discurso y de contenidos de productos comunicativos sonoros sobre comunicaci\u00f3n de riesgo, as\u00ed como las buenas pr\u00e1cticas y experiencias de las emisoras son algunos de los  temas que ser\u00e1n abordados.<\/p>\n\n\n\n<figure class=\"wp-block-image size-full\"><img loading=\"lazy\" decoding=\"async\" width=\"1020\" height=\"460\" src=\"https:\/\/www.ics.gob.cu\/wp-content\/uploads\/2025\/05\/1000328872.jpg\" alt=\"\" class=\"wp-image-7282\" srcset=\"https:\/\/www.ics.gob.cu\/wp-content\/uploads\/2025\/05\/1000328872.jpg 1020w, https:\/\/www.ics.gob.cu\/wp-content\/uploads\/2025\/05\/1000328872-300x135.jpg 300w, https:\/\/www.ics.gob.cu\/wp-content\/uploads\/2025\/05\/1000328872-768x346.jpg 768w\" sizes=\"auto, (max-width: 1020px) 100vw, 1020px\" \/><\/figure>\n\n\n\n<p>Este encuentro, que tendr\u00e1 una sesi\u00f3n general la primera jornada para luego evaluar los casos espec\u00edficos de las emisoras Radio Reloj y Radio Rebelde, da continuidad al taller de fortalecimiento de la resiliencia de los medios de comunicaci\u00f3n ante situaciones de emergencia y desastres, desarrollado en el a\u00f1o 2024 entre el Instituto de Informaci\u00f3n y Comunicaci\u00f3n Social, el Programa Mundial de Alimentos y la UNESCO.<\/p>\n\n\n\n<figure class=\"wp-block-image size-full\"><img loading=\"lazy\" decoding=\"async\" width=\"1020\" height=\"460\" src=\"https:\/\/www.ics.gob.cu\/wp-content\/uploads\/2025\/05\/IMG-20250527-WA0031.jpg\" alt=\"\" class=\"wp-image-7281\" srcset=\"https:\/\/www.ics.gob.cu\/wp-content\/uploads\/2025\/05\/IMG-20250527-WA0031.jpg 1020w, https:\/\/www.ics.gob.cu\/wp-content\/uploads\/2025\/05\/IMG-20250527-WA0031-300x135.jpg 300w, https:\/\/www.ics.gob.cu\/wp-content\/uploads\/2025\/05\/IMG-20250527-WA0031-768x346.jpg 768w\" sizes=\"auto, (max-width: 1020px) 100vw, 1020px\" \/><\/figure>\n<div class=\"pld-like-dislike-wrap pld-template-1\">\r\n    <div class=\"pld-like-wrap  pld-common-wrap\">\r\n    <a href=\"javascript:void(0)\" class=\"pld-like-trigger pld-like-dislike-trigger\" title=\"\" data-post-id=\"7280\" data-trigger-type=\"like\" data-restriction=\"cookie\" data-already-liked=\"0\">\r\n                        <i class=\"fas fa-thumbs-up\"><\/i>\r\n                <\/a>\r\n    <span class=\"pld-like-count-wrap pld-count-wrap\">0    <\/span>\r\n<\/div><div class=\"pld-dislike-wrap  pld-common-wrap\">\r\n    <a href=\"javascript:void(0)\" class=\"pld-dislike-trigger pld-like-dislike-trigger\" title=\"\" data-post-id=\"7280\" data-trigger-type=\"dislike\" data-restriction=\"cookie\" data-already-liked=\"0\">\r\n                        <i class=\"fas fa-thumbs-down\"><\/i>\r\n                <\/a>\r\n    <span class=\"pld-dislike-count-wrap pld-count-wrap\">0<\/span>\r\n<\/div><\/div>","protected":false},"excerpt":{"rendered":"<p>Este martes inici\u00f3 el ciclo de talleres \u00abDesarrollo de planes de preparaci\u00f3n y respuesta ante emergencias y desastres para radiodifusores\u00bb, que estar\u00e1 sesionando hasta el pr\u00f3ximo d\u00eda 29 de mayo. La presentaci\u00f3n de propuestas para la comunicaci\u00f3n de riesgos de desastres y crisis para la radio cubana, las herramientas para el an\u00e1lisis del discurso y [&hellip;]<\/p>\n","protected":false},"author":7,"featured_media":7283,"comment_status":"open","ping_status":"closed","sticky":false,"template":"","format":"standard","meta":{"_bbp_topic_count":0,"_bbp_reply_count":0,"_bbp_total_topic_count":0,"_bbp_total_reply_count":0,"_bbp_voice_count":0,"_bbp_anonymous_reply_count":0,"_bbp_topic_count_hidden":0,"_bbp_reply_count_hidden":0,"_bbp_forum_subforum_count":0,"_glsr_average":0,"_glsr_ranking":0,"_glsr_reviews":0,"footnotes":""},"categories":[10],"tags":[47,7,59,39],"class_list":["post-7280","post","type-post","status-publish","format-standard","has-post-thumbnail","hentry","category-nacionales","tag-comunicacion-social","tag-cuba","tag-educacion-para-la-comunicacion","tag-ics"],"acf":[],"_links":{"self":[{"href":"https:\/\/www.ics.gob.cu\/en\/wp-json\/wp\/v2\/posts\/7280","targetHints":{"allow":["GET"]}}],"collection":[{"href":"https:\/\/www.ics.gob.cu\/en\/wp-json\/wp\/v2\/posts"}],"about":[{"href":"https:\/\/www.ics.gob.cu\/en\/wp-json\/wp\/v2\/types\/post"}],"author":[{"embeddable":true,"href":"https:\/\/www.ics.gob.cu\/en\/wp-json\/wp\/v2\/users\/7"}],"replies":[{"embeddable":true,"href":"https:\/\/www.ics.gob.cu\/en\/wp-json\/wp\/v2\/comments?post=7280"}],"version-history":[{"count":2,"href":"https:\/\/www.ics.gob.cu\/en\/wp-json\/wp\/v2\/posts\/7280\/revisions"}],"predecessor-version":[{"id":7285,"href":"https:\/\/www.ics.gob.cu\/en\/wp-json\/wp\/v2\/posts\/7280\/revisions\/7285"}],"wp:featuredmedia":[{"embeddable":true,"href":"https:\/\/www.ics.gob.cu\/en\/wp-json\/wp\/v2\/media\/7283"}],"wp:attachment":[{"href":"https:\/\/www.ics.gob.cu\/en\/wp-json\/wp\/v2\/media?parent=7280"}],"wp:term":[{"taxonomy":"category","embeddable":true,"href":"https:\/\/www.ics.gob.cu\/en\/wp-json\/wp\/v2\/categories?post=7280"},{"taxonomy":"post_tag","embeddable":true,"href":"https:\/\/www.ics.gob.cu\/en\/wp-json\/wp\/v2\/tags?post=7280"}],"curies":[{"name":"wp","href":"https:\/\/api.w.org\/{rel}","templated":true}]}}