{"id":7290,"date":"2025-05-28T17:39:37","date_gmt":"2025-05-28T17:39:37","guid":{"rendered":"https:\/\/www.ics.gob.cu\/?p=7290"},"modified":"2025-05-28T21:16:36","modified_gmt":"2025-05-28T21:16:36","slug":"en-vigor-resolucion-9-2025-reglamento-de-los-registros-nacionales-de-publicaciones-seriadas-y-de-sitios-web","status":"publish","type":"post","link":"https:\/\/www.ics.gob.cu\/en\/en-vigor-resolucion-9-2025-reglamento-de-los-registros-nacionales-de-publicaciones-seriadas-y-de-sitios-web\/","title":{"rendered":"En vigor: Resoluci\u00f3n 9\/2025 \u201cReglamento de los Registros Nacionales de Publicaciones Seriadas y de Sitios Web\u201d"},"content":{"rendered":"<div class=\"pdfprnt-buttons pdfprnt-buttons-post pdfprnt-top-right\"><a href=\"https:\/\/www.ics.gob.cu\/en\/wp-json\/wp\/v2\/posts\/7290?print=print\" class=\"pdfprnt-button pdfprnt-button-print\" target=\"_blank\" ><img decoding=\"async\" src=\"https:\/\/www.ics.gob.cu\/wp-content\/plugins\/pdf-print\/images\/print.png\" alt=\"image_print\" title=\"Print Content\" \/><\/a><\/div>\n<p>Como otro paso importante en el proceso de construcci\u00f3n de un sistema de comunicaci\u00f3n social eficaz, moderno, apegado a t\u00e9rminos jur\u00eddicos y que responda como principio a los derechos ciudadanos, entr\u00f3 en vigor desde este mi\u00e9rcoles la <a href=\"https:\/\/www.ics.gob.cu\/wp-content\/uploads\/2025\/05\/goc-2025-o54.pdf\" data-type=\"link\" data-id=\"https:\/\/www.ics.gob.cu\/marco-normativo\/\">Resoluci\u00f3n 9\/2025 \u201cReglamento de los Registros Nacionales de Publicaciones Seriadas y de Sitios Web\u201d<\/a><\/p>\n\n\n\n<p>Publicada en la Gaceta Oficial de la Rep\u00fablica y disponible para ser descargada y consultada en el sitio web del ICS, la norma tiene como objetivo fundamental la regulaci\u00f3n, organizaci\u00f3n y funcionamiento de los Registros Nacionales de Publicaciones Seriadas y de Sitios Web, adscriptos a la Direcci\u00f3n de Publicaciones Seriadas y Sitios Web del propio Instituto.<\/p>\n\n\n\n<figure class=\"wp-block-image size-full\"><img loading=\"lazy\" decoding=\"async\" width=\"1000\" height=\"750\" src=\"https:\/\/www.ics.gob.cu\/wp-content\/uploads\/2025\/05\/WhatsApp-Image-2025-05-28-at-1.30.28-PM.jpeg\" alt=\"\" class=\"wp-image-7292\" srcset=\"https:\/\/www.ics.gob.cu\/wp-content\/uploads\/2025\/05\/WhatsApp-Image-2025-05-28-at-1.30.28-PM.jpeg 1000w, https:\/\/www.ics.gob.cu\/wp-content\/uploads\/2025\/05\/WhatsApp-Image-2025-05-28-at-1.30.28-PM-300x225.jpeg 300w, https:\/\/www.ics.gob.cu\/wp-content\/uploads\/2025\/05\/WhatsApp-Image-2025-05-28-at-1.30.28-PM-768x576.jpeg 768w\" sizes=\"auto, (max-width: 1000px) 100vw, 1000px\" \/><\/figure>\n\n\n\n<p>En palabras del Vicepresidente del ICS, Jorge Lega\u00f1oa Alonso, durante una conferencia de prensa ofrecida en la sede de este organismo, esta nueva norma est\u00e1 amparada bajo la implementaci\u00f3n de la Ley 162\/2023 \u201cDe Comunicaci\u00f3n Social\u201d y sus disposiciones normativas reglamentarias, en vigor desde el pasado 4 de octubre de 2024.<\/p>\n\n\n\n<p>\u00a0\u00abNo es un hecho aislado, es muestra de que tenemos una Ley viva, que todos los d\u00edas da un paso m\u00e1s en la consolidaci\u00f3n de un sistema de comunicaci\u00f3n con avances en sus tres \u00e1mbitos: medi\u00e1tico, organizacional y comunitario\u00bb.<\/p>\n\n\n\n<p>En tanto, la Directora de la Direcci\u00f3n de Publicaciones Seriadas y Sitios Web, Ana Luisa Cabrera Toledo, coment\u00f3 las especificidades de la Resoluci\u00f3n, que cuenta con 8 cap\u00edtulos, 5 disposiciones especiales y 2 disposiciones finales donde se definen el objeto y los sujetos, as\u00ed como los principios espec\u00edficos y estructura de los Registros, la obligatoriedad de todos los \u00a0titulares de los medios de comunicaci\u00f3n social en el \u00e1mbito medi\u00e1tico de inscribirlos en los Registros habilitados para ello y sobre todo, los beneficios y oportunidades que les puede aportar estar inscritos.<\/p>\n\n\n\n<p>Precis\u00f3 que dicho proceso de inscripci\u00f3n es v\u00e1lido para las personas naturales o jur\u00eddicas y tambi\u00e9n para los extranjeros con residencia temporal o permanente en el pa\u00eds y es requisito indispensable, para acceder a los operadores de servicios p\u00fablicos de telecomunicaciones, legalmente reconocidos en Cuba, tener la inscripci\u00f3n del registro ISSN &#8211; \u00a0lo cual confiere reconocimiento internacional \u2013 optar por la certificaci\u00f3n como publicaci\u00f3n cient\u00edfica que otorga el Ministerio de Ciencia Tecnolog\u00eda y Medio Ambiente (CITMA).<\/p>\n\n\n\n<figure class=\"wp-block-image size-full\"><img loading=\"lazy\" decoding=\"async\" width=\"1000\" height=\"750\" src=\"https:\/\/www.ics.gob.cu\/wp-content\/uploads\/2025\/05\/WhatsApp-Image-2025-05-28-at-1.30.34-PM.jpeg\" alt=\"\" class=\"wp-image-7293\" srcset=\"https:\/\/www.ics.gob.cu\/wp-content\/uploads\/2025\/05\/WhatsApp-Image-2025-05-28-at-1.30.34-PM.jpeg 1000w, https:\/\/www.ics.gob.cu\/wp-content\/uploads\/2025\/05\/WhatsApp-Image-2025-05-28-at-1.30.34-PM-300x225.jpeg 300w, https:\/\/www.ics.gob.cu\/wp-content\/uploads\/2025\/05\/WhatsApp-Image-2025-05-28-at-1.30.34-PM-768x576.jpeg 768w\" sizes=\"auto, (max-width: 1000px) 100vw, 1000px\" \/><\/figure>\n\n\n\n<p>La inscripci\u00f3n previa en estos registros es tambi\u00e9n importante para los titulares que soliciten hacer uso de la Marca Pa\u00eds y la inserci\u00f3n de Publicidad y Patrocinio en sus medios de comunicaci\u00f3n.<\/p>\n\n\n\n<p>Cabrera Toledo se\u00f1al\u00f3, adem\u00e1s, que el Cap\u00edtulo II de la Resoluci\u00f3n detalla los procesos registrales, establece que los n\u00fameros de registros son \u00fanicos y deben ser reflejados en el mach\u00f3n editorial, en el caso de publicaciones impresas y en la p\u00e1gina principal, en el caso de los sitios web.<\/p>\n\n\n\n<p>La Resoluci\u00f3n determina, adem\u00e1s, que la revalidaci\u00f3n de las inscripciones tendr\u00e1 un periodo anual para las publicaciones seriadas impresas y de tres a\u00f1os para las publicaciones seriadas en formato digital y los sitios web.<\/p>\n\n\n\n<p>En el caso de actualizaci\u00f3n de datos como la titularidad, el domicilio legal, contactos, entre otros, el documento determina que estas acciones deben ser informadas al registro y si se trata de modificaciones en cuanto a las fuentes de financiamiento, recursos humanos y materiales o cambio en el proyecto comunicacional, debe ser consultado al registro previo a su cambio oficial.<\/p>\n\n\n\n<p><\/p>\n\n\n\n<p>Como dato a destacar y tener en cuenta para el establecimiento y control de la titularidad de publicaciones seriadas en el pa\u00eds, fue explicado tambi\u00e9n lo referente a los incumplimientos de los requisitos establecidos en los art\u00edculos 30 y 104 de la<a href=\"https:\/\/www.ics.gob.cu\/wp-content\/uploads\/2024\/06\/goc-2024-o48.pdf\" data-type=\"link\" data-id=\"https:\/\/www.ics.gob.cu\/wp-content\/uploads\/2024\/06\/goc-2024-o48.pdf\"> Law 162\/2023 \"On Social Communication\"<\/a>, donde se determina que la inscripci\u00f3n de una publicaci\u00f3n seriada puede ser suspendida o cancelada si fue registrada sobre la base de informaci\u00f3n falsa, sus contenidos violan lo establecido en la Constituci\u00f3n o la propia Ley de Comunicaci\u00f3n Social, si incumple con los objetivos sociales o el perfil editorial aprobado, etc.<\/p>\n\n\n\n<p>De igual manera, los titulares tienen el derecho de interponer un recurso de apelaci\u00f3n ante el directivo inmediato superior de la Direcci\u00f3n de Publicaciones Seriadas y Sitios Web, que es la Direcci\u00f3n General de Comunicaci\u00f3n Medi\u00e1tica del ICS y tambi\u00e9n de considerarlo necesario, en otros \u00f3rganos superiores de justicia, seg\u00fan lo explica la propia Resoluci\u00f3n.<\/p>\n\n\n\n<figure class=\"wp-block-image size-full\"><img loading=\"lazy\" decoding=\"async\" width=\"1000\" height=\"750\" src=\"https:\/\/www.ics.gob.cu\/wp-content\/uploads\/2025\/05\/WhatsApp-Image-2025-05-28-at-1.29.26-PM.jpeg\" alt=\"\" class=\"wp-image-7294\" srcset=\"https:\/\/www.ics.gob.cu\/wp-content\/uploads\/2025\/05\/WhatsApp-Image-2025-05-28-at-1.29.26-PM.jpeg 1000w, https:\/\/www.ics.gob.cu\/wp-content\/uploads\/2025\/05\/WhatsApp-Image-2025-05-28-at-1.29.26-PM-300x225.jpeg 300w, https:\/\/www.ics.gob.cu\/wp-content\/uploads\/2025\/05\/WhatsApp-Image-2025-05-28-at-1.29.26-PM-768x576.jpeg 768w\" sizes=\"auto, (max-width: 1000px) 100vw, 1000px\" \/><\/figure>\n\n\n\n<p>En la conferencia de prensa se explic\u00f3 adem\u00e1s que hasta este minuto se mantienen las tarifas vigentes para estos servicios, establecidas mediante la aprobaci\u00f3n 018 del 5 de abril de 1996 emitida por el Ministerio de Cultura de Cuba y que se establece desde hoy un plazo de 180 d\u00edas naturales para la inscripci\u00f3n de los medios de comunicaci\u00f3n social que a\u00fan no se encuentran registrados y para la revalidaci\u00f3n de los que estaban asentados en los Registros correspondientes.<\/p>\n\n\n\n<p>Se trata de otro escal\u00f3n en el camino de continuar implementando la Ley 162\/2023 y sus decretos, continuar fortaleciendo y ordenando procesos que tambi\u00e9n ayudan a consolidar las propia misi\u00f3n y funciones del ICS como nuevo Organismo de la Administraci\u00f3n Central del Estado y respaldar lo que en t\u00e9rminos de contenido estipula el cuerpo normativo que apenas cumpli\u00f3 dos a\u00f1os el pasado domingo, destac\u00f3 Bertha Mojena Milian, Directora de Comunicaci\u00f3n Institucional del Instituto.<\/p>\n\n\n\n<p>Mojena Milian insisti\u00f3 en la necesidad de que se &nbsp;busquen estas normas, se estudien, se apliquen como \u201cun todo\u201d porque establece obligaciones, deberes, responsabilidades pero sin dudas, fortalece la cooperaci\u00f3n institucional e interinstitucional, respalda legalmente a nuestros medios de comunicaci\u00f3n social y sobre todo, contribuye a que sigamos perfeccionando tambi\u00e9n sus contenidos, especialmente los destinados a los ni\u00f1os, ni\u00f1as, j\u00f3venes, adolescentes, personas en situaci\u00f3n de vulnerabilidad y adultos mayores en pos de una sociedad cada vez m\u00e1s justa y participativa.<\/p>\n<div class=\"pld-like-dislike-wrap pld-template-1\">\r\n    <div class=\"pld-like-wrap  pld-common-wrap\">\r\n    <a href=\"javascript:void(0)\" class=\"pld-like-trigger pld-like-dislike-trigger\" title=\"\" data-post-id=\"7290\" data-trigger-type=\"like\" data-restriction=\"cookie\" data-already-liked=\"0\">\r\n                        <i class=\"fas fa-thumbs-up\"><\/i>\r\n                <\/a>\r\n    <span class=\"pld-like-count-wrap pld-count-wrap\">3    <\/span>\r\n<\/div><div class=\"pld-dislike-wrap  pld-common-wrap\">\r\n    <a href=\"javascript:void(0)\" class=\"pld-dislike-trigger pld-like-dislike-trigger\" title=\"\" data-post-id=\"7290\" data-trigger-type=\"dislike\" data-restriction=\"cookie\" data-already-liked=\"0\">\r\n                        <i class=\"fas fa-thumbs-down\"><\/i>\r\n                <\/a>\r\n    <span class=\"pld-dislike-count-wrap pld-count-wrap\">0<\/span>\r\n<\/div><\/div>","protected":false},"excerpt":{"rendered":"<p>Como otro paso importante en el proceso de construcci\u00f3n de un sistema de comunicaci\u00f3n social eficaz, moderno, apegado a t\u00e9rminos jur\u00eddicos y que responda como principio a los derechos ciudadanos, entr\u00f3 en vigor desde este mi\u00e9rcoles la Resoluci\u00f3n 9\/2025 \u201cReglamento de los Registros Nacionales de Publicaciones Seriadas y de Sitios Web\u201d Publicada en la Gaceta [&hellip;]<\/p>\n","protected":false},"author":10,"featured_media":7291,"comment_status":"open","ping_status":"closed","sticky":false,"template":"","format":"standard","meta":{"_bbp_topic_count":0,"_bbp_reply_count":0,"_bbp_total_topic_count":0,"_bbp_total_reply_count":0,"_bbp_voice_count":0,"_bbp_anonymous_reply_count":0,"_bbp_topic_count_hidden":0,"_bbp_reply_count_hidden":0,"_bbp_forum_subforum_count":0,"_glsr_average":0,"_glsr_ranking":0,"_glsr_reviews":0,"footnotes":""},"categories":[10],"tags":[47,7,39,49],"class_list":["post-7290","post","type-post","status-publish","format-standard","has-post-thumbnail","hentry","category-nacionales","tag-comunicacion-social","tag-cuba","tag-ics","tag-marca-pais"],"acf":[],"_links":{"self":[{"href":"https:\/\/www.ics.gob.cu\/en\/wp-json\/wp\/v2\/posts\/7290","targetHints":{"allow":["GET"]}}],"collection":[{"href":"https:\/\/www.ics.gob.cu\/en\/wp-json\/wp\/v2\/posts"}],"about":[{"href":"https:\/\/www.ics.gob.cu\/en\/wp-json\/wp\/v2\/types\/post"}],"author":[{"embeddable":true,"href":"https:\/\/www.ics.gob.cu\/en\/wp-json\/wp\/v2\/users\/10"}],"replies":[{"embeddable":true,"href":"https:\/\/www.ics.gob.cu\/en\/wp-json\/wp\/v2\/comments?post=7290"}],"version-history":[{"count":4,"href":"https:\/\/www.ics.gob.cu\/en\/wp-json\/wp\/v2\/posts\/7290\/revisions"}],"predecessor-version":[{"id":7300,"href":"https:\/\/www.ics.gob.cu\/en\/wp-json\/wp\/v2\/posts\/7290\/revisions\/7300"}],"wp:featuredmedia":[{"embeddable":true,"href":"https:\/\/www.ics.gob.cu\/en\/wp-json\/wp\/v2\/media\/7291"}],"wp:attachment":[{"href":"https:\/\/www.ics.gob.cu\/en\/wp-json\/wp\/v2\/media?parent=7290"}],"wp:term":[{"taxonomy":"category","embeddable":true,"href":"https:\/\/www.ics.gob.cu\/en\/wp-json\/wp\/v2\/categories?post=7290"},{"taxonomy":"post_tag","embeddable":true,"href":"https:\/\/www.ics.gob.cu\/en\/wp-json\/wp\/v2\/tags?post=7290"}],"curies":[{"name":"wp","href":"https:\/\/api.w.org\/{rel}","templated":true}]}}