{"id":7306,"date":"2025-06-02T20:13:04","date_gmt":"2025-06-02T20:13:04","guid":{"rendered":"https:\/\/www.ics.gob.cu\/?p=7306"},"modified":"2025-06-02T22:41:21","modified_gmt":"2025-06-02T22:41:21","slug":"sesiona-taller-fortalecimiento-de-la-resiliencia-de-los-medios-de-comunicacion-de-las-provincias-orientales-ante-situaciones-de-emergencia-y-de-desastres","status":"publish","type":"post","link":"https:\/\/www.ics.gob.cu\/en\/sesiona-taller-fortalecimiento-de-la-resiliencia-de-los-medios-de-comunicacion-de-las-provincias-orientales-ante-situaciones-de-emergencia-y-de-desastres\/","title":{"rendered":"Sesiona Taller \u00abFortalecimiento de la resiliencia de los medios de comunicaci\u00f3n de las provincias orientales ante situaciones de emergencia\u00a0y\u00a0de\u00a0desastres\u00bb"},"content":{"rendered":"<div class=\"pdfprnt-buttons pdfprnt-buttons-post pdfprnt-top-right\"><a href=\"https:\/\/www.ics.gob.cu\/en\/wp-json\/wp\/v2\/posts\/7306?print=print\" class=\"pdfprnt-button pdfprnt-button-print\" target=\"_blank\" ><img decoding=\"async\" src=\"https:\/\/www.ics.gob.cu\/wp-content\/plugins\/pdf-print\/images\/print.png\" alt=\"image_print\" title=\"Print Content\" \/><\/a><\/div>\n<p>El taller \u00abFortalecimiento de la resiliencia de los medios de comunicaci\u00f3n de las provincias orientales ante situaciones de emergencia y de desastres\u00bb, sesiona desde este lunes en Holgu\u00edn.<\/p>\n\n\n\n<p>El encuentro tiene como antecedente una primera edici\u00f3n que tuvo lugar en La Habana en agosto de 2024, organizado por la Oficina Regional de UNESCO, el Instituto de Informaci\u00f3n y Comunicaci\u00f3n Social (ICS), el Programa Mundial de Alimentos (PMA) y con la colaboraci\u00f3n en su implementaci\u00f3n de la Defensa Civil, el Instituto de Meteorolog\u00eda (INSMET), el Centro de Investigaciones Sismol\u00f3gicas (CENAIS), la Cruz Roja y el Grupo de Peligros, Vulnerabilidad y Riesgos del Ministerio de Ciencia, Tecnolog\u00eda y Medio Ambiente (CITMA).<\/p>\n\n\n\n<figure class=\"wp-block-image size-full\"><img loading=\"lazy\" decoding=\"async\" width=\"738\" height=\"450\" src=\"https:\/\/www.ics.gob.cu\/wp-content\/uploads\/2025\/06\/Imagen-de-WhatsApp-2025-06-02-a-las-16.00.51_cd6b4b90-1.jpg\" alt=\"\" class=\"wp-image-7308\" srcset=\"https:\/\/www.ics.gob.cu\/wp-content\/uploads\/2025\/06\/Imagen-de-WhatsApp-2025-06-02-a-las-16.00.51_cd6b4b90-1.jpg 738w, https:\/\/www.ics.gob.cu\/wp-content\/uploads\/2025\/06\/Imagen-de-WhatsApp-2025-06-02-a-las-16.00.51_cd6b4b90-1-300x183.jpg 300w\" sizes=\"auto, (max-width: 738px) 100vw, 738px\" \/><\/figure>\n\n\n\n<p>En las palabras iniciales de esta primera jornada, la vicepresidenta del ICS, Belkys P\u00e9rez Cruz, inform\u00f3 que como seguimiento de los resultados de aquella primera edici\u00f3n, se decidi\u00f3 acompa\u00f1ar a las emisoras radiales Radio Rebelde y Radio Reloj en la actualizaci\u00f3n de sus protocolos de comunicaci\u00f3n de riesgos y continuidad de operaciones, en virtud del rol que estas desempe\u00f1an durante situaciones de emergencias.<\/p>\n\n\n\n<p>\u00abSe estuvo trabajando con ellas en el mes de febrero y m\u00e1s recientemente, la semana pasada durante tres jornadas de debates y revisi\u00f3n de planes\u00bb, precis\u00f3.<\/p>\n\n\n\n<p>P\u00e9rez Cruz se\u00f1al\u00f3 que en virtud de la creciente actividad s\u00edsmica en el oriente cubano, as\u00ed como las vulnerabilidades evidenciadas durante el paso por esta regi\u00f3n de eventos hidrometeorol\u00f3gicos de gran intensidad, como los huracanes Oscar y Rafael, se decidi\u00f3 focalizar las acciones con los medios fundamentales de comunicaci\u00f3n social de esta regi\u00f3n.<\/p>\n\n\n\n<figure class=\"wp-block-image size-full\"><img loading=\"lazy\" decoding=\"async\" width=\"1020\" height=\"768\" src=\"https:\/\/www.ics.gob.cu\/wp-content\/uploads\/2025\/06\/Imagen-de-WhatsApp-2025-06-02-a-las-16.00.52_63d153a1.jpg\" alt=\"\" class=\"wp-image-7310\" srcset=\"https:\/\/www.ics.gob.cu\/wp-content\/uploads\/2025\/06\/Imagen-de-WhatsApp-2025-06-02-a-las-16.00.52_63d153a1.jpg 1020w, https:\/\/www.ics.gob.cu\/wp-content\/uploads\/2025\/06\/Imagen-de-WhatsApp-2025-06-02-a-las-16.00.52_63d153a1-300x226.jpg 300w, https:\/\/www.ics.gob.cu\/wp-content\/uploads\/2025\/06\/Imagen-de-WhatsApp-2025-06-02-a-las-16.00.52_63d153a1-768x578.jpg 768w\" sizes=\"auto, (max-width: 1020px) 100vw, 1020px\" \/><\/figure>\n\n\n\n<p>En esta ocasi\u00f3n asisten directivos y periodistas de 28 medios de comunicaci\u00f3n social, con el objetivo de capacitarlos sobre los peligros de desastre de mayor probabilidad de ocurrencia e impacto en esta zona, con \u00e9nfasis en huracanes, sismos y sequ\u00eda.<\/p>\n\n\n\n<p>\u00abPretendemos con estas jornadas de trabajo que se fortalezcan las capacidades para la comunicaci\u00f3n de los riesgos, compartir pautas metodol\u00f3gicas para el dise\u00f1o de planes de preparaci\u00f3n y respuesta a situaciones de emergencias y desastres y promover la colaboraci\u00f3n entre medios de comunicaci\u00f3n de la regi\u00f3n oriental para la cobertura de riesgos\u00bb, agreg\u00f3 la vicepresidenta del ICS. <\/p>\n\n\n\n<p>Dijo, adem\u00e1s, que una vez que concluya el taller comienza una segunda etapa con la primera misi\u00f3n de acompa\u00f1amiento directo a medios de comunicaci\u00f3n social de las provincias de Guant\u00e1namo, Santiago de Cuba y Granma. La segunda misi\u00f3n est\u00e1 prevista para octubre de este a\u00f1o e incluir\u00e1 medios de Holgu\u00edn y Las Tunas.<\/p>\n\n\n\n<figure class=\"wp-block-image size-full\"><img loading=\"lazy\" decoding=\"async\" width=\"1020\" height=\"574\" src=\"https:\/\/www.ics.gob.cu\/wp-content\/uploads\/2025\/06\/Imagen-de-WhatsApp-2025-06-02-a-las-16.00.52_43b622e7.jpg\" alt=\"\" class=\"wp-image-7311\" srcset=\"https:\/\/www.ics.gob.cu\/wp-content\/uploads\/2025\/06\/Imagen-de-WhatsApp-2025-06-02-a-las-16.00.52_43b622e7.jpg 1020w, https:\/\/www.ics.gob.cu\/wp-content\/uploads\/2025\/06\/Imagen-de-WhatsApp-2025-06-02-a-las-16.00.52_43b622e7-300x169.jpg 300w, https:\/\/www.ics.gob.cu\/wp-content\/uploads\/2025\/06\/Imagen-de-WhatsApp-2025-06-02-a-las-16.00.52_43b622e7-768x432.jpg 768w\" sizes=\"auto, (max-width: 1020px) 100vw, 1020px\" \/><\/figure>\n\n\n\n<p>Al final de sus palabras, Belkys P\u00e9rez Cruz agradeci\u00f3 a todos los asistentes la r\u00e1pida respuesta, la organizaci\u00f3n en cada provincia para asegurar su presencia y convoc\u00f3 a directivos y periodistas a aprovechar cada espacio de intercambio y aprendizaje en las conferencias y ejercicios participativos que se generen durante el taller.<\/p>\n<div class=\"pld-like-dislike-wrap pld-template-1\">\r\n    <div class=\"pld-like-wrap  pld-common-wrap\">\r\n    <a href=\"javascript:void(0)\" class=\"pld-like-trigger pld-like-dislike-trigger\" title=\"\" data-post-id=\"7306\" data-trigger-type=\"like\" data-restriction=\"cookie\" data-already-liked=\"0\">\r\n                        <i class=\"fas fa-thumbs-up\"><\/i>\r\n                <\/a>\r\n    <span class=\"pld-like-count-wrap pld-count-wrap\">0    <\/span>\r\n<\/div><div class=\"pld-dislike-wrap  pld-common-wrap\">\r\n    <a href=\"javascript:void(0)\" class=\"pld-dislike-trigger pld-like-dislike-trigger\" title=\"\" data-post-id=\"7306\" data-trigger-type=\"dislike\" data-restriction=\"cookie\" data-already-liked=\"0\">\r\n                        <i class=\"fas fa-thumbs-down\"><\/i>\r\n                <\/a>\r\n    <span class=\"pld-dislike-count-wrap pld-count-wrap\">0<\/span>\r\n<\/div><\/div>","protected":false},"excerpt":{"rendered":"<p>El taller \u00abFortalecimiento de la resiliencia de los medios de comunicaci\u00f3n de las provincias orientales ante situaciones de emergencia y de desastres\u00bb, sesiona desde este lunes en Holgu\u00edn. El encuentro tiene como antecedente una primera edici\u00f3n que tuvo lugar en La Habana en agosto de 2024, organizado por la Oficina Regional de UNESCO, el Instituto [&hellip;]<\/p>\n","protected":false},"author":7,"featured_media":7309,"comment_status":"open","ping_status":"closed","sticky":false,"template":"","format":"standard","meta":{"_bbp_topic_count":0,"_bbp_reply_count":0,"_bbp_total_topic_count":0,"_bbp_total_reply_count":0,"_bbp_voice_count":0,"_bbp_anonymous_reply_count":0,"_bbp_topic_count_hidden":0,"_bbp_reply_count_hidden":0,"_bbp_forum_subforum_count":0,"_glsr_average":0,"_glsr_ranking":0,"_glsr_reviews":0,"footnotes":""},"categories":[10],"tags":[47,39],"class_list":["post-7306","post","type-post","status-publish","format-standard","has-post-thumbnail","hentry","category-nacionales","tag-comunicacion-social","tag-ics"],"acf":[],"_links":{"self":[{"href":"https:\/\/www.ics.gob.cu\/en\/wp-json\/wp\/v2\/posts\/7306","targetHints":{"allow":["GET"]}}],"collection":[{"href":"https:\/\/www.ics.gob.cu\/en\/wp-json\/wp\/v2\/posts"}],"about":[{"href":"https:\/\/www.ics.gob.cu\/en\/wp-json\/wp\/v2\/types\/post"}],"author":[{"embeddable":true,"href":"https:\/\/www.ics.gob.cu\/en\/wp-json\/wp\/v2\/users\/7"}],"replies":[{"embeddable":true,"href":"https:\/\/www.ics.gob.cu\/en\/wp-json\/wp\/v2\/comments?post=7306"}],"version-history":[{"count":6,"href":"https:\/\/www.ics.gob.cu\/en\/wp-json\/wp\/v2\/posts\/7306\/revisions"}],"predecessor-version":[{"id":7319,"href":"https:\/\/www.ics.gob.cu\/en\/wp-json\/wp\/v2\/posts\/7306\/revisions\/7319"}],"wp:featuredmedia":[{"embeddable":true,"href":"https:\/\/www.ics.gob.cu\/en\/wp-json\/wp\/v2\/media\/7309"}],"wp:attachment":[{"href":"https:\/\/www.ics.gob.cu\/en\/wp-json\/wp\/v2\/media?parent=7306"}],"wp:term":[{"taxonomy":"category","embeddable":true,"href":"https:\/\/www.ics.gob.cu\/en\/wp-json\/wp\/v2\/categories?post=7306"},{"taxonomy":"post_tag","embeddable":true,"href":"https:\/\/www.ics.gob.cu\/en\/wp-json\/wp\/v2\/tags?post=7306"}],"curies":[{"name":"wp","href":"https:\/\/api.w.org\/{rel}","templated":true}]}}