{"id":7325,"date":"2025-06-10T21:14:33","date_gmt":"2025-06-10T21:14:33","guid":{"rendered":"https:\/\/www.ics.gob.cu\/?p=7325"},"modified":"2025-06-10T21:18:14","modified_gmt":"2025-06-10T21:18:14","slug":"posgrado-sobre-regulacion-publicitaria-una-contribucion-decisiva-al-desarrollo-de-cuba","status":"publish","type":"post","link":"https:\/\/www.ics.gob.cu\/en\/posgrado-sobre-regulacion-publicitaria-una-contribucion-decisiva-al-desarrollo-de-cuba\/","title":{"rendered":"POSGRADO SOBRE REGULACI\u00d3N PUBLICITARIA: UNA CONTRIBUCI\u00d3N DECISIVA AL DESARROLLO DE CUBA"},"content":{"rendered":"<div class=\"pdfprnt-buttons pdfprnt-buttons-post pdfprnt-top-right\"><a href=\"https:\/\/www.ics.gob.cu\/en\/wp-json\/wp\/v2\/posts\/7325?print=print\" class=\"pdfprnt-button pdfprnt-button-print\" target=\"_blank\" ><img decoding=\"async\" src=\"https:\/\/www.ics.gob.cu\/wp-content\/plugins\/pdf-print\/images\/print.png\" alt=\"image_print\" title=\"Print Content\" \/><\/a><\/div>\n<p>Como un paso decisivo para la correcta implementaci\u00f3n de la Ley 162\/2023 \u201cDe Comunicaci\u00f3n Social\u201d y sus disposiciones normativas reglamentarias, se considera el posgrado sobre Regulaci\u00f3n Publicitaria, recientemente concluido en la Escuela Ramal del Instituto de Informaci\u00f3n y Comunicaci\u00f3n Social (ICS).<\/p>\n\n\n\n<p>Se trata de un programa acad\u00e9mico dirigido a fomentar conocimientos sobre el marco normativo vigente, una formaci\u00f3n especializada para garantizar que la publicidad en Cuba se desarrolle bajo un marco legal claro, \u00e9tico y respetuoso de la identidad y valores nacionales, contribuyendo al fortalecimiento del sistema de comunicaci\u00f3n social del pa\u00eds.<\/p>\n\n\n\n<p>El posgrado se desarroll\u00f3 en cuatro clases, que abordaron temas esenciales para comprender y aplicar la regulaci\u00f3n publicitaria cubana:<\/p>\n\n\n\n<p><strong>Antecedentes de la publicidad en Cuba:<\/strong> Se analiz\u00f3 la evoluci\u00f3n hist\u00f3rica de la publicidad en el pa\u00eds contextualizando la necesidad y el impacto de la nueva normativa en el sistema de comunicaci\u00f3n social cubano.<\/p>\n\n\n\n<p><strong>Regulaciones seg\u00fan el marco normativo vigente:<\/strong> Se profundiz\u00f3 en la Ley 162\/2023 y el Decreto 102\/2024, que establecen un marco legal para la publicidad y el patrocinio, definiendo conceptos clave como publicidad (comunicaci\u00f3n con fines comerciales) y patrocinio (relaci\u00f3n de intercambio con notoriedad para el patrocinador). En este sentido, se enfatiz\u00f3 en la obligatoriedad de establecer v\u00ednculos contractuales y lo referente a un grupo de productos que est\u00e1n regulados, as\u00ed como la protecci\u00f3n especial a grupos vulnerables como ni\u00f1os, adolescentes, mujeres, personas adultas mayores y personas en situaci\u00f3n de discapacidad.<\/p>\n\n\n\n<p><strong><a href=\"https:\/\/www.ics.gob.cu\/en\/insercion-y-difusion-de-publicidad-en-los-medios\/\">Publicidad y patrocinio en los medios de comunicaci\u00f3n social:<\/a><\/strong> Se explic\u00f3 la regulaci\u00f3n espec\u00edfica para la inserci\u00f3n de anuncios en radio, televisi\u00f3n, agencias de noticias y medios impresos y digitales, destacando la transparencia, veracidad, respeto a la identidad cultural y la prohibici\u00f3n de contenidos que promuevan la discriminaci\u00f3n y\/o la violencia. Se resalt\u00f3 la corresponsabilidad jur\u00eddica de los actores del proceso publicitario: anunciantes, agencias, creativos y medios.<\/p>\n\n\n\n<p><strong><a href=\"https:\/\/www.ics.gob.cu\/en\/comunicacion-via-publica-y-exteriores\/\">Publicidad en v\u00eda p\u00fablica y exteriores:<\/a><\/strong> Se abordaron las normas vigentes para la publicidad en espacios f\u00edsicos, como vallas, colgantes y otros soportes exteriores, regulando su contenido para garantizar el respeto a la est\u00e9tica urbana y valores sociales, en concordancia con la Ley y el Decreto.<\/p>\n\n\n\n<p>La formaci\u00f3n incluy\u00f3 tambi\u00e9n an\u00e1lisis de casos pr\u00e1cticos, debates sobre la protecci\u00f3n de derechos y la gesti\u00f3n de la publicidad en diferentes plataformas.<\/p>\n\n\n\n<p>Este posgrado permite, adem\u00e1s, actualizar a los profesionales, dot\u00e1ndolos de herramientas para desarrollar el ejercicio de la publicidad y el patrocinio de forma \u00e9tica, responsable y acorde con lo dispuesto en las normativas vigentes, que comprendan el papel de la publicidad como parte integral del sistema de comunicaci\u00f3n social, vinculada a los \u00e1mbitos organizacional, medi\u00e1tico y comunitario, y su decisiva contribuci\u00f3n al desarrollo econ\u00f3mico, social y cultural del pa\u00eds.<\/p>\n<div class=\"pld-like-dislike-wrap pld-template-1\">\r\n    <div class=\"pld-like-wrap  pld-common-wrap\">\r\n    <a href=\"javascript:void(0)\" class=\"pld-like-trigger pld-like-dislike-trigger\" title=\"\" data-post-id=\"7325\" data-trigger-type=\"like\" data-restriction=\"cookie\" data-already-liked=\"0\">\r\n                        <i class=\"fas fa-thumbs-up\"><\/i>\r\n                <\/a>\r\n    <span class=\"pld-like-count-wrap pld-count-wrap\">3    <\/span>\r\n<\/div><div class=\"pld-dislike-wrap  pld-common-wrap\">\r\n    <a href=\"javascript:void(0)\" class=\"pld-dislike-trigger pld-like-dislike-trigger\" title=\"\" data-post-id=\"7325\" data-trigger-type=\"dislike\" data-restriction=\"cookie\" data-already-liked=\"0\">\r\n                        <i class=\"fas fa-thumbs-down\"><\/i>\r\n                <\/a>\r\n    <span class=\"pld-dislike-count-wrap pld-count-wrap\">0<\/span>\r\n<\/div><\/div>","protected":false},"excerpt":{"rendered":"<p>Como un paso decisivo para la correcta implementaci\u00f3n de la Ley 162\/2023 \u201cDe Comunicaci\u00f3n Social\u201d y sus disposiciones normativas reglamentarias, se considera el posgrado sobre Regulaci\u00f3n Publicitaria, recientemente concluido en la Escuela Ramal del Instituto de Informaci\u00f3n y Comunicaci\u00f3n Social (ICS). Se trata de un programa acad\u00e9mico dirigido a fomentar conocimientos sobre el marco normativo [&hellip;]<\/p>\n","protected":false},"author":7,"featured_media":7326,"comment_status":"open","ping_status":"closed","sticky":false,"template":"","format":"standard","meta":{"_bbp_topic_count":0,"_bbp_reply_count":0,"_bbp_total_topic_count":0,"_bbp_total_reply_count":0,"_bbp_voice_count":0,"_bbp_anonymous_reply_count":0,"_bbp_topic_count_hidden":0,"_bbp_reply_count_hidden":0,"_bbp_forum_subforum_count":0,"_glsr_average":0,"_glsr_ranking":0,"_glsr_reviews":0,"footnotes":""},"categories":[10],"tags":[47,7,59,39,65],"class_list":["post-7325","post","type-post","status-publish","format-standard","has-post-thumbnail","hentry","category-nacionales","tag-comunicacion-social","tag-cuba","tag-educacion-para-la-comunicacion","tag-ics","tag-publicidad-y-patrocinio"],"acf":[],"_links":{"self":[{"href":"https:\/\/www.ics.gob.cu\/en\/wp-json\/wp\/v2\/posts\/7325","targetHints":{"allow":["GET"]}}],"collection":[{"href":"https:\/\/www.ics.gob.cu\/en\/wp-json\/wp\/v2\/posts"}],"about":[{"href":"https:\/\/www.ics.gob.cu\/en\/wp-json\/wp\/v2\/types\/post"}],"author":[{"embeddable":true,"href":"https:\/\/www.ics.gob.cu\/en\/wp-json\/wp\/v2\/users\/7"}],"replies":[{"embeddable":true,"href":"https:\/\/www.ics.gob.cu\/en\/wp-json\/wp\/v2\/comments?post=7325"}],"version-history":[{"count":2,"href":"https:\/\/www.ics.gob.cu\/en\/wp-json\/wp\/v2\/posts\/7325\/revisions"}],"predecessor-version":[{"id":7329,"href":"https:\/\/www.ics.gob.cu\/en\/wp-json\/wp\/v2\/posts\/7325\/revisions\/7329"}],"wp:featuredmedia":[{"embeddable":true,"href":"https:\/\/www.ics.gob.cu\/en\/wp-json\/wp\/v2\/media\/7326"}],"wp:attachment":[{"href":"https:\/\/www.ics.gob.cu\/en\/wp-json\/wp\/v2\/media?parent=7325"}],"wp:term":[{"taxonomy":"category","embeddable":true,"href":"https:\/\/www.ics.gob.cu\/en\/wp-json\/wp\/v2\/categories?post=7325"},{"taxonomy":"post_tag","embeddable":true,"href":"https:\/\/www.ics.gob.cu\/en\/wp-json\/wp\/v2\/tags?post=7325"}],"curies":[{"name":"wp","href":"https:\/\/api.w.org\/{rel}","templated":true}]}}