{"id":7331,"date":"2025-06-13T20:33:53","date_gmt":"2025-06-13T20:33:53","guid":{"rendered":"https:\/\/www.ics.gob.cu\/?p=7331"},"modified":"2025-06-13T23:26:21","modified_gmt":"2025-06-13T23:26:21","slug":"hilda-saladrigas-premio-a-la-consagracion-al-compromiso-a-la-comunicacion-social-y-a-cuba","status":"publish","type":"post","link":"https:\/\/www.ics.gob.cu\/en\/hilda-saladrigas-premio-a-la-consagracion-al-compromiso-a-la-comunicacion-social-y-a-cuba\/","title":{"rendered":"Hilda Saladrigas: Premio a la consagraci\u00f3n, al compromiso, a la comunicaci\u00f3n social y a Cuba"},"content":{"rendered":"<div class=\"pdfprnt-buttons pdfprnt-buttons-post pdfprnt-top-right\"><a href=\"https:\/\/www.ics.gob.cu\/en\/wp-json\/wp\/v2\/posts\/7331?print=print\" class=\"pdfprnt-button pdfprnt-button-print\" target=\"_blank\" ><img decoding=\"async\" src=\"https:\/\/www.ics.gob.cu\/wp-content\/plugins\/pdf-print\/images\/print.png\" alt=\"image_print\" title=\"Print Content\" \/><\/a><\/div>\n<p>La Universidad de La Habana, faro del saber y crisol de ideas, abri\u00f3 hoy las puertas de su emblem\u00e1tica Aula Magna para un acto de trascendental significado: la entrega oficial del Premio Nacional de Comunicaci\u00f3n Social, en su primera edici\u00f3n, a la Doctora en Ciencias de la Comunicaci\u00f3n, Hilda Saladrigas Medina.<\/p>\n\n\n<div class=\"wp-block-image\">\n<figure class=\"aligncenter size-large is-resized\"><img loading=\"lazy\" decoding=\"async\" width=\"1024\" height=\"682\" src=\"https:\/\/www.ics.gob.cu\/wp-content\/uploads\/2025\/06\/1-1024x682.jpeg\" alt=\"\" class=\"wp-image-7342\" style=\"width:520px;height:auto\" srcset=\"https:\/\/www.ics.gob.cu\/wp-content\/uploads\/2025\/06\/1-1024x682.jpeg 1024w, https:\/\/www.ics.gob.cu\/wp-content\/uploads\/2025\/06\/1-300x200.jpeg 300w, https:\/\/www.ics.gob.cu\/wp-content\/uploads\/2025\/06\/1-768x512.jpeg 768w, https:\/\/www.ics.gob.cu\/wp-content\/uploads\/2025\/06\/1-1536x1023.jpeg 1536w, https:\/\/www.ics.gob.cu\/wp-content\/uploads\/2025\/06\/1.jpeg 1600w\" sizes=\"auto, (max-width: 1024px) 100vw, 1024px\" \/><\/figure>\n<\/div>\n\n\n<p>La emotiva ceremonia estuvo presidida por Maryd\u00e9 Fern\u00e1ndez L\u00f3pez, miembro del Comit\u00e9 Central del Partido Comunista de Cuba y vicejefa de su departamento ideol\u00f3gico, Alfonso Noya Mart\u00ednez, presidente del Instituto de Informaci\u00f3n y Comunicaci\u00f3n Social (ICS), la vicerrectora de la UH, Dra. C. Marta Moreno, as\u00ed como los vicepresidentes del ICS Jorge Lega\u00f1oa Alonso y Belkys P\u00e9rez Cruz, la presidenta de la Asociaci\u00f3n Cubana de Comunicadores Sociales (ACCS), Rosa Mar\u00eda P\u00e9rez Guti\u00e9rrez y la vicepresidenta primera de la UPEC, Bolivia Tamara Cruz.<\/p>\n\n\n\n<p>Asistieron, adem\u00e1s, otros directivos del ICS y sus entidades subordinadas, de la ACCS, la UPEC, la Facultad de Comunicaci\u00f3n de la UH y diversas instituciones acad\u00e9micas, miembros de la Comisi\u00f3n Nacional Evaluadora que otorg\u00f3 el Premio, directores de comunicaci\u00f3n de Organismos de la Administraci\u00f3n Central del Estado, de organizaciones medi\u00e1ticas y familiares de la homenajeada.<\/p>\n\n\n\n<p class=\"has-text-align-center\"><br><strong>HONORES A QUIENES LO MERECEN<\/strong><\/p>\n\n\n\n<p>En nombre de la Comisi\u00f3n Nacional Evaluadora del Premio, intervino su presidente, Humberto Fabi\u00e1n Su\u00e1rez, quien record\u00f3 que con la entrega del mismo se cumple un mandato de la Ley 162\/2023 \u201cDe Comunicaci\u00f3n Social\u201d y que se recibieron nominaciones de todas las provincias y el municipio especial Isla de la Juventud, la ACCS, la UPEC, la FCOM, la Radio y la Televisi\u00f3n cubanas.<\/p>\n\n\n<div class=\"wp-block-image\">\n<figure class=\"aligncenter size-large is-resized\"><img loading=\"lazy\" decoding=\"async\" width=\"1024\" height=\"971\" src=\"https:\/\/www.ics.gob.cu\/wp-content\/uploads\/2025\/06\/okkkkk-1024x971.jpeg\" alt=\"\" class=\"wp-image-7333\" style=\"width:480px;height:auto\" srcset=\"https:\/\/www.ics.gob.cu\/wp-content\/uploads\/2025\/06\/okkkkk-1024x971.jpeg 1024w, https:\/\/www.ics.gob.cu\/wp-content\/uploads\/2025\/06\/okkkkk-300x284.jpeg 300w, https:\/\/www.ics.gob.cu\/wp-content\/uploads\/2025\/06\/okkkkk-768x728.jpeg 768w, https:\/\/www.ics.gob.cu\/wp-content\/uploads\/2025\/06\/okkkkk-1536x1456.jpeg 1536w, https:\/\/www.ics.gob.cu\/wp-content\/uploads\/2025\/06\/okkkkk.jpeg 1699w\" sizes=\"auto, (max-width: 1024px) 100vw, 1024px\" \/><\/figure>\n<\/div>\n\n\n<p>\u201cLa calidad de los expedientes denot\u00f3 un serio trabajo de las comisiones creadas al efecto y evidenci\u00f3 un importante potencial profesional en el pa\u00eds que es resultado de tant\u00edsimos a\u00f1os de estudio, excelentes pr\u00e1cticas y resultados que explican los avances registrados en la comunicacion social cubana que contribuyen a la formacion de una cultura comunicacional a la altura de las necesidades de un pais sometido a los embates de una guerra cultural destinada a desmontar las esencias mismas de nuestra identidad, erosionar la confianza del pueblo en la Revoluci\u00f3n y su direccion y en ultima instancia, destruir las bases mismas de un proceso genuinamente comprometido con la defensa de la soberania, la independencia nacional, el desarrollo y bienestar de nuestro pueblo\u201d, se\u00f1al\u00f3.<\/p>\n\n\n\n<p>Fabi\u00e1n Su\u00e1rez agreg\u00f3 que nadie es profeta en su tierra pero en el caso de la Dra. Hilda Saladrigas encontramos una excepci\u00f3n, pues se trata del referente vivo, en Cuba, m\u00e1s importante de la comunicaci\u00f3n social, aunque su obra trasciende las fronteras nacionales.<\/p>\n\n\n<div class=\"wp-block-image\">\n<figure class=\"aligncenter size-large is-resized\"><img loading=\"lazy\" decoding=\"async\" width=\"1024\" height=\"682\" src=\"https:\/\/www.ics.gob.cu\/wp-content\/uploads\/2025\/06\/FABIAN-OKK-1024x682.jpeg\" alt=\"\" class=\"wp-image-7346\" style=\"width:512px;height:auto\" srcset=\"https:\/\/www.ics.gob.cu\/wp-content\/uploads\/2025\/06\/FABIAN-OKK-1024x682.jpeg 1024w, https:\/\/www.ics.gob.cu\/wp-content\/uploads\/2025\/06\/FABIAN-OKK-300x200.jpeg 300w, https:\/\/www.ics.gob.cu\/wp-content\/uploads\/2025\/06\/FABIAN-OKK-768x512.jpeg 768w, https:\/\/www.ics.gob.cu\/wp-content\/uploads\/2025\/06\/FABIAN-OKK-1536x1023.jpeg 1536w, https:\/\/www.ics.gob.cu\/wp-content\/uploads\/2025\/06\/FABIAN-OKK.jpeg 1600w\" sizes=\"auto, (max-width: 1024px) 100vw, 1024px\" \/><\/figure>\n<\/div>\n\n\n<p>Reconoci\u00f3 como un imposible resumir en pocas palabras la trayectoria, la hoja de trabajo y de vida de Hilda pues \u201cpocos han escapado a su enjundioso y apasionado discurso profesional, en las aulas de los m\u00e1s diversos y encumbrados centros universitarios, sin obviar su incansable defensa de nuestras disciplinas en cualquier lugar y desde cualquier tribuna que ha demandado de su experiencia y conocimientos\u201d.<\/p>\n\n\n\n<p>Agreg\u00f3 que su pasi\u00f3n desbordada y sus vastos conocimientos han contribuido a la formaci\u00f3n de numerosas generaciones de comunicadores sociales cubanos y de otras latitudes, pues acad\u00e9micos, especialistas, directivos; alumnos todos, han encontrado en ella, no solo su maestr\u00eda profesional, sino tambi\u00e9n, su decidido compromiso con la causa revolucionaria, que ha defendido y defiende en cualquier lugar donde sus compromisos profesionales internacionales lo han demandado\u201d.<\/p>\n\n\n\n<p class=\"has-text-align-center\"><br><strong>HACER COMUNICACI\u00d3N DESDE UNA PRAXIS TRANSFORMADORA, EMANCIPADORA<\/strong><\/p>\n\n\n<div class=\"wp-block-image\">\n<figure class=\"aligncenter size-full is-resized\"><img loading=\"lazy\" decoding=\"async\" width=\"719\" height=\"780\" src=\"https:\/\/www.ics.gob.cu\/wp-content\/uploads\/2025\/06\/HILDA-okkk.jpeg\" alt=\"\" class=\"wp-image-7336\" style=\"width:453px;height:auto\" srcset=\"https:\/\/www.ics.gob.cu\/wp-content\/uploads\/2025\/06\/HILDA-okkk.jpeg 719w, https:\/\/www.ics.gob.cu\/wp-content\/uploads\/2025\/06\/HILDA-okkk-277x300.jpeg 277w\" sizes=\"auto, (max-width: 719px) 100vw, 719px\" \/><\/figure>\n<\/div>\n\n\n<p>Visiblemente emocionada, luego de recibir su premio y otros reconocimientos de la ACCS y la UPEC, Hilda Saladrigas dijo a los presentes: \u201cLo acepto m\u00e1s que nada por disciplina, porque estoy consciente de que lo merecen cada uno de los nominados y tambi\u00e9n cada una de las personas que me han acompa\u00f1ado a lo largo de mis 37 a\u00f1os de vida profesional\u00bb.<\/p>\n\n\n\n<p>\u00abMe alegra sobremanera que el Instituto haya concebido este reconocimiento, pues lo veo como un premio a la academia, a la investigaci\u00f3n leg\u00edtima, la docencia y la teor\u00eda en temas de comunicaci\u00f3n, que es la base para luego tener una pr\u00e1ctica correcta y eficiente en todos los procesos comunicacionales\u00bb, destac\u00f3.<\/p>\n\n\n<div class=\"wp-block-image\">\n<figure class=\"aligncenter size-large is-resized\"><img loading=\"lazy\" decoding=\"async\" width=\"1024\" height=\"682\" src=\"https:\/\/www.ics.gob.cu\/wp-content\/uploads\/2025\/06\/ROSA-MARIA-1024x682.jpeg\" alt=\"\" class=\"wp-image-7349\" style=\"width:574px;height:auto\" srcset=\"https:\/\/www.ics.gob.cu\/wp-content\/uploads\/2025\/06\/ROSA-MARIA-1024x682.jpeg 1024w, https:\/\/www.ics.gob.cu\/wp-content\/uploads\/2025\/06\/ROSA-MARIA-300x200.jpeg 300w, https:\/\/www.ics.gob.cu\/wp-content\/uploads\/2025\/06\/ROSA-MARIA-768x512.jpeg 768w, https:\/\/www.ics.gob.cu\/wp-content\/uploads\/2025\/06\/ROSA-MARIA-1536x1023.jpeg 1536w, https:\/\/www.ics.gob.cu\/wp-content\/uploads\/2025\/06\/ROSA-MARIA.jpeg 1600w\" sizes=\"auto, (max-width: 1024px) 100vw, 1024px\" \/><\/figure>\n<\/div>\n\n\n<p>La profesora e investigadora reflexion\u00f3 entonces sobre el convulso y desafiante contexto internacional que se vive hoy, permeado de guerras injustas y mecanismos de comunicaci\u00f3n que sobredimensiona y manipulan estos conflictos y resalt\u00f3 que en Cuba estamos haciendo comunicaci\u00f3n y en este bregar que se construye cotidianamente hay que proponernos comunicar desde una praxis transformadora, con el principio marxista y humanista como premisa y lejos de la manipulaci\u00f3n y la falsedad. \u201cEste debe ser el prop\u00f3sito y el hecho de la comunicaci\u00f3n en nuestro pa\u00eds\u201d.<\/p>\n\n\n\n<p>De manera especial signific\u00f3 la crueldad contra el pueblo palestino, la peligrosidad de los ataques de Israel contra Ir\u00e1n hace apenas unas horas y la importancia de volver una y otra vez a referentes de dignidad, altruismo, intransigencia revolucionaria y un hacer comunicacional a\u00fan por estudiar, como Maceo y Che \u2013 a quien se rendir\u00e1 homenaje por sus natalicios este 14 de junio \u2013, Armando Hart en su aniversario 95 y Fidel, que le ense\u00f1\u00f3 sobre todas las cosas a tener en cuenta la opini\u00f3n del pueblo como esencia para cualquier obra de vida en la Cuba revolucionaria.<\/p>\n\n\n<div class=\"wp-block-image\">\n<figure class=\"aligncenter size-large is-resized\"><img loading=\"lazy\" decoding=\"async\" width=\"1024\" height=\"768\" src=\"https:\/\/www.ics.gob.cu\/wp-content\/uploads\/2025\/06\/hilda-2-1024x768.jpeg\" alt=\"\" class=\"wp-image-7337\" style=\"width:535px;height:auto\" srcset=\"https:\/\/www.ics.gob.cu\/wp-content\/uploads\/2025\/06\/hilda-2-1024x768.jpeg 1024w, https:\/\/www.ics.gob.cu\/wp-content\/uploads\/2025\/06\/hilda-2-300x225.jpeg 300w, https:\/\/www.ics.gob.cu\/wp-content\/uploads\/2025\/06\/hilda-2-768x576.jpeg 768w, https:\/\/www.ics.gob.cu\/wp-content\/uploads\/2025\/06\/hilda-2-1536x1152.jpeg 1536w, https:\/\/www.ics.gob.cu\/wp-content\/uploads\/2025\/06\/hilda-2-2048x1536.jpeg 2048w\" sizes=\"auto, (max-width: 1024px) 100vw, 1024px\" \/><\/figure>\n<\/div>\n\n\n<p>Hizo referencia, asimismo, a experiencias vividas durante su paso por los m\u00e1s diversos escenarios de trabajo que ha tenido dentro y fuera de Cuba. Agradeci\u00f3 a m\u00faltiples profesores que tambi\u00e9n desde la academia han sido imprescindibles no solo para ella, tambi\u00e9n para la comunicaci\u00f3n social en el pa\u00eds.<\/p>\n\n\n\n<p>Agradeci\u00f3 a sus pilares familiares y a sus amigos cercanos, sus compa\u00f1eros de profesi\u00f3n, a las instituciones a las que ha servido y que la han acogido y a sus alumnos, de los que ha aprendido las mayores ense\u00f1anzas de vida.<\/p>\n\n\n<div class=\"wp-block-image\">\n<figure class=\"aligncenter size-large is-resized\"><img loading=\"lazy\" decoding=\"async\" width=\"1024\" height=\"682\" src=\"https:\/\/www.ics.gob.cu\/wp-content\/uploads\/2025\/06\/BOLIVIA-1024x682.jpeg\" alt=\"\" class=\"wp-image-7348\" style=\"width:576px;height:auto\" srcset=\"https:\/\/www.ics.gob.cu\/wp-content\/uploads\/2025\/06\/BOLIVIA-1024x682.jpeg 1024w, https:\/\/www.ics.gob.cu\/wp-content\/uploads\/2025\/06\/BOLIVIA-300x200.jpeg 300w, https:\/\/www.ics.gob.cu\/wp-content\/uploads\/2025\/06\/BOLIVIA-768x512.jpeg 768w, https:\/\/www.ics.gob.cu\/wp-content\/uploads\/2025\/06\/BOLIVIA-1536x1023.jpeg 1536w, https:\/\/www.ics.gob.cu\/wp-content\/uploads\/2025\/06\/BOLIVIA.jpeg 1600w\" sizes=\"auto, (max-width: 1024px) 100vw, 1024px\" \/><\/figure>\n<\/div>\n\n\n<p>Y es que el reconocimiento a la profesora Hilda Saladrigas, m\u00e1s que merecido, resulta necesario, urgente en los tiempos que corren, aunque ella misma ha dicho en m\u00e1s de una ocasi\u00f3n que el mejor premio es el trabajo diario y sus frutos.<\/p>\n\n\n\n<p>Precisamente, as\u00ed ha vivido sus intensos a\u00f1os profesionales, con la decisi\u00f3n de ense\u00f1ar en todo el sentido de la palabra, con el inigualable don de la investigaci\u00f3n oportuna que luego se transforma en resultados palpables y con el prop\u00f3sito de hacer de Cuba una naci\u00f3n mejor desde la comunicaci\u00f3n eficaz, creativa, veraz y humana, como ella misma.<\/p>\n\n\n\n<p><\/p>\n<div class=\"pld-like-dislike-wrap pld-template-1\">\r\n    <div class=\"pld-like-wrap  pld-common-wrap\">\r\n    <a href=\"javascript:void(0)\" class=\"pld-like-trigger pld-like-dislike-trigger\" title=\"\" data-post-id=\"7331\" data-trigger-type=\"like\" data-restriction=\"cookie\" data-already-liked=\"0\">\r\n                        <i class=\"fas fa-thumbs-up\"><\/i>\r\n                <\/a>\r\n    <span class=\"pld-like-count-wrap pld-count-wrap\">0    <\/span>\r\n<\/div><div class=\"pld-dislike-wrap  pld-common-wrap\">\r\n    <a href=\"javascript:void(0)\" class=\"pld-dislike-trigger pld-like-dislike-trigger\" title=\"\" data-post-id=\"7331\" data-trigger-type=\"dislike\" data-restriction=\"cookie\" data-already-liked=\"0\">\r\n                        <i class=\"fas fa-thumbs-down\"><\/i>\r\n                <\/a>\r\n    <span class=\"pld-dislike-count-wrap pld-count-wrap\">0<\/span>\r\n<\/div><\/div>","protected":false},"excerpt":{"rendered":"<p>La Universidad de La Habana, faro del saber y crisol de ideas, abri\u00f3 hoy las puertas de su emblem\u00e1tica Aula Magna para un acto de trascendental significado: la entrega oficial del Premio Nacional de Comunicaci\u00f3n Social, en su primera edici\u00f3n, a la Doctora en Ciencias de la Comunicaci\u00f3n, Hilda Saladrigas Medina. La emotiva ceremonia estuvo [&hellip;]<\/p>\n","protected":false},"author":10,"featured_media":7351,"comment_status":"open","ping_status":"closed","sticky":false,"template":"","format":"standard","meta":{"_bbp_topic_count":0,"_bbp_reply_count":0,"_bbp_total_topic_count":0,"_bbp_total_reply_count":0,"_bbp_voice_count":0,"_bbp_anonymous_reply_count":0,"_bbp_topic_count_hidden":0,"_bbp_reply_count_hidden":0,"_bbp_forum_subforum_count":0,"_glsr_average":0,"_glsr_ranking":0,"_glsr_reviews":0,"footnotes":""},"categories":[10],"tags":[47,7,59,39,49,64],"class_list":["post-7331","post","type-post","status-publish","format-standard","has-post-thumbnail","hentry","category-nacionales","tag-comunicacion-social","tag-cuba","tag-educacion-para-la-comunicacion","tag-ics","tag-marca-pais","tag-revolucion-cubana"],"acf":[],"_links":{"self":[{"href":"https:\/\/www.ics.gob.cu\/en\/wp-json\/wp\/v2\/posts\/7331","targetHints":{"allow":["GET"]}}],"collection":[{"href":"https:\/\/www.ics.gob.cu\/en\/wp-json\/wp\/v2\/posts"}],"about":[{"href":"https:\/\/www.ics.gob.cu\/en\/wp-json\/wp\/v2\/types\/post"}],"author":[{"embeddable":true,"href":"https:\/\/www.ics.gob.cu\/en\/wp-json\/wp\/v2\/users\/10"}],"replies":[{"embeddable":true,"href":"https:\/\/www.ics.gob.cu\/en\/wp-json\/wp\/v2\/comments?post=7331"}],"version-history":[{"count":8,"href":"https:\/\/www.ics.gob.cu\/en\/wp-json\/wp\/v2\/posts\/7331\/revisions"}],"predecessor-version":[{"id":7355,"href":"https:\/\/www.ics.gob.cu\/en\/wp-json\/wp\/v2\/posts\/7331\/revisions\/7355"}],"wp:featuredmedia":[{"embeddable":true,"href":"https:\/\/www.ics.gob.cu\/en\/wp-json\/wp\/v2\/media\/7351"}],"wp:attachment":[{"href":"https:\/\/www.ics.gob.cu\/en\/wp-json\/wp\/v2\/media?parent=7331"}],"wp:term":[{"taxonomy":"category","embeddable":true,"href":"https:\/\/www.ics.gob.cu\/en\/wp-json\/wp\/v2\/categories?post=7331"},{"taxonomy":"post_tag","embeddable":true,"href":"https:\/\/www.ics.gob.cu\/en\/wp-json\/wp\/v2\/tags?post=7331"}],"curies":[{"name":"wp","href":"https:\/\/api.w.org\/{rel}","templated":true}]}}