{"id":7356,"date":"2025-06-14T15:53:05","date_gmt":"2025-06-14T15:53:05","guid":{"rendered":"https:\/\/www.ics.gob.cu\/?p=7356"},"modified":"2025-06-14T16:42:26","modified_gmt":"2025-06-14T16:42:26","slug":"palabras-de-la-dra-hilda-saladrigas-en-la-entrega-del-premio-nacional-de-comunicacion-social","status":"publish","type":"post","link":"https:\/\/www.ics.gob.cu\/en\/palabras-de-la-dra-hilda-saladrigas-en-la-entrega-del-premio-nacional-de-comunicacion-social\/","title":{"rendered":"Palabras de la Dra. Hilda Saladrigas en la entrega del Premio Nacional de Comunicaci\u00f3n Social"},"content":{"rendered":"<div class=\"pdfprnt-buttons pdfprnt-buttons-post pdfprnt-top-right\"><a href=\"https:\/\/www.ics.gob.cu\/en\/wp-json\/wp\/v2\/posts\/7356?print=print\" class=\"pdfprnt-button pdfprnt-button-print\" target=\"_blank\" ><img decoding=\"async\" src=\"https:\/\/www.ics.gob.cu\/wp-content\/plugins\/pdf-print\/images\/print.png\" alt=\"image_print\" title=\"Print Content\" \/><\/a><\/div>\n<p>Estimados miembros de la Presidencia,<\/p>\n\n\n\n<p>Estimados invitadas e invitados,<\/p>\n\n\n\n<p>Amigas y amigos. <\/p>\n\n\n\n<p>Ante todo, deseo FELICITAR a todas y todos los que fueron nominados a este PREMIO, segura de que son compa\u00f1eras y compa\u00f1eros de batallas infocomunicacionales en su sentido m\u00e1s amplio que, en estos \u00faltimos cuarenta a\u00f1os, m\u00e1s o menos, hemos tenido en nuestra Cuba y por nuestra Cuba, tan atacada, denigrada y vilipendiada sistem\u00e1ticamente, expuesta a trav\u00e9s de una lupa en todo lo que hace y dice, como casi ning\u00fan otro pa\u00eds.<\/p>\n\n\n\n<p>Muchos han vivido y viven sin escr\u00fapulo alguno de los dineros que jugosamente aporta hablar mal de quien te vio nacer, te ofreci\u00f3 lo necesario para vivir, crecer y formarte dignamente y a la altura de un primer mundo cuando apenas se re-produce como todos los del sur. Y eso lo ha hecho esta Revoluci\u00f3n en Cuba durante 65 a\u00f1os con luces y sombras.<\/p>\n\n\n\n<p>Llamo la atenci\u00f3n, sobre la decisi\u00f3n a mi favor, que solo hice pininos pr\u00e1cticos de producci\u00f3n comunicativa all\u00e1 por 1988 cuando comenc\u00e9 mi labor profesional en el Telecentro Tele Turquino (antiguo Tele Rebelde) en un puesto de investigadora de medios, pero quien me acogi\u00f3 como jefa; mi querida Yolanda Franco, me dijo que no se pod\u00edan investigar los medios si estos no se conoc\u00edan, y as\u00ed pas\u00e9 por todos los provinciales santiagueros: la prensa impresa (Peri\u00f3dico Sierra Maestra), la radio provincial y municipal (Radio CMKC y Radio Mamb\u00ed) y casi todas las \u00e1reas creativas de la televisi\u00f3n. Y esto es importante porque una parte trascendental del quehacer que hoy se me evoca lo he desempe\u00f1ado en la docencia e investigaci\u00f3n; y ese reconocimiento para mi habla a favor de la conciencia en nuestros gremios de la necesaria unidad que debe existir entre la pr\u00e1ctica de producci\u00f3n y gesti\u00f3n de la comunicaci\u00f3n social, su ense\u00f1anza e investigaci\u00f3n. <\/p>\n\n\n\n<figure class=\"wp-block-image size-large\"><img loading=\"lazy\" decoding=\"async\" width=\"1024\" height=\"682\" src=\"https:\/\/www.ics.gob.cu\/wp-content\/uploads\/2025\/06\/PORTADA-OKKK-1024x682.jpeg\" alt=\"\" class=\"wp-image-7351\" srcset=\"https:\/\/www.ics.gob.cu\/wp-content\/uploads\/2025\/06\/PORTADA-OKKK-1024x682.jpeg 1024w, https:\/\/www.ics.gob.cu\/wp-content\/uploads\/2025\/06\/PORTADA-OKKK-300x200.jpeg 300w, https:\/\/www.ics.gob.cu\/wp-content\/uploads\/2025\/06\/PORTADA-OKKK-768x512.jpeg 768w, https:\/\/www.ics.gob.cu\/wp-content\/uploads\/2025\/06\/PORTADA-OKKK-1536x1023.jpeg 1536w, https:\/\/www.ics.gob.cu\/wp-content\/uploads\/2025\/06\/PORTADA-OKKK.jpeg 1600w\" sizes=\"auto, (max-width: 1024px) 100vw, 1024px\" \/><\/figure>\n\n\n\n<p>Todas ellas tan dis\u00edmiles en t\u00e9cnicas, especialidades, oficios y profesiones, pero a la vez tan complementarias, tan \u00e1vidas y urgidas de la unidad en la diversidad, si ciertamente queremos y debemos HACER COMUNICACI\u00d3N SOCIAL.<\/p>\n\n\n\n<p>Hoy es un d\u00eda de j\u00fabilo y alegr\u00eda para m\u00ed, dado el reconocimiento que se me otorga, sin embargo, cierta tristeza me embarga. No se puede ser del todo feliz, con un m\u00ednimo de humanidad si est\u00e1n muriendo cientos de miles de ni\u00f1as y ni\u00f1os palestinos en la franja de Gaza y zonas adyacentes del Medio Oriente por el obrar impune de un pa\u00eds fascista al que no frena la opini\u00f3n p\u00fablica internacional, la diplomacia p\u00fablica, ni siquiera el lobby negociador de los ya inoperantes organismos internacionales.<\/p>\n\n\n\n<p>No se puede ser feliz, con un m\u00ednimo de dignidad, si se est\u00e1n tratando como animales en caza a hermanos migrantes que han buscado vivir un sue\u00f1o perfecto vendido hist\u00f3ricamente por la maquinaria m\u00e1s grande de construcci\u00f3n simb\u00f3lica del planeta: Hollywood; y que para ello han dejado la piel y hasta la vida enriqueciendo con ese esfuerzo a Estados Unidos, y apoyando a sus familiares en pa\u00edses que esta gran potencia ha expoliado por a\u00f1os, vaci\u00e1ndola de su fuerza de trabajo \u00fatil y contaminado sus culturas y tradiciones. Bienvenidas entonces, las protestas de los hermanos chicanos en Los \u00c1ngeles y otras ciudades que alzan su voz y sus derechos olvidados.<\/p>\n\n\n\n<p>No se puede ser feliz, con un m\u00ednimo tranquilidad si se producen ataques arbitrarios que nos ponen al borde de una guerra nuclear como el injustificado bombardeo de Israel a Ir\u00e1n ayer en la noche. <\/p>\n\n\n\n<p>Es que ya vivimos una tercera guerra mundial proxy que de continuar aniquilar\u00eda el planeta que ya grita y nos devuelve un serio cambio clim\u00e1tico como respuesta a nuestras indolencias y desatinos.<\/p>\n\n\n\n<figure class=\"wp-block-image size-large\"><img loading=\"lazy\" decoding=\"async\" width=\"1024\" height=\"682\" src=\"https:\/\/www.ics.gob.cu\/wp-content\/uploads\/2025\/06\/BOLIVIA-1024x682.jpeg\" alt=\"\" class=\"wp-image-7348\" srcset=\"https:\/\/www.ics.gob.cu\/wp-content\/uploads\/2025\/06\/BOLIVIA-1024x682.jpeg 1024w, https:\/\/www.ics.gob.cu\/wp-content\/uploads\/2025\/06\/BOLIVIA-300x200.jpeg 300w, https:\/\/www.ics.gob.cu\/wp-content\/uploads\/2025\/06\/BOLIVIA-768x512.jpeg 768w, https:\/\/www.ics.gob.cu\/wp-content\/uploads\/2025\/06\/BOLIVIA-1536x1023.jpeg 1536w, https:\/\/www.ics.gob.cu\/wp-content\/uploads\/2025\/06\/BOLIVIA.jpeg 1600w\" sizes=\"auto, (max-width: 1024px) 100vw, 1024px\" \/><\/figure>\n\n\n\n<p>No se puede ser feliz, con un m\u00ednimo de integridad si las guerras se justifican con mentiras, con sofisticadas formas de construcci\u00f3n de la realidad, aparatos de vocer\u00eda serviles, medios de desinformaci\u00f3n monop\u00f3licos en la producci\u00f3n y distribuci\u00f3n de las \u201cnoticias\u201d, que se constituyen en los \u00fanicos instrumentos de un concierto monocorde que sin darnos cuenta se hacen las \u00fanicas voces a fuerza de censura, manipulaci\u00f3n y de una complicidad con los arquitectos de las guerras que los hacen parte de su avanzada blanda mediante propaganda tergiversadora que justifica a la vez que tergiversa todo. <\/p>\n\n\n\n<p>Ejemplos palpables: la guerra sucia que se lleva a cabo contra Rusia desde el occidente colectivo, con punto de partida en el conflicto construido y alimentado con Ucrania; y la guerra de las sanciones econ\u00f3micas y de aranceles contra China, con punto de partida en la hostilidad tambi\u00e9n edificada y nutrida con Taiw\u00e1n. No se puede ser feliz, con un m\u00ednimo de civismo, cuando en nuestro propio continente se alimenta la desestabilizaci\u00f3n interna y la injerencia en sus asuntos nacionales de pa\u00edses como Hait\u00ed, Venezuela, Colombia, Bolivia, Ecuador; o se apoyan gobiernos libertarios- fascistas muy convenientes al imperio norteamericano como El Salvador que sirve de c\u00e1rcel pagada por los Estados Unidos, o Argentina que condena impunemente a una mujer l\u00edder que mucho dio y pude dar a su pueblo, pero sin servilismo.<\/p>\n\n\n\n<p>Sin embargo, nos toca vivir este regocijo aqu\u00ed y ahora. Ese que nos da fuerzas para continuar trabajando y que mejor d\u00eda que este 13 de junio de 2025 cuando se cumplen 95 a\u00f1os del natalicio de un hombre de luces: Armando Hart D\u00e1valos. Martiano de convicci\u00f3n y acci\u00f3n al reconocer, entre otras cosas, el estilo dial\u00f3gico del Maestro para ense\u00f1ar, as\u00ed como su constante combate a la prensa enga\u00f1ifa y criminal que ya mostraba sus garras en la segunda mitad del siglo XIX. Un intelectual revolucionario para quien \u201cCultura y Comunicaci\u00f3n\u201d constituyen una s\u00edntesis integradora mediada y mediadora por la \u00c9tica. Mucho considero que se tiene que rescatar de su pensamiento en nuestras clases de Teor\u00eda de la Comunicaci\u00f3n y \u00c9tica de la Comunicaci\u00f3n.<\/p>\n\n\n\n<p>Y ma\u00f1ana 14 de junio, d\u00eda despu\u00e9s de esta entrega, se cumplen 180 a\u00f1os del nacimiento de Antonio Maceo, de quien Mart\u00ed dir\u00eda que \u201cten\u00eda tanta fuerza en el brazo como en el pensamiento\u201d, ese que nutre el habla, la comunicaci\u00f3n, el compromiso y la acci\u00f3n. <\/p>\n\n\n\n<p>Es tambi\u00e9n el cumplea\u00f1os 97 de Ernesto Guevara, nuestro querido Ch\u00e9 que adem\u00e1s de escribir poemas, excelentes discursos, art\u00edculos potentes para peri\u00f3dicos, hacer fotograf\u00eda, -crear Radio Rebelde, nuestra emblem\u00e1tica emisora de radio revolucionaria-, Prensa Latina, -la Agencia de Noticias que se necesitaba en Am\u00e9rica Latina para dar voz a los movimientos de liberaci\u00f3n-, agrup\u00f3 a los publicistas cubanos que al triunfo de la Revoluci\u00f3n decidieron quedarse para poner su t\u00e9cnica y experiencia al servicio de las nuevas ideas y formas de hacer comunicaci\u00f3n y propaganda; tambi\u00e9n creo las Asambleas de Producci\u00f3n y Servicios y el Manual del administrador para potenciar la necesaria participaci\u00f3n de los trabajadores en la toma de decisiones productivas y de los servicios, as\u00ed como la rendici\u00f3n de cuentas oportuna y necesaria de su labor a los administradores como servidores institucionales y p\u00fablicos.<\/p>\n\n\n\n<figure class=\"wp-block-image size-large\"><img loading=\"lazy\" decoding=\"async\" width=\"1024\" height=\"682\" src=\"https:\/\/www.ics.gob.cu\/wp-content\/uploads\/2025\/06\/1000347328-1024x682.jpg\" alt=\"\" class=\"wp-image-7357\" srcset=\"https:\/\/www.ics.gob.cu\/wp-content\/uploads\/2025\/06\/1000347328-1024x682.jpg 1024w, https:\/\/www.ics.gob.cu\/wp-content\/uploads\/2025\/06\/1000347328-300x200.jpg 300w, https:\/\/www.ics.gob.cu\/wp-content\/uploads\/2025\/06\/1000347328-768x512.jpg 768w, https:\/\/www.ics.gob.cu\/wp-content\/uploads\/2025\/06\/1000347328-1536x1023.jpg 1536w, https:\/\/www.ics.gob.cu\/wp-content\/uploads\/2025\/06\/1000347328.jpg 1600w\" sizes=\"auto, (max-width: 1024px) 100vw, 1024px\" \/><\/figure>\n\n\n\n<p>Ambos hombres y recios revolucionarios de su tiempo, cuya obra estuvo matizada por pr\u00e1cticas comunicativas diversas: informativas- anal\u00edticas; educativas- persuasivas; interactivas- conversacionales; reflexivas- interpretativas; cooperativas- comprometidas todas con la fuerza del ejemplo. Porque no se puede hacer Revoluci\u00f3n, ni Pol\u00edtica, ni Econom\u00eda; ni conducir y articular hombres valientes y con criterios sin discutir, argumentar, contra- argumentar, y unir en precarias condiciones materiales, sin realizar verdaderos ejercicios de di\u00e1logo, de confrontaci\u00f3n, de entendimiento, de discernimiento, de construcci\u00f3n de hegemon\u00eda entre el disenso y el consenso. <\/p>\n\n\n\n<p>Es la comunicaci\u00f3n social, como mediadora de la comprensi\u00f3n que necesita la acci\u00f3n unida, lo que avala su condici\u00f3n de pilar del Gobierno socialista cubano. Envuelve en su significaci\u00f3n esta ceremonia el que, por estos d\u00edas, particularmente el 5 de junio se cumpli\u00f3 el primer a\u00f1o de la publicaci\u00f3n en la Gaceta Oficial de la Rep\u00fablica de Cuba de la Ley 162 de Comunicaci\u00f3n Social, aprobada por la Asamblea Nacional del Poder Popular el 23 de mayo de 2023, y cuya entrada en vigor se produjo el 4 de octubre de 2024. <\/p>\n\n\n\n<p>Este ha sido un proceso importante que ha marcado un hito en la Institucionalizaci\u00f3n de las pr\u00e1cticas oficiosas y profesionales de la Comunicaci\u00f3n Social en el pa\u00eds, denominaci\u00f3n paraguas de todas aquellas formas expresivas de la realidad objetiva y subjetiva que no las demerita, sino que las engrandece y ensancha.<\/p>\n\n\n\n<p>Aqu\u00ed un alto para apuntar que el surgimiento y desarrollo de la comunicaci\u00f3n social en palabras de Carlos Marx y Federico Engels en la Ideolog\u00eda Alemana (como lenguaje) fue junto al trabajo, la praxis que nos transform\u00f3 en homo sapiens por tanto que su origen es hist\u00f3rico y concreto. Que muy pronto se lig\u00f3 con t\u00e9cnicas ancestrales al ejercicio del poder comunal, participativo, cooperativo, que no de la dominaci\u00f3n, lo que vino mucho despu\u00e9s con las sociedades desp\u00f3ticas que lo estrangulan como proceso y lo asociaron a tecnolog\u00edas, lo que llega a nuestros d\u00edas. Y eso es lo que debemos cuidar: no dejarnos arrastrar por la imposici\u00f3n de pr\u00e1cticas, lecturas y definiciones tergiversadoras y manipuladoras sobre la comunicaci\u00f3n social que nos llega, elaborada y refinada desde el occidente colectivo con total conciencia de ello en un gran rompecabezas como para no entender mucho, ahora sobre autopistas dise\u00f1adas para la navegaci\u00f3n digital, para si hacer y adoptar, con el embrujo de la inmediatez, lo que se nos dice. <\/p>\n\n\n\n<p>Ah\u00ed es muy v\u00e1lida la alerta de los pensadores y fil\u00f3sofos contra heg\u00e9monicos, fundamentalmente latinoamericanos y caribe\u00f1os como Enrique Dussel y Ram\u00f3n Grosfoguel que nos invitan a decolonizar el pensamiento en general, a lo que agrego es impostergable en las pr\u00e1cticas y estudios sobre la comunicaci\u00f3n. <\/p>\n\n\n\n<p>Mucho de tergiversaci\u00f3n se puede observar en ellos, construidos a imagen y semejanza de sus sociedades, intereses y modos de ver el mundo que no tiene y ni debe ser el nuestro. Solo as\u00ed podremos ser m\u00e1s conscientes para saber \u00bfQu\u00e9 hacer? comunicacionalmente en Revoluci\u00f3n proletaria como se preguntaba ingeniosamente Lenin enfrentado los ataques de la contrarrevoluci\u00f3n rusa que no escatimaba en t\u00e9cnicas como la contrapropaganda period\u00edstica, radial y pol\u00edtica. <\/p>\n\n\n\n<p>Seremos m\u00e1s conscientes de las alertas que nos hac\u00eda Eduardo Galeano al referirnos \u201castuto enemigo, sin duda, que condena las consecuencias de sus propios actos\u201d. Estaremos en mejores condiciones para luchar por una UTOP\u00cdA COMUNICACIONAL \u201cComunicar como interacci\u00f3n social, praxis, transformaci\u00f3n donde surgen los signos, o sea las palabras, im\u00e1genes, sonidos, silencios que interiorizamos mediante el pensamiento para luego devolverlos como lenguaje con significados que permiten tejer los hilos de un manto de humanidad compartida, donde ning\u00fan hilo prevalezca, porque todos sostienen la trama, con y medios, con o sin mediaciones\u201d, pero dentro de la cultura que nos constituye y que constituimos como sujetos individuales y colectivos, como nos dijera Vigotsky. <\/p>\n\n\n\n<figure class=\"wp-block-image size-large\"><img loading=\"lazy\" decoding=\"async\" width=\"1024\" height=\"682\" src=\"https:\/\/www.ics.gob.cu\/wp-content\/uploads\/2025\/06\/1000347324-1024x682.jpg\" alt=\"\" class=\"wp-image-7358\" srcset=\"https:\/\/www.ics.gob.cu\/wp-content\/uploads\/2025\/06\/1000347324-1024x682.jpg 1024w, https:\/\/www.ics.gob.cu\/wp-content\/uploads\/2025\/06\/1000347324-300x200.jpg 300w, https:\/\/www.ics.gob.cu\/wp-content\/uploads\/2025\/06\/1000347324-768x512.jpg 768w, https:\/\/www.ics.gob.cu\/wp-content\/uploads\/2025\/06\/1000347324-1536x1023.jpg 1536w, https:\/\/www.ics.gob.cu\/wp-content\/uploads\/2025\/06\/1000347324.jpg 1600w\" sizes=\"auto, (max-width: 1024px) 100vw, 1024px\" \/><\/figure>\n\n\n\n<p>Ahora corresponde AGRADECER porque un trabajo de m\u00e1s 37 a\u00f1os no se hace en solitario. Por eso este Premio es de muchas personas que hoy encarno. Para todas y todos ellos MUCHAS FELICIDADES donde quiera que est\u00e9n: Mis padres, que me ense\u00f1aron a respetar, pero a decir lo que pensaba mirando a los ojos de las personas.A las varias familias en las que he compartido y mucho me han dado: la de mis parejas de vida, la de mis entra\u00f1ables amigos, la de mis alumnos. Especiales a mis dos hijos biol\u00f3gicos, mis mochilas porque siempre iban y van conmigo por la vida. Tambi\u00e9n a los hijos adoptivos que han estado a mi lado f\u00edsica y espiritualmente, en las buenas y en las malas, coincidiendo y hasta contradici\u00e9ndonos.<\/p>\n\n\n\n<p> Sin ellos nada tendr\u00eda sentido.A mis m\u00e9dicos que han sido muchos y todos me han cuidado sin paternalismo y me han ayudado a vivir desde los siete a\u00f1os con un padecimiento que no he puesto por delante para estudiar, trabajar, dirigir, vivir, tener mis hijos, y continuar.<\/p>\n\n\n\n<p>A mis maestros desde la primaria a la universidad porque todos me ense\u00f1aron contenidos y formas de convivir con los dem\u00e1s, de conocer la historia para amar a mi bella Cuba. Me mostraron la universalidad del pensamiento, la reflexi\u00f3n, la cr\u00edtica, el valor del arte y tambi\u00e9n de la cultura popular. Entre ellos incluyo aquellos que desde la Academia de la Comunicaci\u00f3n a nivel Internacional mucho han aportado a mi formaci\u00f3n y consolidaci\u00f3n inacabada como investigadora.<\/p>\n\n\n\n<p>A mis amigos por rega\u00f1arme, criticarme, ser mis c\u00f3mplices y consejeros, simplemente quererme. A mis compa\u00f1eros de trabajo por tolerarme, sobrellevarme, apoyarme, aconsejarme, contradecirme, ignorarme y a veces, olvidarme.A mis jefes, especialmente a Yolanda Franco por mostrarme el camino con ternura; Juan Esteban por exigirme y hacerme crecer; Luis Moya por la confianza en tiempos dif\u00edciles; Fabio Fern\u00e1ndez por la sabidur\u00eda y mesura; Julio Garc\u00eda Luis por la \u00e9tica, el humanismo y el profesionalismo que me mostr\u00f3.<\/p>\n\n\n\n<p>A la Asociaci\u00f3n Hermano Saiz por acogerme muy joven; a la Asociaci\u00f3n Cubana de Comunicadores Sociales por ser la casa; a la Uni\u00f3n de Periodistas de Cuba por el cari\u00f1o y el respeto. A estas organizaciones que me han ense\u00f1ado que en la UNIDAD de todas y todos est\u00e1 la fuerza y la inteligencia que la Comunicaci\u00f3n Social cubana tiene y que debe cultivar.<\/p>\n\n\n\n<p>Por \u00faltimo, y no por ello menos importante a Fidel Castro que a los 26 a\u00f1os me ense\u00f1\u00f3 de manera directa cara a cara, el valor que para \u00e9l ten\u00eda la Opini\u00f3n del Pueblo, actividad a la que dediqu\u00e9 cinco a\u00f1os de mi vida profesional en el Partido Comunista de Cuba. Y a los 40 a\u00f1os, en este mismo lugar, el Aula Magna de la Universidad de La Habana, el 5 de noviembre de 2005, me (nos) mostr\u00f3 cuan fr\u00e1gil pod\u00eda ser esta gran Revoluci\u00f3n que comenz\u00f3 en 1868 (casi 160 a\u00f1os de lucha y mucha sangre por medio), si nosotros no sab\u00edamos defenderla de los peligros externos e internos que la han acechado siempre. MUCHAS GRACIAS\u2026<\/p>\n\n\n\n<figure class=\"wp-block-embed is-type-rich is-provider-youtube wp-block-embed-youtube\"><div class=\"wp-block-embed__wrapper\">\n<blockquote class=\"embedly-card\" data-card-controls=\"1\" data-card-align=\"center\" data-card-theme=\"light\"><h4><a href=\"https:\/\/youtu.be\/aWpWfdvHBDc?si=upXcuUfGgWsZfmAq\">Entregan Premio Nacional de Comunicaci\u00f3n Social 2025 a Hilda Saladrigas<\/a><\/h4><p>El Premio Nacional de #Comunicaci\u00f3nSocial2025 se entreg\u00f3, en su primera edici\u00f3n, a la Doctora en Ciencias de la Comunicaci\u00f3n, Hilda Saladrigas Medina, por la Obra de la Vida.<\/p><\/blockquote><script async src=\"\/\/cdn.embedly.com\/widgets\/platform.js\" charset=\"UTF-8\"><\/script>\n<\/div><\/figure>\n<div class=\"pld-like-dislike-wrap pld-template-1\">\r\n    <div class=\"pld-like-wrap  pld-common-wrap\">\r\n    <a href=\"javascript:void(0)\" class=\"pld-like-trigger pld-like-dislike-trigger\" title=\"\" data-post-id=\"7356\" data-trigger-type=\"like\" data-restriction=\"cookie\" data-already-liked=\"0\">\r\n                        <i class=\"fas fa-thumbs-up\"><\/i>\r\n                <\/a>\r\n    <span class=\"pld-like-count-wrap pld-count-wrap\">2    <\/span>\r\n<\/div><div class=\"pld-dislike-wrap  pld-common-wrap\">\r\n    <a href=\"javascript:void(0)\" class=\"pld-dislike-trigger pld-like-dislike-trigger\" title=\"\" data-post-id=\"7356\" data-trigger-type=\"dislike\" data-restriction=\"cookie\" data-already-liked=\"0\">\r\n                        <i class=\"fas fa-thumbs-down\"><\/i>\r\n                <\/a>\r\n    <span class=\"pld-dislike-count-wrap pld-count-wrap\">0<\/span>\r\n<\/div><\/div>","protected":false},"excerpt":{"rendered":"<p>Estimados miembros de la Presidencia, Estimados invitadas e invitados, Amigas y amigos. Ante todo, deseo FELICITAR a todas y todos los que fueron nominados a este PREMIO, segura de que son compa\u00f1eras y compa\u00f1eros de batallas infocomunicacionales en su sentido m\u00e1s amplio que, en estos \u00faltimos cuarenta a\u00f1os, m\u00e1s o menos, hemos tenido en nuestra [&hellip;]<\/p>\n","protected":false},"author":7,"featured_media":7336,"comment_status":"open","ping_status":"closed","sticky":false,"template":"","format":"standard","meta":{"_bbp_topic_count":0,"_bbp_reply_count":0,"_bbp_total_topic_count":0,"_bbp_total_reply_count":0,"_bbp_voice_count":0,"_bbp_anonymous_reply_count":0,"_bbp_topic_count_hidden":0,"_bbp_reply_count_hidden":0,"_bbp_forum_subforum_count":0,"_glsr_average":0,"_glsr_ranking":0,"_glsr_reviews":0,"footnotes":""},"categories":[10],"tags":[47,7,39],"class_list":["post-7356","post","type-post","status-publish","format-standard","has-post-thumbnail","hentry","category-nacionales","tag-comunicacion-social","tag-cuba","tag-ics"],"acf":[],"_links":{"self":[{"href":"https:\/\/www.ics.gob.cu\/en\/wp-json\/wp\/v2\/posts\/7356","targetHints":{"allow":["GET"]}}],"collection":[{"href":"https:\/\/www.ics.gob.cu\/en\/wp-json\/wp\/v2\/posts"}],"about":[{"href":"https:\/\/www.ics.gob.cu\/en\/wp-json\/wp\/v2\/types\/post"}],"author":[{"embeddable":true,"href":"https:\/\/www.ics.gob.cu\/en\/wp-json\/wp\/v2\/users\/7"}],"replies":[{"embeddable":true,"href":"https:\/\/www.ics.gob.cu\/en\/wp-json\/wp\/v2\/comments?post=7356"}],"version-history":[{"count":5,"href":"https:\/\/www.ics.gob.cu\/en\/wp-json\/wp\/v2\/posts\/7356\/revisions"}],"predecessor-version":[{"id":7364,"href":"https:\/\/www.ics.gob.cu\/en\/wp-json\/wp\/v2\/posts\/7356\/revisions\/7364"}],"wp:featuredmedia":[{"embeddable":true,"href":"https:\/\/www.ics.gob.cu\/en\/wp-json\/wp\/v2\/media\/7336"}],"wp:attachment":[{"href":"https:\/\/www.ics.gob.cu\/en\/wp-json\/wp\/v2\/media?parent=7356"}],"wp:term":[{"taxonomy":"category","embeddable":true,"href":"https:\/\/www.ics.gob.cu\/en\/wp-json\/wp\/v2\/categories?post=7356"},{"taxonomy":"post_tag","embeddable":true,"href":"https:\/\/www.ics.gob.cu\/en\/wp-json\/wp\/v2\/tags?post=7356"}],"curies":[{"name":"wp","href":"https:\/\/api.w.org\/{rel}","templated":true}]}}