{"id":7375,"date":"2025-06-25T18:13:50","date_gmt":"2025-06-25T18:13:50","guid":{"rendered":"https:\/\/www.ics.gob.cu\/?p=7375"},"modified":"2025-06-25T18:36:16","modified_gmt":"2025-06-25T18:36:16","slug":"sesionara-en-el-ics-segundo-taller-de-comunicacion-comunitaria-desafios-y-potencialidades-en-el-contexto-cubano","status":"publish","type":"post","link":"https:\/\/www.ics.gob.cu\/en\/sesionara-en-el-ics-segundo-taller-de-comunicacion-comunitaria-desafios-y-potencialidades-en-el-contexto-cubano\/","title":{"rendered":"Sesionar\u00e1 en el ICS  Segundo Taller de Comunicaci\u00f3n Comunitaria \u00abDesaf\u00edos y potencialidades en el contexto cubano\u00bb"},"content":{"rendered":"<div class=\"pdfprnt-buttons pdfprnt-buttons-post pdfprnt-top-right\"><a href=\"https:\/\/www.ics.gob.cu\/en\/wp-json\/wp\/v2\/posts\/7375?print=print\" class=\"pdfprnt-button pdfprnt-button-print\" target=\"_blank\" ><img decoding=\"async\" src=\"https:\/\/www.ics.gob.cu\/wp-content\/plugins\/pdf-print\/images\/print.png\" alt=\"image_print\" title=\"Print Content\" \/><\/a><\/div>\n<p>Convocado por el Instituto de Informaci\u00f3n y Comunicaci\u00f3n Social (ICS), tendr\u00e1 lugar este jueves 26 y viernes 27, el Segundo Taller de Comunicaci\u00f3n Comunitaria \u00abDesaf\u00edos y potencialidades en el contexto cubano\u00bb.<\/p>\n\n\n\n<p>El encuentro tiene como objetivo  continuar profundizando en la gesti\u00f3n de los procesos de comunicaci\u00f3n social en este \u00e1mbito y sobre todo, socializar buenas pr\u00e1cticas y seguir construyendo colectivamente. Al respecto, el director de comunicaci\u00f3n comunitaria del ICS, Christian Luis Garc\u00eda coment\u00f3 que participar\u00e1n delegados de circunscripci\u00f3n,  comunicadores de los Organismos de la Administraci\u00f3n Central del Estado, de organizaciones de masas y sociales, empresas, entre otras entidades que se reunir\u00e1n en la sede del ICS para compartir sus experiencias. <\/p>\n\n\n<div class=\"wp-block-image\">\n<figure class=\"aligncenter size-full\"><img loading=\"lazy\" decoding=\"async\" width=\"719\" height=\"403\" src=\"https:\/\/www.ics.gob.cu\/wp-content\/uploads\/2025\/06\/IMG-20250625-WA0080.jpg\" alt=\"\" class=\"wp-image-7377\" srcset=\"https:\/\/www.ics.gob.cu\/wp-content\/uploads\/2025\/06\/IMG-20250625-WA0080.jpg 719w, https:\/\/www.ics.gob.cu\/wp-content\/uploads\/2025\/06\/IMG-20250625-WA0080-300x168.jpg 300w\" sizes=\"auto, (max-width: 719px) 100vw, 719px\" \/><\/figure>\n<\/div>\n\n\n<p>El directivo detall\u00f3 la importancia de intercambiar sobre qu\u00e9 se est\u00e1 haciendo en el \u00e1mbito de la comunicaci\u00f3n comunitaria y c\u00f3mo podemos continuar fortaleciendo e impulsando las pr\u00e1cticas cotidianas, c\u00f3mo desde el primer encuentro &#8211; realizado hace casi un a\u00f1o &#8211; se ha avanzado en lo referente a la interinstitucionalidad y la relaci\u00f3n con los diversos actores sociales a diferentes niveles. Estas son, precisamente, algunas de las interrogantes que estar\u00e1n presentes en los debates.<\/p>\n\n\n\n<p>\u00abLa comunicaci\u00f3n comunitaria hoy constituye un pilar esencial en el sistema de comunicaci\u00f3n social en Cuba porque es en la base donde se se desarrollan muchos de los principales procesos comunicativos. Es una voluntad del gobierno cubano tener los pies puestos en la tierra, escuchando al pueblo, reforzando el control popular y, efectivamente, es ah\u00ed donde todav\u00eda tenemos deudas, pero es importante el avance que se tiene en ese sentido\u00bb, expres\u00f3.<\/p>\n\n\n\n<p>Sobre el rol de los diversos actores econ\u00f3micos en las comunidades y su participaci\u00f3n en la transformaci\u00f3n del entorno donde est\u00e1n enclavadas, tambi\u00e9n se dialogar\u00e1 en este segundo Taller. \u00abEs muy importante que las empresas y otros actores econ\u00f3micos se vinculen al trabajo desde la comunidad, que conozcan sus necesidades puntuales, que contribuyan a su mejoramiento, a mejorar la calidad de vida de la poblaci\u00f3n donde est\u00e1n enclavados, a conocer sus necesidades b\u00e1sicas. Existen muy buenas experiencias en este sentido pero a\u00fan falta por hacer\u00bb, dijo Luis Garc\u00eda.<\/p>\n\n\n\n<p>Asimismo, recalc\u00f3 que tambi\u00e9n es necesario que desde la propia comunidad las personas sepan que pueden contar con los organismos, entidades, instituciones y diversos actores econ\u00f3micos, que se comuniquen y se vinculen a ellas en un di\u00e1logo estrecho de cooperaci\u00f3n. <\/p>\n\n\n\n<p>\u00abPienso que estamos en el momento ideal para que la comunicaci\u00f3n comunitaria despliegue todo el potencial que tiene. Estamos en un momento en el que tenemos muchas carencias desde el punto de vista econ\u00f3mico, material, pero es donde m\u00e1s debe potenciarse ese di\u00e1logo cara a cara, puerta a puerta, donde se hace urgente utilizar alternativas para informar a la poblaci\u00f3n, que requiere cada vez m\u00e1s informaci\u00f3n, exige informaci\u00f3n veraz, oportuna, contrastable, verificable, como lo dice nuestra Ley 162 \u00abDe Comunicaci\u00f3n Social\u00bb, y es voluntad del gobierno y de nuestro Instituto seguir preparando, apoyando e impulsando estos procesos\u00bb, asegur\u00f3 el director de Comunicaci\u00f3n Comunitaria del ICS.<\/p>\n<div class=\"pld-like-dislike-wrap pld-template-1\">\r\n    <div class=\"pld-like-wrap  pld-common-wrap\">\r\n    <a href=\"javascript:void(0)\" class=\"pld-like-trigger pld-like-dislike-trigger\" title=\"\" data-post-id=\"7375\" data-trigger-type=\"like\" data-restriction=\"cookie\" data-already-liked=\"0\">\r\n                        <i class=\"fas fa-thumbs-up\"><\/i>\r\n                <\/a>\r\n    <span class=\"pld-like-count-wrap pld-count-wrap\">1    <\/span>\r\n<\/div><div class=\"pld-dislike-wrap  pld-common-wrap\">\r\n    <a href=\"javascript:void(0)\" class=\"pld-dislike-trigger pld-like-dislike-trigger\" title=\"\" data-post-id=\"7375\" data-trigger-type=\"dislike\" data-restriction=\"cookie\" data-already-liked=\"0\">\r\n                        <i class=\"fas fa-thumbs-down\"><\/i>\r\n                <\/a>\r\n    <span class=\"pld-dislike-count-wrap pld-count-wrap\">0<\/span>\r\n<\/div><\/div>","protected":false},"excerpt":{"rendered":"<p>Convocado por el Instituto de Informaci\u00f3n y Comunicaci\u00f3n Social (ICS), tendr\u00e1 lugar este jueves 26 y viernes 27, el Segundo Taller de Comunicaci\u00f3n Comunitaria \u00abDesaf\u00edos y potencialidades en el contexto cubano\u00bb. El encuentro tiene como objetivo continuar profundizando en la gesti\u00f3n de los procesos de comunicaci\u00f3n social en este \u00e1mbito y sobre todo, socializar buenas [&hellip;]<\/p>\n","protected":false},"author":10,"featured_media":7376,"comment_status":"open","ping_status":"closed","sticky":false,"template":"","format":"standard","meta":{"_bbp_topic_count":0,"_bbp_reply_count":0,"_bbp_total_topic_count":0,"_bbp_total_reply_count":0,"_bbp_voice_count":0,"_bbp_anonymous_reply_count":0,"_bbp_topic_count_hidden":0,"_bbp_reply_count_hidden":0,"_bbp_forum_subforum_count":0,"_glsr_average":0,"_glsr_ranking":0,"_glsr_reviews":0,"footnotes":""},"categories":[10],"tags":[85,47,7,39],"class_list":["post-7375","post","type-post","status-publish","format-standard","has-post-thumbnail","hentry","category-nacionales","tag-comunicacion-comunitaria","tag-comunicacion-social","tag-cuba","tag-ics"],"acf":[],"_links":{"self":[{"href":"https:\/\/www.ics.gob.cu\/en\/wp-json\/wp\/v2\/posts\/7375","targetHints":{"allow":["GET"]}}],"collection":[{"href":"https:\/\/www.ics.gob.cu\/en\/wp-json\/wp\/v2\/posts"}],"about":[{"href":"https:\/\/www.ics.gob.cu\/en\/wp-json\/wp\/v2\/types\/post"}],"author":[{"embeddable":true,"href":"https:\/\/www.ics.gob.cu\/en\/wp-json\/wp\/v2\/users\/10"}],"replies":[{"embeddable":true,"href":"https:\/\/www.ics.gob.cu\/en\/wp-json\/wp\/v2\/comments?post=7375"}],"version-history":[{"count":5,"href":"https:\/\/www.ics.gob.cu\/en\/wp-json\/wp\/v2\/posts\/7375\/revisions"}],"predecessor-version":[{"id":7383,"href":"https:\/\/www.ics.gob.cu\/en\/wp-json\/wp\/v2\/posts\/7375\/revisions\/7383"}],"wp:featuredmedia":[{"embeddable":true,"href":"https:\/\/www.ics.gob.cu\/en\/wp-json\/wp\/v2\/media\/7376"}],"wp:attachment":[{"href":"https:\/\/www.ics.gob.cu\/en\/wp-json\/wp\/v2\/media?parent=7375"}],"wp:term":[{"taxonomy":"category","embeddable":true,"href":"https:\/\/www.ics.gob.cu\/en\/wp-json\/wp\/v2\/categories?post=7375"},{"taxonomy":"post_tag","embeddable":true,"href":"https:\/\/www.ics.gob.cu\/en\/wp-json\/wp\/v2\/tags?post=7375"}],"curies":[{"name":"wp","href":"https:\/\/api.w.org\/{rel}","templated":true}]}}