{"id":7385,"date":"2025-06-26T19:28:18","date_gmt":"2025-06-26T19:28:18","guid":{"rendered":"https:\/\/www.ics.gob.cu\/?p=7385"},"modified":"2025-06-26T19:46:05","modified_gmt":"2025-06-26T19:46:05","slug":"comunicacion-comunitaria-por-mas-participacion-y-construccion-colectiva","status":"publish","type":"post","link":"https:\/\/www.ics.gob.cu\/en\/comunicacion-comunitaria-por-mas-participacion-y-construccion-colectiva\/","title":{"rendered":"Comunicaci\u00f3n comunitaria: por m\u00e1s participaci\u00f3n y construcci\u00f3n colectiva"},"content":{"rendered":"<div class=\"pdfprnt-buttons pdfprnt-buttons-post pdfprnt-top-right\"><a href=\"https:\/\/www.ics.gob.cu\/en\/wp-json\/wp\/v2\/posts\/7385?print=print\" class=\"pdfprnt-button pdfprnt-button-print\" target=\"_blank\" ><img decoding=\"async\" src=\"https:\/\/www.ics.gob.cu\/wp-content\/plugins\/pdf-print\/images\/print.png\" alt=\"image_print\" title=\"Print Content\" \/><\/a><\/div>\n<p><\/p>\n\n\n\n<p>\u00abEl taller, que durante dos d\u00edas nos convoca, se enmarca en los principios de la Ley de Comunicaci\u00f3n Social, aprobada en mayo de 2023, que reafirma el compromiso de Cuba con una comunicaci\u00f3n al servicio del pueblo, en la construcci\u00f3n de un modelo participativo, con impacto en organizaciones, comunidades y medios de comunicaci\u00f3n social de todo el pa\u00eds\u00bb.<\/p>\n\n\n\n<p>As\u00ed lo asegur\u00f3 la vicepresidenta del Instituto de Informaci\u00f3n y Comunicaci\u00f3n Social (ICS), Belkys P\u00e9rez Cruz en las palabras de apertura del II Taller de Comunicaci\u00f3n Comunitaria \u00abDesaf\u00edos y Potencialidades en el contexto cubano\u00bb, que se inici\u00f3 esta ma\u00f1ana de jueves en el propio Instituto.<\/p>\n\n\n\n<p>Presidido por el presidente del ICS, Alfonso Noya Mart\u00ednez y otros directivos del mismo, al encuentro asisten Directores de Comunicaci\u00f3n y comunicadores de \u00d3rganos, Organismos de la Administraci\u00f3n Central del Estado, la Asamblea Nacional, organizaciones pol\u00edticas y de masas, entidades, empresas y delegados de consejos populares que durante dos jornadas compartir\u00e1n experiencias y buenas pr\u00e1cticas en la gesti\u00f3n de la comunicaci\u00f3n comunitaria o en la proyeccion hacia las comunidades.<\/p>\n\n\n\n<figure class=\"wp-block-image size-full\"><img loading=\"lazy\" decoding=\"async\" width=\"1020\" height=\"460\" src=\"https:\/\/www.ics.gob.cu\/wp-content\/uploads\/2025\/06\/1000360253.jpg\" alt=\"\" class=\"wp-image-7386\" srcset=\"https:\/\/www.ics.gob.cu\/wp-content\/uploads\/2025\/06\/1000360253.jpg 1020w, https:\/\/www.ics.gob.cu\/wp-content\/uploads\/2025\/06\/1000360253-300x135.jpg 300w, https:\/\/www.ics.gob.cu\/wp-content\/uploads\/2025\/06\/1000360253-768x346.jpg 768w\" sizes=\"auto, (max-width: 1020px) 100vw, 1020px\" \/><\/figure>\n\n\n\n<p>\u00abAqu\u00ed hablaremos de la comunicaci\u00f3n comunitaria en la era de la convergencia digital, del obligado cruce de camino con la comunicaci\u00f3n pol\u00edtica, de sus ejes transversales y sus articulaciones. Compartiremos, adem\u00e1s, buenas pr\u00e1cticas en el contexto de la implementaci\u00f3n de la Ley de Comunicaci\u00f3n Social\u00bb, a\u00f1adi\u00f3 P\u00e9rez Cruz las palabras iniciales.<\/p>\n\n\n\n<p>Durante esta primera jornada las Doctoras en ciencias de la Comunicaci\u00f3n Ana Teresa Bad\u00eda y Zenaida Costales, impartieron conferencias sobre la comunicaci\u00f3n comunitaria y la convergencia digital, as\u00ed como la interrelaci\u00f3n de este \u00e1mbito con la comunicaci\u00f3n pol\u00edtica, respectivamente.<\/p>\n\n\n\n<p>A prop\u00f3sito, la tambi\u00e9n profesora Ana Teresa Bad\u00eda insisti\u00f3 en la importancia de ver la comunicaci\u00f3n en su concepci\u00f3n cultural, como eje que transversaliza los procesos de socializaci\u00f3n y teniendo en cuenta su car\u00e1cter simb\u00f3lico, participativo, donde los ciudadanos se asuman como actores que controlan y contribuyan a la toma de decisi\u00f3n, donde se estimule la participaci\u00f3n end\u00f3gena y la transformaci\u00f3n local porque ninguna comunidad se parece a otra.<\/p>\n\n\n\n<figure class=\"wp-block-image size-large\"><img loading=\"lazy\" decoding=\"async\" width=\"1024\" height=\"768\" src=\"https:\/\/www.ics.gob.cu\/wp-content\/uploads\/2025\/06\/1000360796-1024x768.jpg\" alt=\"\" class=\"wp-image-7387\" srcset=\"https:\/\/www.ics.gob.cu\/wp-content\/uploads\/2025\/06\/1000360796-1024x768.jpg 1024w, https:\/\/www.ics.gob.cu\/wp-content\/uploads\/2025\/06\/1000360796-300x225.jpg 300w, https:\/\/www.ics.gob.cu\/wp-content\/uploads\/2025\/06\/1000360796-768x576.jpg 768w, https:\/\/www.ics.gob.cu\/wp-content\/uploads\/2025\/06\/1000360796-1536x1152.jpg 1536w, https:\/\/www.ics.gob.cu\/wp-content\/uploads\/2025\/06\/1000360796-2048x1536.jpg 2048w\" sizes=\"auto, (max-width: 1024px) 100vw, 1024px\" \/><\/figure>\n\n\n\n<p> Abog\u00f3, asimismo, por la construcci\u00f3n de narrativas cada vez m\u00e1s cre\u00edbles, que convenzan y empleen lo emotivo, que se trabaje con datos, se apele tanto a la raz\u00f3n como a los sentimientos, conectar con los valores y las motivaciones sociales, construir una credibilidad mayor, en lo cual los lideres de opinion comunitarios juegan un rol determinante.<\/p>\n\n\n\n<p>Por su parte, la periodista y profesora de la Facultad de Comunicaci\u00f3n de la UH, Zenaida Costales P\u00e9rez, reflexion\u00f3 sobre las nuevas formas de la estructura informativa y de la comunicaci\u00f3n social, creadas por la propias personas en su entorno cotidiano y la relevancia que adquiere aprender a contar lo que vivimos para hacer una comunicaci\u00f3n pol\u00edtica efectiva, que sensibilice y llegar con los argumentos reales que se necesita transmitir.<\/p>\n\n\n\n<p>\u201cEl liderazgo natural que surge en las comunidades es una fortaleza para la comunicaci\u00f3n pol\u00edtica, a\u00f1adi\u00f3 Costales, quien hizo, adem\u00e1s, un llamado a buscar hasta en lo que pudiera parecer m\u00e1s simple y menos trascendente, lo que motive, haga reflexionar, actuar, empujar y contribuir a que tengamos una sociedad major, m\u00e1s justa y participativa, realmente inclusiva.<\/p>\n\n\n\n<figure class=\"wp-block-image size-large\"><img loading=\"lazy\" decoding=\"async\" width=\"1024\" height=\"768\" src=\"https:\/\/www.ics.gob.cu\/wp-content\/uploads\/2025\/06\/1000360697-1024x768.jpg\" alt=\"\" class=\"wp-image-7388\" srcset=\"https:\/\/www.ics.gob.cu\/wp-content\/uploads\/2025\/06\/1000360697-1024x768.jpg 1024w, https:\/\/www.ics.gob.cu\/wp-content\/uploads\/2025\/06\/1000360697-300x225.jpg 300w, https:\/\/www.ics.gob.cu\/wp-content\/uploads\/2025\/06\/1000360697-768x576.jpg 768w, https:\/\/www.ics.gob.cu\/wp-content\/uploads\/2025\/06\/1000360697-1536x1152.jpg 1536w, https:\/\/www.ics.gob.cu\/wp-content\/uploads\/2025\/06\/1000360697-2048x1536.jpg 2048w\" sizes=\"auto, (max-width: 1024px) 100vw, 1024px\" \/><\/figure>\n\n\n\n<p>En esta primera jornada se compartieron experiencias y criterios desde Organismos e instituciones, algunos de ellos muy relacionados a servicios b\u00e1sicos para la poblaci\u00f3n como las telecomunicaciones, la bancarizaci\u00f3n, los servicios electricos y otros de una alta sensibilidad, en los que la gesti\u00f3n estrat\u00e9gica e integrada de los tres \u00e1mbitos de la comunicaci\u00f3n es vital.<\/p>\n\n\n\n<p>Se conoci\u00f3 tambi\u00e9n sobre el rol de medios de comunicaci\u00f3n fundamentales como la radio, con m\u00e1s de un centenar de emisoras a lo largo de todo el pa\u00eds y hoy severamente afectadas por la situaci\u00f3n electroenerg\u00e9tica, aunque mantienen parte de su programaci\u00f3n informativa y variada, sobre todo adecuando sus horarios, sus parrillas de programaci\u00f3n y las propias necesidades informativas de los p\u00fablicos de los territorios en las que est\u00e1n enclavadas. <\/p>\n\n\n\n<figure class=\"wp-block-image size-large\"><img loading=\"lazy\" decoding=\"async\" width=\"1024\" height=\"768\" src=\"https:\/\/www.ics.gob.cu\/wp-content\/uploads\/2025\/06\/1000360584-1024x768.jpg\" alt=\"\" class=\"wp-image-7397\" srcset=\"https:\/\/www.ics.gob.cu\/wp-content\/uploads\/2025\/06\/1000360584-1024x768.jpg 1024w, https:\/\/www.ics.gob.cu\/wp-content\/uploads\/2025\/06\/1000360584-300x225.jpg 300w, https:\/\/www.ics.gob.cu\/wp-content\/uploads\/2025\/06\/1000360584-768x576.jpg 768w, https:\/\/www.ics.gob.cu\/wp-content\/uploads\/2025\/06\/1000360584-1536x1152.jpg 1536w, https:\/\/www.ics.gob.cu\/wp-content\/uploads\/2025\/06\/1000360584-2048x1536.jpg 2048w\" sizes=\"auto, (max-width: 1024px) 100vw, 1024px\" \/><\/figure>\n\n\n\n<p>A prop\u00f3sito de estos temas, el presidente del ICS, Alfonso Noya Mart\u00ednez dijo que hoy en Cuba \u00ablo que pasa a nivel de comunidad pasa a nivel de sociedad y no podemos perder de vista el contexto social, econ\u00f3mico y pol\u00edtico en qu\u00e9 vivimos, muy afectado\u00bb. \u00ab\u00bfQu\u00e9 papel juegan los delegados del Poder Popular, los dirigentes de las organizaciones pol\u00edticas y de masas, los ciudadanos en general y qu\u00e9 participaci\u00f3n cotidiana tienen en las problem\u00e1ticas de sus localidades? <\/p>\n\n\n\n<p>Estas y otras muchas interrogantes se eval\u00faan y analizan diariamente desde el Instituto en materia de comunicaci\u00f3n, tambi\u00e9n desde los Gobiernos y nos corresponde hacerlo para dar respuesta de una manera m\u00e1s r\u00e1pida, oportuna, veraz, a las cosas que m\u00e1s preocupan a la poblaci\u00f3n\u00bb, reflexion\u00f3 Noya Mart\u00ednez.<\/p>\n\n\n\n<p>Llam\u00f3 a seguir construyendo juntos, porque se hacen muchas cosas buenas en muchos lugares. pero no siempre se socializan, se visibilizan ni se aprende adecuadamente de ellas; de ah\u00ed la importancia de encuentros como estos y en ese sentido, agradeci\u00f3 a los asistentes y a las instituciones que representan por estar y sobre todo, por el compromiso con transparentar sus experiencias, extenderlas y complementarlas entre todos y todas. <\/p>\n\n\n\n<figure class=\"wp-block-image size-large\"><img loading=\"lazy\" decoding=\"async\" width=\"1024\" height=\"768\" src=\"https:\/\/www.ics.gob.cu\/wp-content\/uploads\/2025\/06\/1000360590-1024x768.jpg\" alt=\"\" class=\"wp-image-7396\" srcset=\"https:\/\/www.ics.gob.cu\/wp-content\/uploads\/2025\/06\/1000360590-1024x768.jpg 1024w, https:\/\/www.ics.gob.cu\/wp-content\/uploads\/2025\/06\/1000360590-300x225.jpg 300w, https:\/\/www.ics.gob.cu\/wp-content\/uploads\/2025\/06\/1000360590-768x576.jpg 768w, https:\/\/www.ics.gob.cu\/wp-content\/uploads\/2025\/06\/1000360590-1536x1152.jpg 1536w, https:\/\/www.ics.gob.cu\/wp-content\/uploads\/2025\/06\/1000360590-2048x1536.jpg 2048w\" sizes=\"auto, (max-width: 1024px) 100vw, 1024px\" \/><\/figure>\n\n\n\n<p>  Y es que este II Taller de Comunicaci\u00f3n Comunitaria \u00abDesaf\u00edos y Potencialidades en el contexto cubano\u00bb, pretende articular teor\u00eda y pr\u00e1ctica en medio de la necesidad de una comunicaci\u00f3n que cada vez m\u00e1s involucre a todos los actores sociales. No puede ni debe verse, entonces, la comunicaci\u00f3n comunitaria como un ejercicio aislado, sino como el tejido que une a las personas en el espacio p\u00fablico f\u00edsico y digital, que fortalece la identidad local y contribuye al desarrollo social, imprescindible tambi\u00e9n para afianzar las relaciones y el intercambio de informaci\u00f3n, visibilizar las iniciativas transformadoras y construir narrativas propias, desde lo aut\u00e9ntico y lo colectivo.<\/p>\n<div class=\"pld-like-dislike-wrap pld-template-1\">\r\n    <div class=\"pld-like-wrap  pld-common-wrap\">\r\n    <a href=\"javascript:void(0)\" class=\"pld-like-trigger pld-like-dislike-trigger\" title=\"\" data-post-id=\"7385\" data-trigger-type=\"like\" data-restriction=\"cookie\" data-already-liked=\"0\">\r\n                        <i class=\"fas fa-thumbs-up\"><\/i>\r\n                <\/a>\r\n    <span class=\"pld-like-count-wrap pld-count-wrap\">0    <\/span>\r\n<\/div><div class=\"pld-dislike-wrap  pld-common-wrap\">\r\n    <a href=\"javascript:void(0)\" class=\"pld-dislike-trigger pld-like-dislike-trigger\" title=\"\" data-post-id=\"7385\" data-trigger-type=\"dislike\" data-restriction=\"cookie\" data-already-liked=\"0\">\r\n                        <i class=\"fas fa-thumbs-down\"><\/i>\r\n                <\/a>\r\n    <span class=\"pld-dislike-count-wrap pld-count-wrap\">0<\/span>\r\n<\/div><\/div>","protected":false},"excerpt":{"rendered":"<p>\u00abEl taller, que durante dos d\u00edas nos convoca, se enmarca en los principios de la Ley de Comunicaci\u00f3n Social, aprobada en mayo de 2023, que reafirma el compromiso de Cuba con una comunicaci\u00f3n al servicio del pueblo, en la construcci\u00f3n de un modelo participativo, con impacto en organizaciones, comunidades y medios de comunicaci\u00f3n social de [&hellip;]<\/p>\n","protected":false},"author":7,"featured_media":7391,"comment_status":"open","ping_status":"closed","sticky":false,"template":"","format":"standard","meta":{"_bbp_topic_count":0,"_bbp_reply_count":0,"_bbp_total_topic_count":0,"_bbp_total_reply_count":0,"_bbp_voice_count":0,"_bbp_anonymous_reply_count":0,"_bbp_topic_count_hidden":0,"_bbp_reply_count_hidden":0,"_bbp_forum_subforum_count":0,"_glsr_average":0,"_glsr_ranking":0,"_glsr_reviews":0,"footnotes":""},"categories":[10],"tags":[85,47,7,39],"class_list":["post-7385","post","type-post","status-publish","format-standard","has-post-thumbnail","hentry","category-nacionales","tag-comunicacion-comunitaria","tag-comunicacion-social","tag-cuba","tag-ics"],"acf":[],"_links":{"self":[{"href":"https:\/\/www.ics.gob.cu\/en\/wp-json\/wp\/v2\/posts\/7385","targetHints":{"allow":["GET"]}}],"collection":[{"href":"https:\/\/www.ics.gob.cu\/en\/wp-json\/wp\/v2\/posts"}],"about":[{"href":"https:\/\/www.ics.gob.cu\/en\/wp-json\/wp\/v2\/types\/post"}],"author":[{"embeddable":true,"href":"https:\/\/www.ics.gob.cu\/en\/wp-json\/wp\/v2\/users\/7"}],"replies":[{"embeddable":true,"href":"https:\/\/www.ics.gob.cu\/en\/wp-json\/wp\/v2\/comments?post=7385"}],"version-history":[{"count":5,"href":"https:\/\/www.ics.gob.cu\/en\/wp-json\/wp\/v2\/posts\/7385\/revisions"}],"predecessor-version":[{"id":7399,"href":"https:\/\/www.ics.gob.cu\/en\/wp-json\/wp\/v2\/posts\/7385\/revisions\/7399"}],"wp:featuredmedia":[{"embeddable":true,"href":"https:\/\/www.ics.gob.cu\/en\/wp-json\/wp\/v2\/media\/7391"}],"wp:attachment":[{"href":"https:\/\/www.ics.gob.cu\/en\/wp-json\/wp\/v2\/media?parent=7385"}],"wp:term":[{"taxonomy":"category","embeddable":true,"href":"https:\/\/www.ics.gob.cu\/en\/wp-json\/wp\/v2\/categories?post=7385"},{"taxonomy":"post_tag","embeddable":true,"href":"https:\/\/www.ics.gob.cu\/en\/wp-json\/wp\/v2\/tags?post=7385"}],"curies":[{"name":"wp","href":"https:\/\/api.w.org\/{rel}","templated":true}]}}