{"id":7407,"date":"2025-06-27T22:00:43","date_gmt":"2025-06-27T22:00:43","guid":{"rendered":"https:\/\/www.ics.gob.cu\/?p=7407"},"modified":"2025-06-27T22:57:55","modified_gmt":"2025-06-27T22:57:55","slug":"articulacion-y-participacion-ejes-de-una-comunicacion-comunitaria-verdaderamente-transformadora","status":"publish","type":"post","link":"https:\/\/www.ics.gob.cu\/en\/articulacion-y-participacion-ejes-de-una-comunicacion-comunitaria-verdaderamente-transformadora\/","title":{"rendered":"Articulaci\u00f3n y participaci\u00f3n: ejes de una comunicaci\u00f3n comunitaria verdaderamente transformadora"},"content":{"rendered":"<div class=\"pdfprnt-buttons pdfprnt-buttons-post pdfprnt-top-right\"><a href=\"https:\/\/www.ics.gob.cu\/en\/wp-json\/wp\/v2\/posts\/7407?print=print\" class=\"pdfprnt-button pdfprnt-button-print\" target=\"_blank\" ><img decoding=\"async\" src=\"https:\/\/www.ics.gob.cu\/wp-content\/plugins\/pdf-print\/images\/print.png\" alt=\"image_print\" title=\"Print Content\" \/><\/a><\/div>\n<p>\u00bfC\u00f3mo movilizamos las voluntades individuales y colectivas en funci\u00f3n de las realidades a transformar? \u00bfC\u00f3mo aportamos desde nuestra comunicaci\u00f3n a los valores y la cultura comunitaria? \u00bfC\u00f3mo nos conectamos con los liderazgos locales y el trabajo social? \u00bfC\u00f3mo nos articulamos con las estrategias de desarrollo municipal? \u00bfSon nuestros procesos comunicativos suficientemente inclusivos? \u00bfC\u00f3mo generamos pr\u00e1cticas responsables con el medio ambiente y la comunidad?<\/p>\n\n\n\n<p>Estas y otras muchas interrogantes centraron el debate, los aportes y las propuestas realizadas este viernes, durante la \u00faltima sesi\u00f3n del II Taller de Comunicaci\u00f3n Comunitaria \u201cDesaf\u00edos y potencialidades en el contexto cubano\u201d, que tuvo como sede el Instituto de <a href=\"https:\/\/x.com\/IcsCuba\"><mark style=\"background-color:rgba(0, 0, 0, 0)\" class=\"has-inline-color has-vivid-cyan-blue-color\">Informaci\u00f3n y Comunicaci\u00f3n Social (ICS)<\/mark><\/a>.<\/p>\n\n\n<div class=\"wp-block-image\">\n<figure class=\"aligncenter size-large is-resized\"><img loading=\"lazy\" decoding=\"async\" width=\"1024\" height=\"437\" src=\"https:\/\/www.ics.gob.cu\/wp-content\/uploads\/2025\/06\/WhatsApp-Image-2025-06-27-at-12.57.11-PM-1024x437.jpeg\" alt=\"\" class=\"wp-image-7409\" style=\"width:696px;height:auto\" srcset=\"https:\/\/www.ics.gob.cu\/wp-content\/uploads\/2025\/06\/WhatsApp-Image-2025-06-27-at-12.57.11-PM-1024x437.jpeg 1024w, https:\/\/www.ics.gob.cu\/wp-content\/uploads\/2025\/06\/WhatsApp-Image-2025-06-27-at-12.57.11-PM-300x128.jpeg 300w, https:\/\/www.ics.gob.cu\/wp-content\/uploads\/2025\/06\/WhatsApp-Image-2025-06-27-at-12.57.11-PM-768x328.jpeg 768w, https:\/\/www.ics.gob.cu\/wp-content\/uploads\/2025\/06\/WhatsApp-Image-2025-06-27-at-12.57.11-PM.jpeg 1080w\" sizes=\"auto, (max-width: 1024px) 100vw, 1024px\" \/><\/figure>\n<\/div>\n\n\n<p>Con la conferencia \u201cComunicaci\u00f3n Comunitaria. Ejes transversales y articulaciones pertinentes\u201d de la Doctora en Ciencias Beatriz Drake, dio inicio esta jornada, en la que se realiz\u00f3, posteriormente, una din\u00e1mica grupal que motiv\u00f3 de la teor\u00eda a la acci\u00f3n, evidencia de cu\u00e1n relevante sigue siendo el trabajo y la construcci\u00f3n colectiva en todos los espacios posibles.<\/p>\n\n\n\n<p>Divididos en cuatro equipos y partiendo de cuatro ejes transversales, los participantes expusieron qu\u00e9 hacen desde sus instituciones para la articulaci\u00f3n de los m\u00e1s diversos actores sociales, la transparencia de la gesti\u00f3n p\u00fablica, la formaci\u00f3n de capacidades y la identidad, el fomento de la cultura local, el uso de los m\u00e1s diversos canales y medios de comunicaci\u00f3n social, as\u00ed como la elaboraci\u00f3n de estrategias y acciones que permitan una gesti\u00f3n cada vez m\u00e1s eficaz de la comunicaci\u00f3n comunitaria.<\/p>\n\n\n<div class=\"wp-block-image\">\n<figure class=\"aligncenter size-large is-resized\"><img loading=\"lazy\" decoding=\"async\" width=\"1024\" height=\"768\" src=\"https:\/\/www.ics.gob.cu\/wp-content\/uploads\/2025\/06\/insertar-1024x768.jpg\" alt=\"\" class=\"wp-image-7419\" style=\"width:584px;height:auto\" srcset=\"https:\/\/www.ics.gob.cu\/wp-content\/uploads\/2025\/06\/insertar-1024x768.jpg 1024w, https:\/\/www.ics.gob.cu\/wp-content\/uploads\/2025\/06\/insertar-300x225.jpg 300w, https:\/\/www.ics.gob.cu\/wp-content\/uploads\/2025\/06\/insertar-768x576.jpg 768w, https:\/\/www.ics.gob.cu\/wp-content\/uploads\/2025\/06\/insertar-1536x1152.jpg 1536w, https:\/\/www.ics.gob.cu\/wp-content\/uploads\/2025\/06\/insertar-2048x1536.jpg 2048w\" sizes=\"auto, (max-width: 1024px) 100vw, 1024px\" \/><\/figure>\n<\/div>\n\n\n<p>Las presentaciones fueron enriquecedoras, diversas y creativas, marcadas por el dinamismo y el esp\u00edritu que debe caracterizarnos tambi\u00e9n para movilizar a la mayor\u00eda de los que interact\u00faan en nuestras comunidades, para informar y potenciar un di\u00e1logo estrecho entre la poblaci\u00f3n y los decisores, lograr una transformaci\u00f3n social coherente y adecuada a cada contexto.<\/p>\n\n\n\n<p>Gracias a las experiencias compartidas se evidenci\u00f3 lo mucho que queda por hacer, pero tambi\u00e9n la importancia de gestionar la comunicaci\u00f3n interna de nuestras organizaciones, instituciones y entidades, interactuar con los p\u00fablicos internos, nuestros trabajadores, protagonistas de lo que se puede y debe irradiar despu\u00e9s hacia las familias, las escuelas, las entidades locales y las comunidades.<\/p>\n\n\n<div class=\"wp-block-image\">\n<figure class=\"aligncenter size-large is-resized\"><img loading=\"lazy\" decoding=\"async\" width=\"1024\" height=\"473\" src=\"https:\/\/www.ics.gob.cu\/wp-content\/uploads\/2025\/06\/WhatsApp-Image-2025-06-27-at-12.58.13-PM-1024x473.jpeg\" alt=\"\" class=\"wp-image-7410\" style=\"width:694px;height:auto\" srcset=\"https:\/\/www.ics.gob.cu\/wp-content\/uploads\/2025\/06\/WhatsApp-Image-2025-06-27-at-12.58.13-PM-1024x473.jpeg 1024w, https:\/\/www.ics.gob.cu\/wp-content\/uploads\/2025\/06\/WhatsApp-Image-2025-06-27-at-12.58.13-PM-300x138.jpeg 300w, https:\/\/www.ics.gob.cu\/wp-content\/uploads\/2025\/06\/WhatsApp-Image-2025-06-27-at-12.58.13-PM-768x354.jpeg 768w, https:\/\/www.ics.gob.cu\/wp-content\/uploads\/2025\/06\/WhatsApp-Image-2025-06-27-at-12.58.13-PM.jpeg 1040w\" sizes=\"auto, (max-width: 1024px) 100vw, 1024px\" \/><\/figure>\n<\/div>\n\n\n<p>Se insisti\u00f3, asimismo, en el papel de los voceros, esos l\u00edderes que movilizan, y en la comunicaci\u00f3n veraz, oportuna, directa, \u00abcara a cara\u00bb, m\u00e1s necesaria que nunca en la Cuba actual, ante las complejas problem\u00e1ticas que enfrentamos.<\/p>\n\n\n\n<p>Un panel en el que participaron representantes del <a href=\"https:\/\/x.com\/MTSS_CUBA\"><mark style=\"background-color:rgba(0, 0, 0, 0)\" class=\"has-inline-color has-vivid-cyan-blue-color\">Ministerio de Trabajo y Seguridad Social<\/mark><\/a>, el Consejo Nacional de Casas de Cultura, el Centro de Desarrollo Local y Comunitario (GEDEL), el Grupo Empresarial de Reciclaje (GER), los Joven Club de Computaci\u00f3n y Electr\u00f3nica y un delegado de circunscripci\u00f3n, complementaron la exposici\u00f3n de las m\u00e1s diversas experiencias y la multiplicidad de actores que hoy convergen en nuestra sociedad, indispensables todos \u2013 desde sus misiones y objetos sociales diferentes \u2013 para la gesti\u00f3n estrat\u00e9gica e integrada de la comunicaci\u00f3n social, con especial \u00e9nfasis en nuestras comunidades.<\/p>\n\n\n\n<p>Al cierre del encuentro, la vicepresidenta del ICS, <a href=\"https:\/\/x.com\/Belkyspcr\"><mark style=\"background-color:rgba(0, 0, 0, 0)\" class=\"has-inline-color has-vivid-cyan-blue-color\">Belkys P\u00e9rez Cruz<\/mark><\/a>, reiter\u00f3 la importancia del aprendizaje colectivo, de cu\u00e1nto unos y otros pueden seguir perfeccionando e intencionando lo que se hace en toda Cuba, a pesar de los contextos, las din\u00e1micas y complejidades diferentes, \u201cporque todos son importantes y les corresponde un rol decisivo en su pedacito\u201d.<\/p>\n\n\n\n<p>P\u00e9rez Cruz agradeci\u00f3 la presencia de los asistentes al Taller y los convoc\u00f3 a replicarlo, a continuar super\u00e1ndose, a la vez que ratific\u00f3 que las puertas del Instituto de Informaci\u00f3n y Comunicaci\u00f3n Social est\u00e1n abiertas para generar espacios como estos, en los que todos y todas aportemos.<\/p>\n<div class=\"pld-like-dislike-wrap pld-template-1\">\r\n    <div class=\"pld-like-wrap  pld-common-wrap\">\r\n    <a href=\"javascript:void(0)\" class=\"pld-like-trigger pld-like-dislike-trigger\" title=\"\" data-post-id=\"7407\" data-trigger-type=\"like\" data-restriction=\"cookie\" data-already-liked=\"0\">\r\n                        <i class=\"fas fa-thumbs-up\"><\/i>\r\n                <\/a>\r\n    <span class=\"pld-like-count-wrap pld-count-wrap\">1    <\/span>\r\n<\/div><div class=\"pld-dislike-wrap  pld-common-wrap\">\r\n    <a href=\"javascript:void(0)\" class=\"pld-dislike-trigger pld-like-dislike-trigger\" title=\"\" data-post-id=\"7407\" data-trigger-type=\"dislike\" data-restriction=\"cookie\" data-already-liked=\"0\">\r\n                        <i class=\"fas fa-thumbs-down\"><\/i>\r\n                <\/a>\r\n    <span class=\"pld-dislike-count-wrap pld-count-wrap\">0<\/span>\r\n<\/div><\/div>","protected":false},"excerpt":{"rendered":"<p>\u00bfC\u00f3mo movilizamos las voluntades individuales y colectivas en funci\u00f3n de las realidades a transformar? \u00bfC\u00f3mo aportamos desde nuestra comunicaci\u00f3n a los valores y la cultura comunitaria? \u00bfC\u00f3mo nos conectamos con los liderazgos locales y el trabajo social? \u00bfC\u00f3mo nos articulamos con las estrategias de desarrollo municipal? \u00bfSon nuestros procesos comunicativos suficientemente inclusivos? \u00bfC\u00f3mo generamos pr\u00e1cticas [&hellip;]<\/p>\n","protected":false},"author":7,"featured_media":7414,"comment_status":"open","ping_status":"closed","sticky":false,"template":"","format":"standard","meta":{"_bbp_topic_count":0,"_bbp_reply_count":0,"_bbp_total_topic_count":0,"_bbp_total_reply_count":0,"_bbp_voice_count":0,"_bbp_anonymous_reply_count":0,"_bbp_topic_count_hidden":0,"_bbp_reply_count_hidden":0,"_bbp_forum_subforum_count":0,"_glsr_average":0,"_glsr_ranking":0,"_glsr_reviews":0,"footnotes":""},"categories":[10],"tags":[85,47,7,59,39],"class_list":["post-7407","post","type-post","status-publish","format-standard","has-post-thumbnail","hentry","category-nacionales","tag-comunicacion-comunitaria","tag-comunicacion-social","tag-cuba","tag-educacion-para-la-comunicacion","tag-ics"],"acf":[],"_links":{"self":[{"href":"https:\/\/www.ics.gob.cu\/en\/wp-json\/wp\/v2\/posts\/7407","targetHints":{"allow":["GET"]}}],"collection":[{"href":"https:\/\/www.ics.gob.cu\/en\/wp-json\/wp\/v2\/posts"}],"about":[{"href":"https:\/\/www.ics.gob.cu\/en\/wp-json\/wp\/v2\/types\/post"}],"author":[{"embeddable":true,"href":"https:\/\/www.ics.gob.cu\/en\/wp-json\/wp\/v2\/users\/7"}],"replies":[{"embeddable":true,"href":"https:\/\/www.ics.gob.cu\/en\/wp-json\/wp\/v2\/comments?post=7407"}],"version-history":[{"count":8,"href":"https:\/\/www.ics.gob.cu\/en\/wp-json\/wp\/v2\/posts\/7407\/revisions"}],"predecessor-version":[{"id":7423,"href":"https:\/\/www.ics.gob.cu\/en\/wp-json\/wp\/v2\/posts\/7407\/revisions\/7423"}],"wp:featuredmedia":[{"embeddable":true,"href":"https:\/\/www.ics.gob.cu\/en\/wp-json\/wp\/v2\/media\/7414"}],"wp:attachment":[{"href":"https:\/\/www.ics.gob.cu\/en\/wp-json\/wp\/v2\/media?parent=7407"}],"wp:term":[{"taxonomy":"category","embeddable":true,"href":"https:\/\/www.ics.gob.cu\/en\/wp-json\/wp\/v2\/categories?post=7407"},{"taxonomy":"post_tag","embeddable":true,"href":"https:\/\/www.ics.gob.cu\/en\/wp-json\/wp\/v2\/tags?post=7407"}],"curies":[{"name":"wp","href":"https:\/\/api.w.org\/{rel}","templated":true}]}}