{"id":7753,"date":"2025-07-09T19:46:02","date_gmt":"2025-07-09T19:46:02","guid":{"rendered":"https:\/\/www.ics.gob.cu\/?p=7753"},"modified":"2025-07-09T19:46:06","modified_gmt":"2025-07-09T19:46:06","slug":"suscriben-convenio-de-colaboracion-el-ics-y-el-consejo-electoral-nacional","status":"publish","type":"post","link":"https:\/\/www.ics.gob.cu\/en\/suscriben-convenio-de-colaboracion-el-ics-y-el-consejo-electoral-nacional\/","title":{"rendered":"Suscriben Convenio de Colaboraci\u00f3n el ICS y el Consejo Electoral Nacional"},"content":{"rendered":"<div class=\"pdfprnt-buttons pdfprnt-buttons-post pdfprnt-top-right\"><a href=\"https:\/\/www.ics.gob.cu\/en\/wp-json\/wp\/v2\/posts\/7753?print=print\" class=\"pdfprnt-button pdfprnt-button-print\" target=\"_blank\" ><img decoding=\"async\" src=\"https:\/\/www.ics.gob.cu\/wp-content\/plugins\/pdf-print\/images\/print.png\" alt=\"image_print\" title=\"Print Content\" \/><\/a><\/div>\n<p>Un Convenio de Colaboraci\u00f3n fue suscrito este mi\u00e9rcoles por los titulares del Consejo Electoral Nacional (CEN) de Cuba y el Instituto de Informaci\u00f3n y Comunicaci\u00f3n Social (ICS), Alina Balseiro y Alfonso Noya Mart\u00ednez, en el cual se expresa la voluntad para el desarrollo de actividades de asesoramiento, docencia e investigaci\u00f3n cient\u00edfica, intercambio de experiencias, participaci\u00f3n en eventos a los fines de garantizar la preparaci\u00f3n de los cuadros y trabajadores de ambas partes en pos del cumplimiento efectivo de nuestras respectivas misiones.<\/p>\n\n\n\n<p>En el encuentro \u2013 al que asisti\u00f3 la vice presidenta del ICS, Belkys P\u00e9rez Cruz y la del CEN, Mariela Rond\u00f3n Perera y otros directivos de ese \u00d3rgano de Estado \u2013 se intercambi\u00f3 sobre la implementaci\u00f3n de la Ley 162\/2023 \u201cDe Comunicaci\u00f3n Social\u201d y sus disposiciones normativas reglamentarias y las acciones comunicativas de car\u00e1cter profesional que el Consejo Electoral Nacional en los \u00e1mbitos organizacional, medi\u00e1tico y comunitario y en los espacios p\u00fablicos f\u00edsico y digital, para facilitar a el acceso a la informaci\u00f3n en relaci\u00f3n a sus funciones, as\u00ed como contribuir al desarrollo de una cultura y conciencia electoral a todos los niveles.<\/p>\n\n\n\n<figure class=\"wp-block-image size-full\"><img loading=\"lazy\" decoding=\"async\" width=\"1020\" height=\"460\" src=\"https:\/\/www.ics.gob.cu\/wp-content\/uploads\/2025\/07\/WhatsApp-Image-2025-07-09-at-9.37.06-PM3.jpeg\" alt=\"\" class=\"wp-image-7755\" srcset=\"https:\/\/www.ics.gob.cu\/wp-content\/uploads\/2025\/07\/WhatsApp-Image-2025-07-09-at-9.37.06-PM3.jpeg 1020w, https:\/\/www.ics.gob.cu\/wp-content\/uploads\/2025\/07\/WhatsApp-Image-2025-07-09-at-9.37.06-PM3-300x135.jpeg 300w, https:\/\/www.ics.gob.cu\/wp-content\/uploads\/2025\/07\/WhatsApp-Image-2025-07-09-at-9.37.06-PM3-768x346.jpeg 768w\" sizes=\"auto, (max-width: 1020px) 100vw, 1020px\" \/><\/figure>\n\n\n\n<p>El documento cuenta, adem\u00e1s, con un Plan de Acciones que permitir\u00e1 el cumplimiento de sus objetivos de forma paulatina, entra en vigor desde su propia firma, se chequear\u00e1 sistem\u00e1ticamente y estar\u00e1 vigente mientras las partes dispongan lo contrario.<\/p>\n\n\n\n<p>A prop\u00f3sito, el Presidente del ICS reconoci\u00f3 la importancia de la labor del Consejo Electoral Nacional \u2013 pr\u00f3ximo a cumplir 6 a\u00f1os de fundado el pr\u00f3ximo 13 de julio -, \u00f3rgano del Estado cuya misi\u00f3n fundamental es organizar, dirigir y supervisar las elecciones, consultas populares, plebiscitos y referendos que se convoquen.<\/p>\n\n\n\n<figure class=\"wp-block-image size-large\"><img loading=\"lazy\" decoding=\"async\" width=\"1024\" height=\"461\" src=\"https:\/\/www.ics.gob.cu\/wp-content\/uploads\/2025\/07\/WhatsApp-Image-2025-07-09-at-9.37.06-PM1-1024x461.jpeg\" alt=\"\" class=\"wp-image-7756\" srcset=\"https:\/\/www.ics.gob.cu\/wp-content\/uploads\/2025\/07\/WhatsApp-Image-2025-07-09-at-9.37.06-PM1-1024x461.jpeg 1024w, https:\/\/www.ics.gob.cu\/wp-content\/uploads\/2025\/07\/WhatsApp-Image-2025-07-09-at-9.37.06-PM1-300x135.jpeg 300w, https:\/\/www.ics.gob.cu\/wp-content\/uploads\/2025\/07\/WhatsApp-Image-2025-07-09-at-9.37.06-PM1-768x346.jpeg 768w, https:\/\/www.ics.gob.cu\/wp-content\/uploads\/2025\/07\/WhatsApp-Image-2025-07-09-at-9.37.06-PM1-1536x691.jpeg 1536w, https:\/\/www.ics.gob.cu\/wp-content\/uploads\/2025\/07\/WhatsApp-Image-2025-07-09-at-9.37.06-PM1.jpeg 1600w\" sizes=\"auto, (max-width: 1024px) 100vw, 1024px\" \/><\/figure>\n\n\n\n<p>Noya Mart\u00ednez resalt\u00f3 los lazos de cooperaci\u00f3n que siempre se hab\u00edan sostenido, ahora con mayor intencionalidad tras la aprobaci\u00f3n de la Ley 162 y c\u00f3mo debemos perfeccionar nuestro trabajo. \u201cSomos servidores p\u00fablicos, nos debemos al pueblo y nos une el compromiso por la veracidad, la transparencia, la informaci\u00f3n oportuna y contrastable y la contribuci\u00f3n que debemos dar tambi\u00e9n al incremento de la cultura jur\u00eddica de todos y todas\u201d, agreg\u00f3.<\/p>\n\n\n\n<p>Por parte, Alina Balseiro agradeci\u00f3 el acompa\u00f1amiento de los sistemas de la Radio y la TV cubanas \u2013 hist\u00f3ricamente \u2013 a cada uno de los procesos que rige el CEN y, por ende, la fuerte relaci\u00f3n de trabajo hacia el \u00e1mbito medi\u00e1tico ya consolidada y reconoci\u00f3 la importancia de la gesti\u00f3n estrat\u00e9gica e integrada de la comunicaci\u00f3n social y su impacto, lo cual seguir\u00e1n potenciando a partir de las acciones definidas en el Convenio suscrito y otros que oportunamente, se consideren.<\/p>\n\n\n\n<figure class=\"wp-block-image size-large\"><img loading=\"lazy\" decoding=\"async\" width=\"1024\" height=\"461\" src=\"https:\/\/www.ics.gob.cu\/wp-content\/uploads\/2025\/07\/WhatsApp-Image-2025-07-09-at-9.37.06-PM2-1024x461.jpeg\" alt=\"\" class=\"wp-image-7757\" srcset=\"https:\/\/www.ics.gob.cu\/wp-content\/uploads\/2025\/07\/WhatsApp-Image-2025-07-09-at-9.37.06-PM2-1024x461.jpeg 1024w, https:\/\/www.ics.gob.cu\/wp-content\/uploads\/2025\/07\/WhatsApp-Image-2025-07-09-at-9.37.06-PM2-300x135.jpeg 300w, https:\/\/www.ics.gob.cu\/wp-content\/uploads\/2025\/07\/WhatsApp-Image-2025-07-09-at-9.37.06-PM2-768x346.jpeg 768w, https:\/\/www.ics.gob.cu\/wp-content\/uploads\/2025\/07\/WhatsApp-Image-2025-07-09-at-9.37.06-PM2-1536x691.jpeg 1536w, https:\/\/www.ics.gob.cu\/wp-content\/uploads\/2025\/07\/WhatsApp-Image-2025-07-09-at-9.37.06-PM2.jpeg 1600w\" sizes=\"auto, (max-width: 1024px) 100vw, 1024px\" \/><\/figure>\n<div class=\"pld-like-dislike-wrap pld-template-1\">\r\n    <div class=\"pld-like-wrap  pld-common-wrap\">\r\n    <a href=\"javascript:void(0)\" class=\"pld-like-trigger pld-like-dislike-trigger\" title=\"\" data-post-id=\"7753\" data-trigger-type=\"like\" data-restriction=\"cookie\" data-already-liked=\"0\">\r\n                        <i class=\"fas fa-thumbs-up\"><\/i>\r\n                <\/a>\r\n    <span class=\"pld-like-count-wrap pld-count-wrap\">0    <\/span>\r\n<\/div><div class=\"pld-dislike-wrap  pld-common-wrap\">\r\n    <a href=\"javascript:void(0)\" class=\"pld-dislike-trigger pld-like-dislike-trigger\" title=\"\" data-post-id=\"7753\" data-trigger-type=\"dislike\" data-restriction=\"cookie\" data-already-liked=\"0\">\r\n                        <i class=\"fas fa-thumbs-down\"><\/i>\r\n                <\/a>\r\n    <span class=\"pld-dislike-count-wrap pld-count-wrap\">0<\/span>\r\n<\/div><\/div>","protected":false},"excerpt":{"rendered":"<p>Un Convenio de Colaboraci\u00f3n fue suscrito este mi\u00e9rcoles por los titulares del Consejo Electoral Nacional (CEN) de Cuba y el Instituto de Informaci\u00f3n y Comunicaci\u00f3n Social (ICS), Alina Balseiro y Alfonso Noya Mart\u00ednez, en el cual se expresa la voluntad para el desarrollo de actividades de asesoramiento, docencia e investigaci\u00f3n cient\u00edfica, intercambio de experiencias, participaci\u00f3n [&hellip;]<\/p>\n","protected":false},"author":7,"featured_media":7754,"comment_status":"open","ping_status":"closed","sticky":false,"template":"","format":"standard","meta":{"_bbp_topic_count":0,"_bbp_reply_count":0,"_bbp_total_topic_count":0,"_bbp_total_reply_count":0,"_bbp_voice_count":0,"_bbp_anonymous_reply_count":0,"_bbp_topic_count_hidden":0,"_bbp_reply_count_hidden":0,"_bbp_forum_subforum_count":0,"_glsr_average":0,"_glsr_ranking":0,"_glsr_reviews":0,"footnotes":""},"categories":[10],"tags":[47,7,39],"class_list":["post-7753","post","type-post","status-publish","format-standard","has-post-thumbnail","hentry","category-nacionales","tag-comunicacion-social","tag-cuba","tag-ics"],"acf":[],"_links":{"self":[{"href":"https:\/\/www.ics.gob.cu\/en\/wp-json\/wp\/v2\/posts\/7753","targetHints":{"allow":["GET"]}}],"collection":[{"href":"https:\/\/www.ics.gob.cu\/en\/wp-json\/wp\/v2\/posts"}],"about":[{"href":"https:\/\/www.ics.gob.cu\/en\/wp-json\/wp\/v2\/types\/post"}],"author":[{"embeddable":true,"href":"https:\/\/www.ics.gob.cu\/en\/wp-json\/wp\/v2\/users\/7"}],"replies":[{"embeddable":true,"href":"https:\/\/www.ics.gob.cu\/en\/wp-json\/wp\/v2\/comments?post=7753"}],"version-history":[{"count":2,"href":"https:\/\/www.ics.gob.cu\/en\/wp-json\/wp\/v2\/posts\/7753\/revisions"}],"predecessor-version":[{"id":7759,"href":"https:\/\/www.ics.gob.cu\/en\/wp-json\/wp\/v2\/posts\/7753\/revisions\/7759"}],"wp:featuredmedia":[{"embeddable":true,"href":"https:\/\/www.ics.gob.cu\/en\/wp-json\/wp\/v2\/media\/7754"}],"wp:attachment":[{"href":"https:\/\/www.ics.gob.cu\/en\/wp-json\/wp\/v2\/media?parent=7753"}],"wp:term":[{"taxonomy":"category","embeddable":true,"href":"https:\/\/www.ics.gob.cu\/en\/wp-json\/wp\/v2\/categories?post=7753"},{"taxonomy":"post_tag","embeddable":true,"href":"https:\/\/www.ics.gob.cu\/en\/wp-json\/wp\/v2\/tags?post=7753"}],"curies":[{"name":"wp","href":"https:\/\/api.w.org\/{rel}","templated":true}]}}