{"id":7780,"date":"2025-07-10T13:43:11","date_gmt":"2025-07-10T13:43:11","guid":{"rendered":"https:\/\/www.ics.gob.cu\/?p=7780"},"modified":"2025-07-10T13:44:14","modified_gmt":"2025-07-10T13:44:14","slug":"quienes-han-sido-aprobados-hasta-el-30-de-mayo-para-el-uso-de-la-marca-pais","status":"publish","type":"post","link":"https:\/\/www.ics.gob.cu\/en\/quienes-han-sido-aprobados-hasta-el-30-de-mayo-para-el-uso-de-la-marca-pais\/","title":{"rendered":"\u00bfQui\u00e9nes han sido aprobados hasta el 30 de mayo para el uso de la Marca Pa\u00eds?"},"content":{"rendered":"<div class=\"pdfprnt-buttons pdfprnt-buttons-post pdfprnt-top-right\"><a href=\"https:\/\/www.ics.gob.cu\/en\/wp-json\/wp\/v2\/posts\/7780?print=print\" class=\"pdfprnt-button pdfprnt-button-print\" target=\"_blank\" ><img decoding=\"async\" src=\"https:\/\/www.ics.gob.cu\/wp-content\/plugins\/pdf-print\/images\/print.png\" alt=\"image_print\" title=\"Print Content\" \/><\/a><\/div>\n<p>Nuestro sitio web pone a disposici\u00f3n de los usuarios en la secci\u00f3n \u00abAprobaciones\u00bb de nuestro Men\u00fa Principal, todos los organismos, \u00f3rganos, entidades del Estado, instituciones y empresas que \u2013 tras su solicitud oficial seg\u00fan lo dispuesto legalmente \u2013 han sido aprobados para el uso de la Marca Pa\u00eds, al cierre del mes de mayo.<\/p>\n\n\n\n<p>Recordamos que tras la entrada en vigor de la Ley 162\/2023 \u201cDe Comunicaci\u00f3n Social\u201d y sus disposiciones normativas reglamentarias, el pasado 4 de octubre de 2024, y de acuerdo con lo dispuesto en el Decreto 54\/2021 \u201cDe la Marca Pa\u00eds de la Rep\u00fablica de Cuba\u201d, las personas naturales y jur\u00eddicas, nacionales y extranjeras, con domicilio o no en el territorio nacional pueden solicitar la autorizaci\u00f3n de su uso con fines organizacionales, en bienes y servicios y para eventos, por lo cual encontrar\u00e1n las Aprobaciones divididas seg\u00fan los usos para los cuales los solicitaron, as\u00ed como la fecha de su aprobaci\u00f3n. <\/p>\n\n\n\n<p>Las v\u00edas para hacer llegar las solicitudes al Consejo de la Marca Pa\u00eds son la plataforma digital habilitada al efecto en la entrada \u00abTR\u00c1MITES\u00bb de nuestro propio sitio web, a trav\u00e9s del correo electr\u00f3nico marcapais.consejo@ics.gob.cu o de manera presencial en la sede del Consejo.<\/p>\n\n\n\n<p>En todos los casos se debe llenar el formulario oficial, acompa\u00f1ado del certifico legal de la instituci\u00f3n u organizaci\u00f3n. En este momento est\u00e1n siendo procesadas otro importante n\u00famero de solicitudes, por lo cual sistem\u00e1ticamente iremos actualizando las aprobaciones correspondientes.<\/p>\n<div class=\"pld-like-dislike-wrap pld-template-1\">\r\n    <div class=\"pld-like-wrap  pld-common-wrap\">\r\n    <a href=\"javascript:void(0)\" class=\"pld-like-trigger pld-like-dislike-trigger\" title=\"\" data-post-id=\"7780\" data-trigger-type=\"like\" data-restriction=\"cookie\" data-already-liked=\"0\">\r\n                        <i class=\"fas fa-thumbs-up\"><\/i>\r\n                <\/a>\r\n    <span class=\"pld-like-count-wrap pld-count-wrap\">1    <\/span>\r\n<\/div><div class=\"pld-dislike-wrap  pld-common-wrap\">\r\n    <a href=\"javascript:void(0)\" class=\"pld-dislike-trigger pld-like-dislike-trigger\" title=\"\" data-post-id=\"7780\" data-trigger-type=\"dislike\" data-restriction=\"cookie\" data-already-liked=\"0\">\r\n                        <i class=\"fas fa-thumbs-down\"><\/i>\r\n                <\/a>\r\n    <span class=\"pld-dislike-count-wrap pld-count-wrap\">0<\/span>\r\n<\/div><\/div>","protected":false},"excerpt":{"rendered":"<p>Nuestro sitio web pone a disposici\u00f3n de los usuarios en la secci\u00f3n \u00abAprobaciones\u00bb de nuestro Men\u00fa Principal, todos los organismos, \u00f3rganos, entidades del Estado, instituciones y empresas que \u2013 tras su solicitud oficial seg\u00fan lo dispuesto legalmente \u2013 han sido aprobados para el uso de la Marca Pa\u00eds, al cierre del mes de mayo. Recordamos [&hellip;]<\/p>\n","protected":false},"author":7,"featured_media":7781,"comment_status":"open","ping_status":"closed","sticky":false,"template":"","format":"standard","meta":{"_bbp_topic_count":0,"_bbp_reply_count":0,"_bbp_total_topic_count":0,"_bbp_total_reply_count":0,"_bbp_voice_count":0,"_bbp_anonymous_reply_count":0,"_bbp_topic_count_hidden":0,"_bbp_reply_count_hidden":0,"_bbp_forum_subforum_count":0,"_glsr_average":0,"_glsr_ranking":0,"_glsr_reviews":0,"footnotes":""},"categories":[10],"tags":[47,7,39,49],"class_list":["post-7780","post","type-post","status-publish","format-standard","has-post-thumbnail","hentry","category-nacionales","tag-comunicacion-social","tag-cuba","tag-ics","tag-marca-pais"],"acf":[],"_links":{"self":[{"href":"https:\/\/www.ics.gob.cu\/en\/wp-json\/wp\/v2\/posts\/7780","targetHints":{"allow":["GET"]}}],"collection":[{"href":"https:\/\/www.ics.gob.cu\/en\/wp-json\/wp\/v2\/posts"}],"about":[{"href":"https:\/\/www.ics.gob.cu\/en\/wp-json\/wp\/v2\/types\/post"}],"author":[{"embeddable":true,"href":"https:\/\/www.ics.gob.cu\/en\/wp-json\/wp\/v2\/users\/7"}],"replies":[{"embeddable":true,"href":"https:\/\/www.ics.gob.cu\/en\/wp-json\/wp\/v2\/comments?post=7780"}],"version-history":[{"count":2,"href":"https:\/\/www.ics.gob.cu\/en\/wp-json\/wp\/v2\/posts\/7780\/revisions"}],"predecessor-version":[{"id":7783,"href":"https:\/\/www.ics.gob.cu\/en\/wp-json\/wp\/v2\/posts\/7780\/revisions\/7783"}],"wp:featuredmedia":[{"embeddable":true,"href":"https:\/\/www.ics.gob.cu\/en\/wp-json\/wp\/v2\/media\/7781"}],"wp:attachment":[{"href":"https:\/\/www.ics.gob.cu\/en\/wp-json\/wp\/v2\/media?parent=7780"}],"wp:term":[{"taxonomy":"category","embeddable":true,"href":"https:\/\/www.ics.gob.cu\/en\/wp-json\/wp\/v2\/categories?post=7780"},{"taxonomy":"post_tag","embeddable":true,"href":"https:\/\/www.ics.gob.cu\/en\/wp-json\/wp\/v2\/tags?post=7780"}],"curies":[{"name":"wp","href":"https:\/\/api.w.org\/{rel}","templated":true}]}}