{"id":7784,"date":"2025-07-10T15:48:27","date_gmt":"2025-07-10T15:48:27","guid":{"rendered":"https:\/\/www.ics.gob.cu\/?p=7784"},"modified":"2025-07-10T15:48:28","modified_gmt":"2025-07-10T15:48:28","slug":"presidente-del-ics-felicita-a-la-ondi-en-su-aniversario-45","status":"publish","type":"post","link":"https:\/\/www.ics.gob.cu\/en\/presidente-del-ics-felicita-a-la-ondi-en-su-aniversario-45\/","title":{"rendered":"Presidente del ICS felicita a la ONDI en su aniversario 45"},"content":{"rendered":"<div class=\"pdfprnt-buttons pdfprnt-buttons-post pdfprnt-top-right\"><a href=\"https:\/\/www.ics.gob.cu\/en\/wp-json\/wp\/v2\/posts\/7784?print=print\" class=\"pdfprnt-button pdfprnt-button-print\" target=\"_blank\" ><img decoding=\"async\" src=\"https:\/\/www.ics.gob.cu\/wp-content\/plugins\/pdf-print\/images\/print.png\" alt=\"image_print\" title=\"Print Content\" \/><\/a><\/div>\n<p>El presidente del Instituto de Informaci\u00f3n y Comunicaci\u00f3n Social (ICS), Alfonso Noya Mart\u00ednez, envi\u00f3 este mi\u00e9rcoles 9 de julio, una carta de felicitaci\u00f3n a la compa\u00f1era Gisela Herrero Garc\u00eda, directora de la Oficina Nacional de Dise\u00f1o (ONDI), a prop\u00f3sito del aniversario 45 de esa instituci\u00f3n.<\/p>\n\n\n\n<figure class=\"wp-block-image size-full\"><img loading=\"lazy\" decoding=\"async\" width=\"870\" height=\"920\" src=\"https:\/\/www.ics.gob.cu\/wp-content\/uploads\/2025\/07\/IMG-20250710-WA0023-rotated.jpg\" alt=\"\" class=\"wp-image-7786\" srcset=\"https:\/\/www.ics.gob.cu\/wp-content\/uploads\/2025\/07\/IMG-20250710-WA0023-rotated.jpg 870w, https:\/\/www.ics.gob.cu\/wp-content\/uploads\/2025\/07\/IMG-20250710-WA0023-284x300.jpg 284w, https:\/\/www.ics.gob.cu\/wp-content\/uploads\/2025\/07\/IMG-20250710-WA0023-768x812.jpg 768w\" sizes=\"auto, (max-width: 870px) 100vw, 870px\" \/><\/figure>\n\n\n\n<p>En la misiva, Noya Mart\u00ednez extiende al colectivo de la ONDI, la m\u00e1s cordial felicitaci\u00f3n en nombre de los directivos, especialistas y trabajadores del ICS y les agradece por la \u00e9tica, la profesionalidad, responsabilidad y compromiso con que los dise\u00f1adores que durante estos a\u00f1os han pertenecido o se han formado como parte de la labor de esa Oficina, asumen sus m\u00e1s diversas misiones.<\/p>\n\n\n\n<p>\u201cLe ratificamos todo nuestro apoyo y disposici\u00f3n para seguir fortaleciendo los lazos de cooperaci\u00f3n que nos unen, en pos de una Cuba  mejor para todos y todas\u201d, concluye el mensaje.<\/p>\n<div class=\"pld-like-dislike-wrap pld-template-1\">\r\n    <div class=\"pld-like-wrap  pld-common-wrap\">\r\n    <a href=\"javascript:void(0)\" class=\"pld-like-trigger pld-like-dislike-trigger\" title=\"\" data-post-id=\"7784\" data-trigger-type=\"like\" data-restriction=\"cookie\" data-already-liked=\"0\">\r\n                        <i class=\"fas fa-thumbs-up\"><\/i>\r\n                <\/a>\r\n    <span class=\"pld-like-count-wrap pld-count-wrap\">0    <\/span>\r\n<\/div><div class=\"pld-dislike-wrap  pld-common-wrap\">\r\n    <a href=\"javascript:void(0)\" class=\"pld-dislike-trigger pld-like-dislike-trigger\" title=\"\" data-post-id=\"7784\" data-trigger-type=\"dislike\" data-restriction=\"cookie\" data-already-liked=\"0\">\r\n                        <i class=\"fas fa-thumbs-down\"><\/i>\r\n                <\/a>\r\n    <span class=\"pld-dislike-count-wrap pld-count-wrap\">0<\/span>\r\n<\/div><\/div>","protected":false},"excerpt":{"rendered":"<p>El presidente del Instituto de Informaci\u00f3n y Comunicaci\u00f3n Social (ICS), Alfonso Noya Mart\u00ednez, envi\u00f3 este mi\u00e9rcoles 9 de julio, una carta de felicitaci\u00f3n a la compa\u00f1era Gisela Herrero Garc\u00eda, directora de la Oficina Nacional de Dise\u00f1o (ONDI), a prop\u00f3sito del aniversario 45 de esa instituci\u00f3n. En la misiva, Noya Mart\u00ednez extiende al colectivo de la [&hellip;]<\/p>\n","protected":false},"author":7,"featured_media":7785,"comment_status":"open","ping_status":"closed","sticky":false,"template":"","format":"standard","meta":{"_bbp_topic_count":0,"_bbp_reply_count":0,"_bbp_total_topic_count":0,"_bbp_total_reply_count":0,"_bbp_voice_count":0,"_bbp_anonymous_reply_count":0,"_bbp_topic_count_hidden":0,"_bbp_reply_count_hidden":0,"_bbp_forum_subforum_count":0,"_glsr_average":0,"_glsr_ranking":0,"_glsr_reviews":0,"footnotes":""},"categories":[10],"tags":[47,7,59,39,64],"class_list":["post-7784","post","type-post","status-publish","format-standard","has-post-thumbnail","hentry","category-nacionales","tag-comunicacion-social","tag-cuba","tag-educacion-para-la-comunicacion","tag-ics","tag-revolucion-cubana"],"acf":[],"_links":{"self":[{"href":"https:\/\/www.ics.gob.cu\/en\/wp-json\/wp\/v2\/posts\/7784","targetHints":{"allow":["GET"]}}],"collection":[{"href":"https:\/\/www.ics.gob.cu\/en\/wp-json\/wp\/v2\/posts"}],"about":[{"href":"https:\/\/www.ics.gob.cu\/en\/wp-json\/wp\/v2\/types\/post"}],"author":[{"embeddable":true,"href":"https:\/\/www.ics.gob.cu\/en\/wp-json\/wp\/v2\/users\/7"}],"replies":[{"embeddable":true,"href":"https:\/\/www.ics.gob.cu\/en\/wp-json\/wp\/v2\/comments?post=7784"}],"version-history":[{"count":2,"href":"https:\/\/www.ics.gob.cu\/en\/wp-json\/wp\/v2\/posts\/7784\/revisions"}],"predecessor-version":[{"id":7788,"href":"https:\/\/www.ics.gob.cu\/en\/wp-json\/wp\/v2\/posts\/7784\/revisions\/7788"}],"wp:featuredmedia":[{"embeddable":true,"href":"https:\/\/www.ics.gob.cu\/en\/wp-json\/wp\/v2\/media\/7785"}],"wp:attachment":[{"href":"https:\/\/www.ics.gob.cu\/en\/wp-json\/wp\/v2\/media?parent=7784"}],"wp:term":[{"taxonomy":"category","embeddable":true,"href":"https:\/\/www.ics.gob.cu\/en\/wp-json\/wp\/v2\/categories?post=7784"},{"taxonomy":"post_tag","embeddable":true,"href":"https:\/\/www.ics.gob.cu\/en\/wp-json\/wp\/v2\/tags?post=7784"}],"curies":[{"name":"wp","href":"https:\/\/api.w.org\/{rel}","templated":true}]}}