{"id":7789,"date":"2025-07-11T00:10:53","date_gmt":"2025-07-11T00:10:53","guid":{"rendered":"https:\/\/www.ics.gob.cu\/?p=7789"},"modified":"2025-07-11T00:12:38","modified_gmt":"2025-07-11T00:12:38","slug":"encuentro-con-actores-economicos-por-una-publicidad-mas-etica-inclusiva-y-efectiva","status":"publish","type":"post","link":"https:\/\/www.ics.gob.cu\/en\/encuentro-con-actores-economicos-por-una-publicidad-mas-etica-inclusiva-y-efectiva\/","title":{"rendered":"Encuentro con actores econ\u00f3micos: Por una publicidad m\u00e1s \u00e9tica, inclusiva y efectiva"},"content":{"rendered":"<div class=\"pdfprnt-buttons pdfprnt-buttons-post pdfprnt-top-right\"><a href=\"https:\/\/www.ics.gob.cu\/en\/wp-json\/wp\/v2\/posts\/7789?print=print\" class=\"pdfprnt-button pdfprnt-button-print\" target=\"_blank\" ><img decoding=\"async\" src=\"https:\/\/www.ics.gob.cu\/wp-content\/plugins\/pdf-print\/images\/print.png\" alt=\"image_print\" title=\"Print Content\" \/><\/a><\/div>\n<p>Como ya es habitual cada mi\u00e9rcoles, se realiz\u00f3 el encuentro con representantes de las formas de gesti\u00f3n no estatal enfocado en las regulaciones, desaf\u00edos y oportunidades que ofrece la Ley 162\/2023 \u201cDe Comunicaci\u00f3n Social\u201d y el Decreto 102, su Reglamento para el ejercicio de la&nbsp;publicidad y el patrocinio. <\/p>\n\n\n\n<p>El evento \u2013 al que asistieron las directivas principales de la Direcci\u00f3n General de Publicidad y Patrocinio del ICS &#8211; reuni\u00f3 a actores no estatales y autoridades locales del capitalino municipio de la Habana Vieja, generando un espacio de di\u00e1logo enriquecedor sobre esos temas en el contexto cubano actual. <\/p>\n\n\n\n<p>Sobre las obligaciones de los anunciantes, se insisti\u00f3 en la importancia de la \u00e9tica publicitaria para propiciar la veracidad de los mensajes y evitar as\u00ed la publicidad il\u00edcita. Se abord\u00f3 ampliamente tambi\u00e9n, lo relacionado con la publicidad en el ciberespacio, en espec\u00edfico el uso de las personas con influencia (influencers), una pr\u00e1ctica que ya es com\u00fan en el pa\u00eds y que se reconoce en el Decreto 102\/2024, sobre todo lo referido a las responsabilidades que adquieren estas personas al hacer publicidad a marcas, productos o servicios. <\/p>\n\n\n\n<p>Preguntas frecuentes entre los participantes se refirieron a la responsabilidad de los m\u00e1s diversos actores econ\u00f3micos en la gesti\u00f3n de sus contenidos en redes sociales y sitios web y el rol de los gestores de ventas, la importancia de su profesionalizaci\u00f3n y alineaci\u00f3n con las normativas vigentes, as\u00ed como el uso de la figura de la mujer en la publicidad de manera equilibrada y respetuosa, alineada con los principios de igualdad y no discriminaci\u00f3n, respeto y apego a la legalidad.<\/p>\n\n\n\n<p>Este tipo de encuentros \u2013 calificado por la directora general de Publicidad y Patrocinio del ICS, <a href=\"https:\/\/x.com\/XeniaLpez7?t=qyQdhBYA76mIf8a3AJQFmg&amp;s=09\"><mark style=\"background-color:rgba(0, 0, 0, 0)\" class=\"has-inline-color has-vivid-cyan-blue-color\">Xenia L\u00f3pez<\/mark><\/a>, en su cuenta en X, como \u201cenriquecedor\u201d \u2013 continuar\u00e1n realiz\u00e1ndose durante los meses venideros a lo largo de todo el pa\u00eds y espec\u00edficamente en julio y agosto en los municipios de la capital.<\/p>\n\n\n\n<p>En cada uno de ellos se reafirma la importancia de la capacitaci\u00f3n, pues la correcta aplicaci\u00f3n de la Ley y sus Reglamentos no solo protege a los actores econ\u00f3micos no estatales, sino que tambi\u00e9n contribuye a una publicidad m\u00e1s \u00e9tica, inclusiva y efectiva.<\/p>\n<div class=\"pld-like-dislike-wrap pld-template-1\">\r\n    <div class=\"pld-like-wrap  pld-common-wrap\">\r\n    <a href=\"javascript:void(0)\" class=\"pld-like-trigger pld-like-dislike-trigger\" title=\"\" data-post-id=\"7789\" data-trigger-type=\"like\" data-restriction=\"cookie\" data-already-liked=\"0\">\r\n                        <i class=\"fas fa-thumbs-up\"><\/i>\r\n                <\/a>\r\n    <span class=\"pld-like-count-wrap pld-count-wrap\">3    <\/span>\r\n<\/div><div class=\"pld-dislike-wrap  pld-common-wrap\">\r\n    <a href=\"javascript:void(0)\" class=\"pld-dislike-trigger pld-like-dislike-trigger\" title=\"\" data-post-id=\"7789\" data-trigger-type=\"dislike\" data-restriction=\"cookie\" data-already-liked=\"0\">\r\n                        <i class=\"fas fa-thumbs-down\"><\/i>\r\n                <\/a>\r\n    <span class=\"pld-dislike-count-wrap pld-count-wrap\">0<\/span>\r\n<\/div><\/div>","protected":false},"excerpt":{"rendered":"<p>Como ya es habitual cada mi\u00e9rcoles, se realiz\u00f3 el encuentro con representantes de las formas de gesti\u00f3n no estatal enfocado en las regulaciones, desaf\u00edos y oportunidades que ofrece la Ley 162\/2023 \u201cDe Comunicaci\u00f3n Social\u201d y el Decreto 102, su Reglamento para el ejercicio de la&nbsp;publicidad y el patrocinio. El evento \u2013 al que asistieron las [&hellip;]<\/p>\n","protected":false},"author":7,"featured_media":7790,"comment_status":"open","ping_status":"closed","sticky":false,"template":"","format":"standard","meta":{"_bbp_topic_count":0,"_bbp_reply_count":0,"_bbp_total_topic_count":0,"_bbp_total_reply_count":0,"_bbp_voice_count":0,"_bbp_anonymous_reply_count":0,"_bbp_topic_count_hidden":0,"_bbp_reply_count_hidden":0,"_bbp_forum_subforum_count":0,"_glsr_average":0,"_glsr_ranking":0,"_glsr_reviews":0,"footnotes":""},"categories":[10],"tags":[47,7,59,39,49],"class_list":["post-7789","post","type-post","status-publish","format-standard","has-post-thumbnail","hentry","category-nacionales","tag-comunicacion-social","tag-cuba","tag-educacion-para-la-comunicacion","tag-ics","tag-marca-pais"],"acf":[],"_links":{"self":[{"href":"https:\/\/www.ics.gob.cu\/en\/wp-json\/wp\/v2\/posts\/7789","targetHints":{"allow":["GET"]}}],"collection":[{"href":"https:\/\/www.ics.gob.cu\/en\/wp-json\/wp\/v2\/posts"}],"about":[{"href":"https:\/\/www.ics.gob.cu\/en\/wp-json\/wp\/v2\/types\/post"}],"author":[{"embeddable":true,"href":"https:\/\/www.ics.gob.cu\/en\/wp-json\/wp\/v2\/users\/7"}],"replies":[{"embeddable":true,"href":"https:\/\/www.ics.gob.cu\/en\/wp-json\/wp\/v2\/comments?post=7789"}],"version-history":[{"count":4,"href":"https:\/\/www.ics.gob.cu\/en\/wp-json\/wp\/v2\/posts\/7789\/revisions"}],"predecessor-version":[{"id":7795,"href":"https:\/\/www.ics.gob.cu\/en\/wp-json\/wp\/v2\/posts\/7789\/revisions\/7795"}],"wp:featuredmedia":[{"embeddable":true,"href":"https:\/\/www.ics.gob.cu\/en\/wp-json\/wp\/v2\/media\/7790"}],"wp:attachment":[{"href":"https:\/\/www.ics.gob.cu\/en\/wp-json\/wp\/v2\/media?parent=7789"}],"wp:term":[{"taxonomy":"category","embeddable":true,"href":"https:\/\/www.ics.gob.cu\/en\/wp-json\/wp\/v2\/categories?post=7789"},{"taxonomy":"post_tag","embeddable":true,"href":"https:\/\/www.ics.gob.cu\/en\/wp-json\/wp\/v2\/tags?post=7789"}],"curies":[{"name":"wp","href":"https:\/\/api.w.org\/{rel}","templated":true}]}}