{"id":7796,"date":"2025-07-11T17:19:36","date_gmt":"2025-07-11T17:19:36","guid":{"rendered":"https:\/\/www.ics.gob.cu\/?p=7796"},"modified":"2025-07-11T18:01:15","modified_gmt":"2025-07-11T18:01:15","slug":"concede-el-ics-condicion-artista-de-merito-2025-a-destacados-profesionales-de-la-radio-cubana","status":"publish","type":"post","link":"https:\/\/www.ics.gob.cu\/en\/concede-el-ics-condicion-artista-de-merito-2025-a-destacados-profesionales-de-la-radio-cubana\/","title":{"rendered":"Conceden Condici\u00f3n Artista de M\u00e9rito 2025 a destacados profesionales de la Radio Cubana"},"content":{"rendered":"<div class=\"pdfprnt-buttons pdfprnt-buttons-post pdfprnt-top-right\"><a href=\"https:\/\/www.ics.gob.cu\/en\/wp-json\/wp\/v2\/posts\/7796?print=print\" class=\"pdfprnt-button pdfprnt-button-print\" target=\"_blank\" ><img decoding=\"async\" src=\"https:\/\/www.ics.gob.cu\/wp-content\/plugins\/pdf-print\/images\/print.png\" alt=\"image_print\" title=\"Print Content\" \/><\/a><\/div>\n<p>El Consejo de Direcci\u00f3n del Instituto de Informaci\u00f3n y Comunicaci\u00f3n Social (ICS), previa aprobaci\u00f3n por el m\u00e1ximo \u00f3rgano de direcci\u00f3n de la Radio Cubana y a propuesta de un prestigioso jurado integrado en su mayor\u00eda por Premios Nacionales y otros profesionales del medio de una prestigiosa trayectoria, acord\u00f3 este viernes hacer entrega de la Condici\u00f3n de Artistas de M\u00e9rito a los siguientes compa\u00f1eros y compa\u00f1eras:<\/p>\n\n\n\n<ul class=\"wp-block-list\">\n<li>Mar\u00eda del Carmen Stable R\u00edos (Radio Ciudad de Mar) <\/li>\n<\/ul>\n\n\n\n<ul class=\"wp-block-list\">\n<li>Rosa Orlides Cardoza Bartutis (CMDX \u201cLa Voz del Toa). <\/li>\n<\/ul>\n\n\n\n<ul class=\"wp-block-list\">\n<li>Leonardo Fonseca Ramos (Radio Portada De La Libertad. Granma)<\/li>\n<\/ul>\n\n\n\n<ul class=\"wp-block-list\">\n<li>Mairym Palmero Pascual (Radio Progreso)<\/li>\n<\/ul>\n\n\n\n<ul class=\"wp-block-list\">\n<li>Abel Rosales Ginarte (Radio Habana Cuba)<\/li>\n<\/ul>\n\n\n\n<ul class=\"wp-block-list\">\n<li>Bruno Su\u00e1rez Romero (Radio Rebelde)<\/li>\n<\/ul>\n\n\n\n<ul class=\"wp-block-list\">\n<li>Rebeca \u00c1lvarez Ceballos (Radio Caibari\u00e9n, Villa Clara)<\/li>\n<\/ul>\n\n\n\n<ul class=\"wp-block-list\">\n<li>Martha Viciedo Concepci\u00f3n. (Radio Sancti Sp\u00edritus)<\/li>\n<\/ul>\n\n\n\n<ul class=\"wp-block-list\">\n<li>Daysi Mari Acosta Mac\u00edas. (Santiago de Cuba)<\/li>\n<\/ul>\n\n\n\n<ul class=\"wp-block-list\">\n<li>Jorge Melanio Carbonell L\u00f3pez (Radio Victoria, Las Tunas)<\/li>\n<\/ul>\n\n\n\n<ul class=\"wp-block-list\">\n<li>Yusivan L\u00f3pez Su\u00e1rez (Radio Artemisa)<\/li>\n<\/ul>\n\n\n\n<ul class=\"wp-block-list\">\n<li>Otto Bra\u00f1a Gonz\u00e1lez, (locutor, artista y actual Director de Patrimonio del ICS)<\/li>\n<\/ul>\n\n\n\n<p>Este Reconocimiento ser\u00e1 entregado el pr\u00f3ximo d\u00eda 22 de agosto \u2013 junto al Premio Nacional de la Radio a Argelia Pera Trapero \u2013 en acto oficial por el aniversario 103 de las primeras transmisiones continuadas de la Radio en Cuba. <\/p>\n\n\n\n<p>Adjuntamos un resumen de las trayectorias de estos destacados profesionales, lo cual avala la Condici\u00f3n Otorgada, reiter\u00e1ndoles la felicitaci\u00f3n de los directivos y trabajadores del ICS.  <\/p>\n\n\n\n<p><strong>Mar\u00eda del Carmen Stable R\u00edos<\/strong>. (Radio Ciudad de Mar) Con una profunda trayectoria durante 38 a\u00f1os en la radio en emisoras de diferentes provincias como de locutora, guionista y directora de programas. Ha obtenido premios en los Festivales  provinciales Y Nacionales de la Radio. Ostenta importantes reconocimientos como la  distinci\u00f3n \u201cRa\u00fal G\u00f3mez Garc\u00eda\u201d, los sellos 85 y 90 aniversario de la radio y El micr\u00f3fono de la Radio Cubana y ha recibido e impartido cursos y talleres de diferentes especialidades.<\/p>\n\n\n\n<p><strong>Rosa Orlides Cardoza Bartutis<\/strong>. (Emisora CMDX \u201cLa Voz del Toa\u201d. Ha tenido una labor destacada e ininterrumpida en la radio durante 35 a\u00f1os en los que ha laborado como directora, asesora y realizadora de sonidos de diferentes programas.  Ha obtenido m\u00e1s de  40 premios en concursos de la radio realizados a nivel Municipal, Provincial y Nacional; as\u00ed como en Festivales Caracol. Ostenta importantes reconocimientos como Micr\u00f3fono de la radio cubana, Sello 90 aniversario de la radio cubana. Ha recibido e impartido diversos cursos de superaci\u00f3n.<\/p>\n\n\n\n<p><strong>Leonardo Fonseca Ramos<\/strong> (Radio Portada De La Libertad. Granma). Con una destacada trayectoria de 25 a\u00f1os en el medio radial como director, locutor y escritor. Acumula varios premios en festivales municipales, provinciales y nacionales de la radio y resalta su participaci\u00f3n activa en eventos culturales y art\u00edsticos.<\/p>\n\n\n\n<p><strong>Mairym Palmero Pascual<\/strong> (Radio Progreso). Reconocida por m\u00e1s 25 a\u00f1os como directora, guionista y locutora de programa.  Atesora varios premios en Festivales Nacionales de la Radio y otros concursos. Ha recibido reconocimientos como el sello 95 aniversario de la radio y premio Nueva Generaci\u00f3n y ha recibido diversos cursos y diplomados.<\/p>\n\n\n\n<p><strong>Abel Rosales Ginarte<\/strong> (Radio Habana Cuba) Durante 30 a\u00f1os en la radio, se ha desempe\u00f1ado como periodista, locutor y realizador general en varias emisoras, con una amplia hoja de servicios que incluye premios y grandes premios en Festivales Nacionales de la radio y otros concursos, incluidos internacionales. En su curr\u00edculum sobresalen reconocimientos como el Premio Nacional de Periodismo Cultural Rub\u00e9n Mart\u00ednez Villena en dos ocasiones. Su labor ha irradiado hacia otros confines como Radio Internacional de China y la Comisi\u00f3n de prensa de la Asociaci\u00f3n Cubana de Naciones Unidas, ACNU. <\/p>\n\n\n\n<p><strong>Bruno Su\u00e1rez Romero<\/strong> (Radio Rebelde) M\u00e1s de 34 a\u00f1os en el medio avalan este reconocimiento al que le ha aportado su sapiencia como director y realizador de sonidos en varias emisoras. Su trabajo se ha expandido m\u00e1s all\u00e1 de nuestras fronteras como asesor en la Radio Nacional de Guinea Ecuatorial e imparti\u00f3 cursos y talleres en esa naci\u00f3n del \u00c1frica Central. Ha obtenido premios y grandes premios en Festivales Nacionales de la radio y otros concursos y ha fungido como jurado en importantes eventos. <\/p>\n\n\n\n<p><strong>Rebeca \u00c1lvarez Ceballos<\/strong> (Radio Caibari\u00e9n,Villa Clara). Ha tenido una labor destacada e ininterrumpida durante 40 a\u00f1os, Fundadora de Radio Caibari\u00e9n , emisora en la que se desempe\u00f1a como directora y guionista y a la cual ha puesto todo su empe\u00f1o y consagraci\u00f3n, hasta en las m\u00e1s dif\u00edciles condiciones. Ha obtenido premios e importantes reconocimientos en Festivales nacionales de la radio y otros cert\u00e1menes.<\/p>\n\n\n\n<p><strong>Martha Viciedo Concepci\u00f3n<\/strong>. (Radio Sancti Sp\u00edritus). Durante 38 a\u00f1os en la emisora se ha desempe\u00f1ado como guionista y directora de programas. Fue reconocida con la Medalla Ra\u00fal G\u00f3mez Garc\u00eda. Obtuvo premios y reconocimientos en diversos cert\u00e1menes.<\/p>\n\n\n\n<p><strong>Daysi Mari Acosta Mac\u00edas<\/strong>. (Santiago de Cuba). Se reconoce su meritoria labor por casi cuatro d\u00e9cadas en la radio en la que se ha desempe\u00f1ado en diferentes especialidades, con profesionalidad, compromiso y mucho dinamismo. Ha sido premiada en diversos festivales y eventos.<\/p>\n\n\n\n<p><strong>Jorge Melanio Carbonell L\u00f3pez<\/strong> (Radio Victoria, Las Tunas) Ha tenido un gran desempe\u00f1o por 50 a\u00f1os en la radio, medio en el que se ha fungido esencialmente como locutor. En su aval se distingue un centenar de diplomas acreditativos de los reconocimientos y premios obtenidos en diferentes eventos y festivales de la radio a todos los niveles. Ostenta adem\u00e1s sello por el aniversario 90 de la radio cubana y el micr\u00f3fono de la Radio cubana.<\/p>\n\n\n\n<p><strong>Yusivan L\u00f3pez Su\u00e1rez<\/strong> de Radio Artemisa, Director de Programas. Realizador de Sonido con 28 a\u00f1os de trabajo. Por su destacada labor, ha obtenido varios con Premios Individuales, Grandes Premios y Multipremiado en Festivales Nacionales y Provinciales de Radio. <\/p>\n\n\n\n<p><strong>Otto Bra\u00f1a Gonz\u00e1lez<\/strong>. Licenciado en Comunicaci\u00f3n Audiovisual y Master en Gesti\u00f3n del Patrimonio Hist\u00f3rico-Documental de la M\u00fasica, ha desarrollado una destacada trayectoria en la Radio Cubana, durante m\u00e1s de 30 a\u00f1os como locutor, actor, guionista y director de programas radiales. Como artista se mantiene realizando programas como \u201cM\u00fasica de C\u00e1mara\u201d, \u201cNessum Dorma\u201d, \u201cA Tempo\u201d y \u201cA Coro\u201d en CMBF Radio Musical Nacional y Opus Habana y Desde el Coraz\u00f3n de La Habana, en Habana Radio. Desde hace dos a\u00f1os organiza, junto a la Direcci\u00f3n General de la Radio Cubana, el evento y programa Radio Morfosis Cuba, de la Asociaci\u00f3n de Televisiones Educativas y Culturales de Iberoam\u00e9rica (ATEI), para pensar la radio del presente y el futuro. Ha recibido premios y reconocimientos y ha sido Jurado en diferentes cert\u00e1menes nacionales e internacionales como el Premio Caracol.<\/p>\n\n\n\n<p><\/p>\n<div class=\"pld-like-dislike-wrap pld-template-1\">\r\n    <div class=\"pld-like-wrap  pld-common-wrap\">\r\n    <a href=\"javascript:void(0)\" class=\"pld-like-trigger pld-like-dislike-trigger\" title=\"\" data-post-id=\"7796\" data-trigger-type=\"like\" data-restriction=\"cookie\" data-already-liked=\"0\">\r\n                        <i class=\"fas fa-thumbs-up\"><\/i>\r\n                <\/a>\r\n    <span class=\"pld-like-count-wrap pld-count-wrap\">2    <\/span>\r\n<\/div><div class=\"pld-dislike-wrap  pld-common-wrap\">\r\n    <a href=\"javascript:void(0)\" class=\"pld-dislike-trigger pld-like-dislike-trigger\" title=\"\" data-post-id=\"7796\" data-trigger-type=\"dislike\" data-restriction=\"cookie\" data-already-liked=\"0\">\r\n                        <i class=\"fas fa-thumbs-down\"><\/i>\r\n                <\/a>\r\n    <span class=\"pld-dislike-count-wrap pld-count-wrap\">0<\/span>\r\n<\/div><\/div>","protected":false},"excerpt":{"rendered":"<p>El Consejo de Direcci\u00f3n del Instituto de Informaci\u00f3n y Comunicaci\u00f3n Social (ICS), previa aprobaci\u00f3n por el m\u00e1ximo \u00f3rgano de direcci\u00f3n de la Radio Cubana y a propuesta de un prestigioso jurado integrado en su mayor\u00eda por Premios Nacionales y otros profesionales del medio de una prestigiosa trayectoria, acord\u00f3 este viernes hacer entrega de la Condici\u00f3n [&hellip;]<\/p>\n","protected":false},"author":7,"featured_media":7797,"comment_status":"open","ping_status":"closed","sticky":false,"template":"","format":"standard","meta":{"_bbp_topic_count":0,"_bbp_reply_count":0,"_bbp_total_topic_count":0,"_bbp_total_reply_count":0,"_bbp_voice_count":0,"_bbp_anonymous_reply_count":0,"_bbp_topic_count_hidden":0,"_bbp_reply_count_hidden":0,"_bbp_forum_subforum_count":0,"_glsr_average":0,"_glsr_ranking":0,"_glsr_reviews":0,"footnotes":""},"categories":[10],"tags":[47,7,39],"class_list":["post-7796","post","type-post","status-publish","format-standard","has-post-thumbnail","hentry","category-nacionales","tag-comunicacion-social","tag-cuba","tag-ics"],"acf":[],"_links":{"self":[{"href":"https:\/\/www.ics.gob.cu\/en\/wp-json\/wp\/v2\/posts\/7796","targetHints":{"allow":["GET"]}}],"collection":[{"href":"https:\/\/www.ics.gob.cu\/en\/wp-json\/wp\/v2\/posts"}],"about":[{"href":"https:\/\/www.ics.gob.cu\/en\/wp-json\/wp\/v2\/types\/post"}],"author":[{"embeddable":true,"href":"https:\/\/www.ics.gob.cu\/en\/wp-json\/wp\/v2\/users\/7"}],"replies":[{"embeddable":true,"href":"https:\/\/www.ics.gob.cu\/en\/wp-json\/wp\/v2\/comments?post=7796"}],"version-history":[{"count":6,"href":"https:\/\/www.ics.gob.cu\/en\/wp-json\/wp\/v2\/posts\/7796\/revisions"}],"predecessor-version":[{"id":7804,"href":"https:\/\/www.ics.gob.cu\/en\/wp-json\/wp\/v2\/posts\/7796\/revisions\/7804"}],"wp:featuredmedia":[{"embeddable":true,"href":"https:\/\/www.ics.gob.cu\/en\/wp-json\/wp\/v2\/media\/7797"}],"wp:attachment":[{"href":"https:\/\/www.ics.gob.cu\/en\/wp-json\/wp\/v2\/media?parent=7796"}],"wp:term":[{"taxonomy":"category","embeddable":true,"href":"https:\/\/www.ics.gob.cu\/en\/wp-json\/wp\/v2\/categories?post=7796"},{"taxonomy":"post_tag","embeddable":true,"href":"https:\/\/www.ics.gob.cu\/en\/wp-json\/wp\/v2\/tags?post=7796"}],"curies":[{"name":"wp","href":"https:\/\/api.w.org\/{rel}","templated":true}]}}