{"id":7805,"date":"2025-07-22T16:06:46","date_gmt":"2025-07-22T16:06:46","guid":{"rendered":"https:\/\/www.ics.gob.cu\/?p=7805"},"modified":"2025-07-22T16:06:48","modified_gmt":"2025-07-22T16:06:48","slug":"desde-la-escuela-ramal-del-ics-articulacion-formacion-y-educacion-para-la-comunicacion","status":"publish","type":"post","link":"https:\/\/www.ics.gob.cu\/en\/desde-la-escuela-ramal-del-ics-articulacion-formacion-y-educacion-para-la-comunicacion\/","title":{"rendered":"Desde la Escuela Ramal del ICS: articulaci\u00f3n, formaci\u00f3n y educaci\u00f3n para la comunicaci\u00f3n"},"content":{"rendered":"<div class=\"pdfprnt-buttons pdfprnt-buttons-post pdfprnt-top-right\"><a href=\"https:\/\/www.ics.gob.cu\/en\/wp-json\/wp\/v2\/posts\/7805?print=print\" class=\"pdfprnt-button pdfprnt-button-print\" target=\"_blank\" ><img decoding=\"async\" src=\"https:\/\/www.ics.gob.cu\/wp-content\/plugins\/pdf-print\/images\/print.png\" alt=\"image_print\" title=\"Print Content\" \/><\/a><\/div>\n<p>\u00abLa Escuela Ramal del Instituto de Informaci\u00f3n y Comunicaci\u00f3n Social (ICS) es mi proyecto m\u00e1s querido, lo siento como la c\u00faspide de mi vida profesional por la importancia que tiene en el contexto actual que vive nuestro pa\u00eds y sobre todo por lo que podemos hacer desde aqu\u00ed para contribuir a que los procesos de comunicaci\u00f3n sean cada vez m\u00e1s eficaces\u00bb. <\/p>\n\n\n\n<p>As\u00ed, como quien habla de su creaci\u00f3n, con esp\u00edritu maternal, reflexiona la Dra Cs. Amada G\u00e1rciga Dom\u00ednguez lo que ha sido para ella dirigir la joven instituci\u00f3n acad\u00e9mica, que apenas cumpli\u00f3 dos a\u00f1os de creada el pasado 3 de julio. <\/p>\n\n\n\n<p>\u00abSi bien me he desempe\u00f1ado en otras instituciones siempre desde el punto de vista acad\u00e9mico, aqu\u00ed he podido aplicar toda esa experiencia profesional que he adquirido y me ha enriquecido much\u00edsimo, enfatiza. <\/p>\n\n\n\n<p>Para la profe Amada &#8211; como cari\u00f1osamente la conocen y le dicen en el ICS y tambi\u00e9n directivos y profesionales de casi todas las provincias que en este corto tiempo ya han pasado por la Escuela &#8211; su colectivo de trabajo, ese que se ha ido formando en poco tiempo, es excepcional, \u201csin el cual nada de lo que la Escuela hoy ha logrado hubiera sido posible\u201d. <\/p>\n\n\n\n<p>Yo creo que funciona como una como una gran casa y hemos tratado de que ese sea el sentimiento que recibe cada persona que viene hasta ac\u00e1. En estos dos a\u00f1os hemos crecido como una familia, con paso acelerado, a veces con tropiezos, pero siempre con las ganas de que cada vez el trabajo sea mejor\u201d.<\/p>\n\n\n\n<p>Sobre estos y otros temas dialogamos ampliamente, a prop\u00f3sito del aniversario de la Escuela, con Amada G\u00e1rciga Dom\u00ednguez, directora de la Escuela Ramal del ICS.<\/p>\n\n\n\n<p><strong>\u00bfC\u00f3mo arriba la Escuela Ramal a su segundo aniversario? \u00bfCu\u00e1nto ha aportado?<\/strong><\/p>\n\n\n\n<p>\u201cEn dos a\u00f1os se ha recorrido un camino arduo porque as\u00ed lo demandaba nuestro Instituto, precisamente para superar y capacitar a sus cuadros y a sus trabajadores y desde el inicio hemos tratado de tener resultados muy satisfactorios. <\/p>\n\n\n\n<p>En el primer a\u00f1o la instituci\u00f3n b\u00e1sicamente se dedic\u00f3 a cursos de capacitaci\u00f3n y necesit\u00e1bamos una categor\u00eda que otorga el Ministerio de Educaci\u00f3n Superior que autoriza a impartir posgrados y otras clasificaciones. Hoy por suerte ya la tenemos, lo que hace que nuestro espectro crezca mucho m\u00e1s. <\/p>\n\n\n\n<p>Por ejemplo, ya estamos contando con m\u00e1s de 38 cursos de posgrado y otras formas de superaci\u00f3n como el entrenamiento, el sistema de conferencias, talleres.<\/p>\n\n\n\n<p>Este a\u00f1o 2025 comenzamos los cursos de posgrado para los directivos de empresas, de otras Escuelas Ramales y de Organismos de la Administraci\u00f3n Central del Estado. M\u00e1s de 10 organismos han accedido al curso que tiene que ver con la implementaci\u00f3n de la Ley 162\/2023 De Comunicaci\u00f3n Social y sus reglamentos. <\/p>\n\n\n\n<p>Todo ello ha permitido que para el mes de octubre estemos convocando a un coloquio sobre buenas pr\u00e1cticas en la implementaci\u00f3n de la Ley de Comunicaci\u00f3n Social, un encuentro que convoca la escuela y que esperamos sea un logro para nosotros.<\/p>\n\n\n\n<p>Si de resultados hablamos, el a\u00f1o pasado tuvimos un total de graduados de m\u00e1s de 450, la mayor\u00eda directivos de todo el pa\u00eds. Estamos hablando de directores provinciales de Informaci\u00f3n y Comunicaci\u00f3n social, jefes de departamentos de nuestras estructuras municipales, los propios directivos, especialistas, asesores jur\u00eddicos y t\u00e9cnicos del ICS. <\/p>\n\n\n\n<p>Se formaron aqu\u00ed tambi\u00e9n los inspectores para la comunicaci\u00f3n social y trabajamos con los cuadros de direcci\u00f3n nuestros sistemas de la radio, la televisi\u00f3n y nuestras empresas\u201d. <\/p>\n\n\n\n<figure class=\"wp-block-image size-full\"><img loading=\"lazy\" decoding=\"async\" width=\"1020\" height=\"572\" src=\"https:\/\/www.ics.gob.cu\/wp-content\/uploads\/2025\/07\/1000397125.jpg\" alt=\"\" class=\"wp-image-7809\" srcset=\"https:\/\/www.ics.gob.cu\/wp-content\/uploads\/2025\/07\/1000397125.jpg 1020w, https:\/\/www.ics.gob.cu\/wp-content\/uploads\/2025\/07\/1000397125-300x168.jpg 300w, https:\/\/www.ics.gob.cu\/wp-content\/uploads\/2025\/07\/1000397125-768x431.jpg 768w\" sizes=\"auto, (max-width: 1020px) 100vw, 1020px\" \/><\/figure>\n\n\n\n<p><strong>En relaci\u00f3n al Programa de Educaci\u00f3n para la Comunicaci\u00f3n en sus primeras etapas, \u00bfqu\u00e9 papel juega la Escuela Ramal?<\/strong><\/p>\n\n\n\n<p>\u201cEl Programa \u201cEducaci\u00f3n para la Comunicaci\u00f3n: Comunicar con Responsabilidad\u201d, es uno de los pilares de nuestro trabajo; nuestro centro funge como coordinador y entre sus funciones est\u00e1 la de organizar su ejecuci\u00f3n. <\/p>\n\n\n\n<p>Como parte de las acciones de formaci\u00f3n, tambi\u00e9n tenemos planes acad\u00e9micos por cada uno de los \u00e1mbitos de la comunicaci\u00f3n definidos en la ley, donde la capacitaci\u00f3n juega un papel muy importante y se han ido dise\u00f1ando acciones de superaci\u00f3n ajustados a cada uno de ellos y en su conjunto, a la gesti\u00f3n estrat\u00e9gica e integrada de la comunicaci\u00f3n social. <\/p>\n\n\n\n<p>Como parte de la firma de Convenios del ICS con OACEs, entidades, instituciones organizaciones de masas, la Escuela ha dise\u00f1ado acciones de capacitaci\u00f3n seg\u00fan las necesidades de cada centro y atendiendo a las caracter\u00edsticas de su misi\u00f3n, funciones.<\/p>\n\n\n\n<p> Hemos tratado de cubrir la mayor cantidad de nichos en este sentido y llevar a nuestras aulas, docentes capacitados que puedan suplir los posibles vac\u00edos y preparar de manera concreta en cada espacio profesional lo que se solicita o m\u00e1s se necesita.<\/p>\n\n\n\n<p>Por nuestra parte hemos firmado tambi\u00e9n nuestros propios Convenios, como con el Centro de Gesti\u00f3n del Conocimiento de Comercio Interior, el Centro de Capacitaci\u00f3n del MININT, el Centro de Tecnolog\u00eda y Sistemas, La Sociedad Cultural \u201cJos\u00e9 Mart\u00ed\u201d, el Grupo Empresarial de Aguas Terrestres, la Asociaci\u00f3n Cubana de Comunicadores Sociales, entre otras experiencias positivas como la relaci\u00f3n con la Escuela Primaria Conrado Ben\u00edtez de nuestra comunidad o la del Circo Nacional de Cuba.<\/p>\n\n\n\n<p>Educar para la comunicaci\u00f3n se ha convertido en un eje transversal para el trabajo no solamente del organismo sino de la sociedad en general, y para la Escuela  tiene primordial significaci\u00f3n, pues recae en sus hombros la responsabilidad de contribuir a la superaci\u00f3n y preparaci\u00f3n de profesionales con responsabilidades de direcci\u00f3n u otros interesados no solo en la implementaci\u00f3n de la Ley de Comunicaci\u00f3n y sus disposiciones, sino en c\u00f3mo contribuir a una sociedad m\u00e1s y mejor comunicada.<\/p>\n\n\n\n<p>En ese sentido entendemos como muy necesaria la vinculaci\u00f3n con otras instituciones acad\u00e9micas, hom\u00f3logas, de las cuales aprendemos y nos podemos nutrir. <\/p>\n\n\n\n<p>Se ha defendido el v\u00ednculo con el Instituto de Ciencias Pedag\u00f3gicas, con la Asociaci\u00f3n de Pedagogos de Cuba, queremos estrechar los lazos con la Asociaci\u00f3n de Sordos, la de Limitados F\u00edsico-motores, la de Ciegos y D\u00e9biles Visuales, para lograr que el programa sea m\u00e1s equitativo, m\u00e1s inclusivo y m\u00e1s participativo\u201d.<\/p>\n\n\n\n<p><strong>\u00bfCu\u00e1les son las proyecciones a corto plazo?  <\/strong><\/p>\n\n\n\n<p>Queremos trabajar en la convocatoria de un Diplomado de Comunicaci\u00f3n Social; en un programa de formaci\u00f3n para profesionales que se est\u00e1n desempe\u00f1ando como comunicadores y no son graduados de comunicaci\u00f3n social o periodismo, esta es una meta que tenemos para finales del segundo semestre del a\u00f1o, porque creemos que realmente es una necesidad.  <\/p>\n\n\n\n<p>Trabajamos ya para lograr la presentaci\u00f3n y aprobaci\u00f3n de un proyecto de investigaci\u00f3n relacionado al trabajo comunitario, la educaci\u00f3n para la comunicaci\u00f3n desde el punto de vista comunitario es una prioridad y hay ya acciones implement\u00e1ndose, pero debemos dar un salto grande en este \u00e1mbito porque entendemos que hay mucho que podemos hacer y hacia ah\u00ed vamos.<\/p>\n\n\n\n<p><\/p>\n<div class=\"pld-like-dislike-wrap pld-template-1\">\r\n    <div class=\"pld-like-wrap  pld-common-wrap\">\r\n    <a href=\"javascript:void(0)\" class=\"pld-like-trigger pld-like-dislike-trigger\" title=\"\" data-post-id=\"7805\" data-trigger-type=\"like\" data-restriction=\"cookie\" data-already-liked=\"0\">\r\n                        <i class=\"fas fa-thumbs-up\"><\/i>\r\n                <\/a>\r\n    <span class=\"pld-like-count-wrap pld-count-wrap\">1    <\/span>\r\n<\/div><div class=\"pld-dislike-wrap  pld-common-wrap\">\r\n    <a href=\"javascript:void(0)\" class=\"pld-dislike-trigger pld-like-dislike-trigger\" title=\"\" data-post-id=\"7805\" data-trigger-type=\"dislike\" data-restriction=\"cookie\" data-already-liked=\"0\">\r\n                        <i class=\"fas fa-thumbs-down\"><\/i>\r\n                <\/a>\r\n    <span class=\"pld-dislike-count-wrap pld-count-wrap\">0<\/span>\r\n<\/div><\/div>","protected":false},"excerpt":{"rendered":"<p>\u00abLa Escuela Ramal del Instituto de Informaci\u00f3n y Comunicaci\u00f3n Social (ICS) es mi proyecto m\u00e1s querido, lo siento como la c\u00faspide de mi vida profesional por la importancia que tiene en el contexto actual que vive nuestro pa\u00eds y sobre todo por lo que podemos hacer desde aqu\u00ed para contribuir a que los procesos de [&hellip;]<\/p>\n","protected":false},"author":10,"featured_media":7808,"comment_status":"open","ping_status":"closed","sticky":false,"template":"","format":"standard","meta":{"_bbp_topic_count":0,"_bbp_reply_count":0,"_bbp_total_topic_count":0,"_bbp_total_reply_count":0,"_bbp_voice_count":0,"_bbp_anonymous_reply_count":0,"_bbp_topic_count_hidden":0,"_bbp_reply_count_hidden":0,"_bbp_forum_subforum_count":0,"_glsr_average":0,"_glsr_ranking":0,"_glsr_reviews":0,"footnotes":""},"categories":[10],"tags":[85,47,7,59,39],"class_list":["post-7805","post","type-post","status-publish","format-standard","has-post-thumbnail","hentry","category-nacionales","tag-comunicacion-comunitaria","tag-comunicacion-social","tag-cuba","tag-educacion-para-la-comunicacion","tag-ics"],"acf":[],"_links":{"self":[{"href":"https:\/\/www.ics.gob.cu\/en\/wp-json\/wp\/v2\/posts\/7805","targetHints":{"allow":["GET"]}}],"collection":[{"href":"https:\/\/www.ics.gob.cu\/en\/wp-json\/wp\/v2\/posts"}],"about":[{"href":"https:\/\/www.ics.gob.cu\/en\/wp-json\/wp\/v2\/types\/post"}],"author":[{"embeddable":true,"href":"https:\/\/www.ics.gob.cu\/en\/wp-json\/wp\/v2\/users\/10"}],"replies":[{"embeddable":true,"href":"https:\/\/www.ics.gob.cu\/en\/wp-json\/wp\/v2\/comments?post=7805"}],"version-history":[{"count":2,"href":"https:\/\/www.ics.gob.cu\/en\/wp-json\/wp\/v2\/posts\/7805\/revisions"}],"predecessor-version":[{"id":7811,"href":"https:\/\/www.ics.gob.cu\/en\/wp-json\/wp\/v2\/posts\/7805\/revisions\/7811"}],"wp:featuredmedia":[{"embeddable":true,"href":"https:\/\/www.ics.gob.cu\/en\/wp-json\/wp\/v2\/media\/7808"}],"wp:attachment":[{"href":"https:\/\/www.ics.gob.cu\/en\/wp-json\/wp\/v2\/media?parent=7805"}],"wp:term":[{"taxonomy":"category","embeddable":true,"href":"https:\/\/www.ics.gob.cu\/en\/wp-json\/wp\/v2\/categories?post=7805"},{"taxonomy":"post_tag","embeddable":true,"href":"https:\/\/www.ics.gob.cu\/en\/wp-json\/wp\/v2\/tags?post=7805"}],"curies":[{"name":"wp","href":"https:\/\/api.w.org\/{rel}","templated":true}]}}