{"id":7816,"date":"2025-07-24T19:38:47","date_gmt":"2025-07-24T19:38:47","guid":{"rendered":"https:\/\/www.ics.gob.cu\/?p=7816"},"modified":"2025-07-24T19:40:08","modified_gmt":"2025-07-24T19:40:08","slug":"celebra-el-ics-dia-de-la-rebeldia-nacional-y-aniversario-20-de-telesur","status":"publish","type":"post","link":"https:\/\/www.ics.gob.cu\/en\/celebra-el-ics-dia-de-la-rebeldia-nacional-y-aniversario-20-de-telesur\/","title":{"rendered":"Celebra el ICS d\u00eda de la Rebeld\u00eda Nacional y aniversario 20 de TeleSUR"},"content":{"rendered":"<div class=\"pdfprnt-buttons pdfprnt-buttons-post pdfprnt-top-right\"><a href=\"https:\/\/www.ics.gob.cu\/en\/wp-json\/wp\/v2\/posts\/7816?print=print\" class=\"pdfprnt-button pdfprnt-button-print\" target=\"_blank\" ><img decoding=\"async\" src=\"https:\/\/www.ics.gob.cu\/wp-content\/plugins\/pdf-print\/images\/print.png\" alt=\"image_print\" title=\"Print Content\" \/><\/a><\/div>\n<p>Hace 72 a\u00f1os, un grupo de j\u00f3venes rebeldes, quienes se propusieron no dejar morir las ideas del Ap\u00f3stol Jos\u00e9 Mart\u00ed en el a\u00f1o de su centenario, reiniciaron un camino de lucha que no ha cesado. De Mart\u00ed hab\u00edamos aprendido tambi\u00e9n a conocer m\u00e1s a un hombre como Sim\u00f3n Bol\u00edvar, a quien le rendimos tributo hoy, en el aniversario 242 de su natalicio y que despu\u00e9s el Comandante Ch\u00e1vez nos devolviera erigido en esencia e inspiraci\u00f3n para transformar, construir, desafiar poderosas fuerzas con los pueblos como protagonistas y la unidad como bandera. As\u00ed se ratific\u00f3 esta ma\u00f1ana de jueves, durante la celebraci\u00f3n en nuestro Instituto, del D\u00eda de la Rebeld\u00eda Nacional y el aniversario 20 de la multiestatal <a href=\"https:\/\/x.com\/teleSURtv\"><mark style=\"background-color:rgba(0, 0, 0, 0)\" class=\"has-inline-color has-vivid-cyan-blue-color\">TeleSUR<\/mark><\/a>.<\/p>\n\n\n<div class=\"wp-block-image\">\n<figure class=\"aligncenter size-large is-resized\"><img loading=\"lazy\" decoding=\"async\" width=\"1024\" height=\"576\" src=\"https:\/\/www.ics.gob.cu\/wp-content\/uploads\/2025\/07\/1-1024x576.jpeg\" alt=\"\" class=\"wp-image-7818\" style=\"width:572px;height:auto\" srcset=\"https:\/\/www.ics.gob.cu\/wp-content\/uploads\/2025\/07\/1-1024x576.jpeg 1024w, https:\/\/www.ics.gob.cu\/wp-content\/uploads\/2025\/07\/1-300x169.jpeg 300w, https:\/\/www.ics.gob.cu\/wp-content\/uploads\/2025\/07\/1-768x432.jpeg 768w, https:\/\/www.ics.gob.cu\/wp-content\/uploads\/2025\/07\/1.jpeg 1080w\" sizes=\"auto, (max-width: 1024px) 100vw, 1024px\" \/><\/figure>\n<\/div>\n\n\n<p>Presidido por Liuba Moreno, funcionaria del departamento ideol\u00f3gico del Comit\u00e9 Central del <a href=\"https:\/\/www.facebook.com\/PartidoComunistaCuba\"><mark style=\"background-color:rgba(0, 0, 0, 0)\" class=\"has-inline-color has-vivid-cyan-blue-color\">Partido Comunista de Cuba<\/mark><\/a>, <a href=\"https:\/\/x.com\/alfonso_noya\"><mark style=\"background-color:rgba(0, 0, 0, 0)\" class=\"has-inline-color has-vivid-cyan-blue-color\">Alfonso Noya Mart\u00ednez<\/mark><\/a> y Onelio Castillo Corder\u00ed, presidente y vicepresidente primero del ICS, respectivamente, en el encuentro realizado en el emblem\u00e1tico edificio de la radio y televisi\u00f3n cubanas, participaron adem\u00e1s, embajadores de pa\u00edses del <a href=\"https:\/\/x.com\/ALBATCP\"><mark style=\"background-color:rgba(0, 0, 0, 0)\" class=\"has-inline-color has-vivid-cyan-blue-color\">ALBA- TCP<\/mark><\/a> y de Caricom, otros miembros del cuerpo diplom\u00e1tico acreditado en La Habana, fundadores y colaboradores de TeleSUR durante estos a\u00f1os, el equipo de su corresponsal\u00eda actual en la capital cubana y trabajadores de nuestro Instituto.<\/p>\n\n\n\n<p>En palabras del vicepresidente primero del ICS, Onelio Castillo Corder\u00ed, \u201cen Cuba, donde resistencia, combate y fe en la victoria constituyen palabras convocantes ante la m\u00e1s brutal y genocida arremetida del gobierno de los Estados Unidos para asfixiarnos, la \u00e9pica del Moncada y la evocaci\u00f3n a sus protagonistas honra e inspira. Es el im\u00e1n de un ejemplo perdurable convertido en estrella\u201d.<\/p>\n\n\n<div class=\"wp-block-image\">\n<figure class=\"aligncenter size-large is-resized\"><img loading=\"lazy\" decoding=\"async\" width=\"1024\" height=\"576\" src=\"https:\/\/www.ics.gob.cu\/wp-content\/uploads\/2025\/07\/2-1024x576.jpeg\" alt=\"\" class=\"wp-image-7819\" style=\"width:564px;height:auto\" srcset=\"https:\/\/www.ics.gob.cu\/wp-content\/uploads\/2025\/07\/2-1024x576.jpeg 1024w, https:\/\/www.ics.gob.cu\/wp-content\/uploads\/2025\/07\/2-300x169.jpeg 300w, https:\/\/www.ics.gob.cu\/wp-content\/uploads\/2025\/07\/2-768x432.jpeg 768w, https:\/\/www.ics.gob.cu\/wp-content\/uploads\/2025\/07\/2-1536x865.jpeg 1536w, https:\/\/www.ics.gob.cu\/wp-content\/uploads\/2025\/07\/2-2048x1153.jpeg 2048w\" sizes=\"auto, (max-width: 1024px) 100vw, 1024px\" \/><\/figure>\n<\/div>\n\n\n<p>Castillo Corder\u00ed consider\u00f3 que hay mucho que batallar todav\u00eda en la recuperaci\u00f3n de nuestra econom\u00eda, objetivo clave en la defensa y continuidad de un proyecto social leg\u00edtimo, entra\u00f1ablemente de pueblo, construido a fuerza de unidad, rebeld\u00eda e independencia, \u201ccomo horcones de una Revoluci\u00f3n que cada 26 de julio vuelve a llamar a la carga por la Patria\u201d.<\/p>\n\n\n\n<p>Rememor\u00f3, adem\u00e1s, que TeleSUR tuvo en los comandantes Fidel Castro Ruz y Hugo Ch\u00e1vez Fr\u00edas a dos padres que encarnaron las utop\u00edas de Sim\u00f3n Bol\u00edvar y Jos\u00e9 Mart\u00ed. \u201cFundaron algo m\u00e1s que un canal de noticias: fertilizaron una herramienta de lucha al servicio de los pueblos, una ya poderosa multiplataforma que permite al Sur global tener voz e imagen, reconocerse, interpretarse, narrar desde la comunicaci\u00f3n sus propias historias, enclaustradas por el poder olig\u00e1rquico medi\u00e1tico mundial\u201d, signific\u00f3.<\/p>\n\n\n<div class=\"wp-block-image\">\n<figure class=\"aligncenter size-full is-resized\"><img loading=\"lazy\" decoding=\"async\" width=\"320\" height=\"333\" src=\"https:\/\/www.ics.gob.cu\/wp-content\/uploads\/2025\/07\/3.png\" alt=\"\" class=\"wp-image-7820\" style=\"width:328px;height:auto\" srcset=\"https:\/\/www.ics.gob.cu\/wp-content\/uploads\/2025\/07\/3.png 320w, https:\/\/www.ics.gob.cu\/wp-content\/uploads\/2025\/07\/3-288x300.png 288w\" sizes=\"auto, (max-width: 320px) 100vw, 320px\" \/><\/figure>\n<\/div>\n\n\n<p>La ocasi\u00f3n fue propicia para que el ICS entregara un diploma de reconocimiento a la multiplataforma informativa, a la que nos unen valores, principios de lucha y batallas compartidas. Asimismo, les fue entregado al equipo de corresponsales de TeleSUR en La Habana, el sello dorado por el Centenario de la <a href=\"https:\/\/www.facebook.com\/radiocubana.cu\"><mark style=\"background-color:rgba(0, 0, 0, 0)\" class=\"has-inline-color has-vivid-cyan-blue-color\">Cuban Radio<\/mark><\/a> y el sello 75 aniversario de nuestra televisi\u00f3n, siendo la primera instituci\u00f3n que recibe esta \u00faltima distinci\u00f3n.<\/p>\n\n\n\n<p>Un vitral donado por la propia oficina de TeleSUR en La Habana fue develado en el edificio de la radio y la televisi\u00f3n, s\u00edmbolo de estos primeros 20 a\u00f1os de voz firme y justa, lo cual nos compromete a seguir batallando unidos.<\/p>\n\n\n\n<figure class=\"wp-block-embed is-type-rich is-provider-youtube wp-block-embed-youtube\"><div class=\"wp-block-embed__wrapper\">\n<blockquote class=\"embedly-card\" data-card-controls=\"1\" data-card-align=\"center\" data-card-theme=\"light\"><h4><a href=\"https:\/\/youtu.be\/t_P0nPXHtmo\">Conmemoran aniversario 72 del Moncada y 20 de TeleSur<\/a><\/h4><p>El aniversario 72 de la epopeya moncadista y los 20 a\u00f1os del canal multinacional #Telesur, fueron celebrados esta ma\u00f1ana en la sede del Instituto de Informaci\u00f3n y Comunicaci\u00f3n Social, aqu\u00ed mismo, en nuestro edificio.<\/p><\/blockquote><script async src=\"\/\/cdn.embedly.com\/widgets\/platform.js\" charset=\"UTF-8\"><\/script>\n<\/div><\/figure>\n<div class=\"pld-like-dislike-wrap pld-template-1\">\r\n    <div class=\"pld-like-wrap  pld-common-wrap\">\r\n    <a href=\"javascript:void(0)\" class=\"pld-like-trigger pld-like-dislike-trigger\" title=\"\" data-post-id=\"7816\" data-trigger-type=\"like\" data-restriction=\"cookie\" data-already-liked=\"0\">\r\n                        <i class=\"fas fa-thumbs-up\"><\/i>\r\n                <\/a>\r\n    <span class=\"pld-like-count-wrap pld-count-wrap\">0    <\/span>\r\n<\/div><div class=\"pld-dislike-wrap  pld-common-wrap\">\r\n    <a href=\"javascript:void(0)\" class=\"pld-dislike-trigger pld-like-dislike-trigger\" title=\"\" data-post-id=\"7816\" data-trigger-type=\"dislike\" data-restriction=\"cookie\" data-already-liked=\"0\">\r\n                        <i class=\"fas fa-thumbs-down\"><\/i>\r\n                <\/a>\r\n    <span class=\"pld-dislike-count-wrap pld-count-wrap\">0<\/span>\r\n<\/div><\/div>","protected":false},"excerpt":{"rendered":"<p>Hace 72 a\u00f1os, un grupo de j\u00f3venes rebeldes, quienes se propusieron no dejar morir las ideas del Ap\u00f3stol Jos\u00e9 Mart\u00ed en el a\u00f1o de su centenario, reiniciaron un camino de lucha que no ha cesado. De Mart\u00ed hab\u00edamos aprendido tambi\u00e9n a conocer m\u00e1s a un hombre como Sim\u00f3n Bol\u00edvar, a quien le rendimos tributo hoy, [&hellip;]<\/p>\n","protected":false},"author":7,"featured_media":7817,"comment_status":"open","ping_status":"closed","sticky":false,"template":"","format":"standard","meta":{"_bbp_topic_count":0,"_bbp_reply_count":0,"_bbp_total_topic_count":0,"_bbp_total_reply_count":0,"_bbp_voice_count":0,"_bbp_anonymous_reply_count":0,"_bbp_topic_count_hidden":0,"_bbp_reply_count_hidden":0,"_bbp_forum_subforum_count":0,"_glsr_average":0,"_glsr_ranking":0,"_glsr_reviews":0,"footnotes":""},"categories":[10],"tags":[47,7,63,39,67,76],"class_list":["post-7816","post","type-post","status-publish","format-standard","has-post-thumbnail","hentry","category-nacionales","tag-comunicacion-social","tag-cuba","tag-fidel-castro","tag-ics","tag-radio-cubana","tag-television-cubana"],"acf":[],"_links":{"self":[{"href":"https:\/\/www.ics.gob.cu\/en\/wp-json\/wp\/v2\/posts\/7816","targetHints":{"allow":["GET"]}}],"collection":[{"href":"https:\/\/www.ics.gob.cu\/en\/wp-json\/wp\/v2\/posts"}],"about":[{"href":"https:\/\/www.ics.gob.cu\/en\/wp-json\/wp\/v2\/types\/post"}],"author":[{"embeddable":true,"href":"https:\/\/www.ics.gob.cu\/en\/wp-json\/wp\/v2\/users\/7"}],"replies":[{"embeddable":true,"href":"https:\/\/www.ics.gob.cu\/en\/wp-json\/wp\/v2\/comments?post=7816"}],"version-history":[{"count":3,"href":"https:\/\/www.ics.gob.cu\/en\/wp-json\/wp\/v2\/posts\/7816\/revisions"}],"predecessor-version":[{"id":7823,"href":"https:\/\/www.ics.gob.cu\/en\/wp-json\/wp\/v2\/posts\/7816\/revisions\/7823"}],"wp:featuredmedia":[{"embeddable":true,"href":"https:\/\/www.ics.gob.cu\/en\/wp-json\/wp\/v2\/media\/7817"}],"wp:attachment":[{"href":"https:\/\/www.ics.gob.cu\/en\/wp-json\/wp\/v2\/media?parent=7816"}],"wp:term":[{"taxonomy":"category","embeddable":true,"href":"https:\/\/www.ics.gob.cu\/en\/wp-json\/wp\/v2\/categories?post=7816"},{"taxonomy":"post_tag","embeddable":true,"href":"https:\/\/www.ics.gob.cu\/en\/wp-json\/wp\/v2\/tags?post=7816"}],"curies":[{"name":"wp","href":"https:\/\/api.w.org\/{rel}","templated":true}]}}