{"id":7824,"date":"2025-07-25T16:04:57","date_gmt":"2025-07-25T16:04:57","guid":{"rendered":"https:\/\/www.ics.gob.cu\/?p=7824"},"modified":"2025-07-25T16:05:27","modified_gmt":"2025-07-25T16:05:27","slug":"del-moncada-a-telesur-hay-mucha-batalla-que-dar-todavia","status":"publish","type":"post","link":"https:\/\/www.ics.gob.cu\/en\/del-moncada-a-telesur-hay-mucha-batalla-que-dar-todavia\/","title":{"rendered":"Del Moncada a Telesur: Hay mucha batalla que dar todav\u00eda"},"content":{"rendered":"<div class=\"pdfprnt-buttons pdfprnt-buttons-post pdfprnt-top-right\"><a href=\"https:\/\/www.ics.gob.cu\/en\/wp-json\/wp\/v2\/posts\/7824?print=print\" class=\"pdfprnt-button pdfprnt-button-print\" target=\"_blank\" ><img decoding=\"async\" src=\"https:\/\/www.ics.gob.cu\/wp-content\/plugins\/pdf-print\/images\/print.png\" alt=\"image_print\" title=\"Print Content\" \/><\/a><\/div>\n<p>PALABRAS PRONUNCIADAS POR EL VICEPRESIDENTE PRIMERO DEL ICS, ONELIO CASTILLO CORDER\u00cd, EN EL ACTO POR EL ANIVERSARIO 72 DEL ASALTO A LOS CUARTELES MONCADA Y CARLOS MANUEL DE C\u00c9SPEDES Y LOS 20 A\u00d1OS DE TELESUR.<\/p>\n\n\n\n<p>Estimados embajadores,<br>Integrantes del cuerpo diplom\u00e1tico acreditado en La Habana,<br>Invitados,<br>Compa\u00f1eras y compa\u00f1eros:<\/p>\n\n\n\n<p>Cuando los historiadores del futuro decidan explorar lo sucedido en Am\u00e9rica Latina y el Caribe en lo pol\u00edtico, econ\u00f3mico, social y cultural durante el primer cuarto de la actual centuria, sin dudas tendr\u00e1n que revisitar los archivos de Telesur. Y es que no ha existido un solo acontecimiento trascendental durante estos a\u00f1os que no haya sido contado, \u201ccantado\u201d y analizado en profundidad y en contexto por este medio de comunicaci\u00f3n, haciendo honor a su eslogan de que NUESTRO NORTE ES EL SUR.<\/p>\n\n\n\n<p>Tal m\u00e9rito proviene de sus mayores virtudes: la resistencia, la valent\u00eda, la tozudez, la resiliencia, a pesar de las balas cruzando por encima de sus cabezas y dirigidas al pecho, o la desfachatez de algunos gobiernos plegados a intereses imperiales que buscaron extinguir su impronta al prohibir su se\u00f1al en varios pa\u00edses.<\/p>\n\n\n\n<p>Qu\u00e9 es Telesur sino un proyecto emancipador capaz de visibilizar a millones de hermanas y hermanos ausentes del concierto medi\u00e1tico. El d\u00eda escogido para su creaci\u00f3n entra\u00f1a simbolismo: 24 de julio, fecha del natalicio de El Libertador Sim\u00f3n Bol\u00edvar, precursor del ideal de independencia para la Gran Colombia y de la integraci\u00f3n regional.<\/p>\n\n\n\n<p>Telesur tuvo en los comandantes Fidel Castro Ruz y Hugo Ch\u00e1vez Fr\u00edas a dos padres que encarnaron las utop\u00edas de Sim\u00f3n Bol\u00edvar y Jos\u00e9 Mart\u00ed. Fidel, Ch\u00e1vez y sus revoluciones so\u00f1aron y fundaron algo m\u00e1s que un canal de noticias: fertilizaron una herramienta de lucha al servicio de los pueblos, una ya poderosa multiplataforma que permite al SUR global tener voz e imagen, reconocerse, interpretarse, narrar desde la comunicaci\u00f3n sus propias historias, enclaustradas por el poder olig\u00e1rquico medi\u00e1tico mundial.<\/p>\n\n\n\n<p>Telesur llega a sus primeros 20 a\u00f1os, pero su crecimiento, sus logros, e incluso las l\u00e1grimas de alegr\u00eda o de tristeza que ha provocado, tienen detr\u00e1s a un equipo decidido a todo, sin temor a golpes de Estado, sin miedo a los gases lacrim\u00f3genos y la represi\u00f3n de la polic\u00eda capitalista, sin recelo a hablar claro, diferente y a contracorriente.<\/p>\n\n\n\n<p>A Patricia Villegas le debemos el tim\u00f3n certero, las preguntas agudas, la cobertura precisa; y a quienes han dedicado parte de su vida a contar la vida de Latinoam\u00e9rica y el Caribe a trav\u00e9s de la se\u00f1al de Telesur le debemos mucho m\u00e1s, le debemos la vida porque nos dieron la oportunidad de mirar la realidad mundial con ojos diferentes, con los ojos de Nuestra Am\u00e9rica. A esos trabajadores incansables por la verdad:<\/p>\n\n\n\n<p>\u00a1MUCHAS GRACIAS!<\/p>\n\n\n\n<p>Hermanas y hermanos de la Patria Grande:<\/p>\n\n\n\n<p>Dos d\u00e9cadas atr\u00e1s parec\u00eda una utop\u00eda, pero la vida ense\u00f1a que la utop\u00eda sirve para caminar. Cuando miramos esta traves\u00eda, se comprueba que el empe\u00f1o ha sido fecundo, indicando que hoy el desaf\u00edo es tener muchas Telesur, grandes o peque\u00f1as, para ayudar a liberarnos de la tiran\u00eda del algoritmo capitalista, y fomentar un pensamiento cr\u00edtico de la realidad que permita romper las burbujas de las redes sociales digitales, convirti\u00e9ndonos en seres humanos m\u00e1s sensibles, solidarios, plenos, sujetos activos de la realidad, art\u00edfices de un mundo mejor que tambi\u00e9n puede ser posible desde la comunicaci\u00f3n social en los espacios f\u00edsicos y virtuales.<\/p>\n\n\n\n<p>En Cuba, donde resistencia, combate y fe en la victoria constituyen palabras convocantes ante la m\u00e1s brutal y genocida arremetida del gobierno de los Estados Unidos para asfixiarnos, la \u00e9pica del Moncada y la evocaci\u00f3n a sus protagonistas honra e inspira. Es el im\u00e1n de un ejemplo perdurable convertido en estrella.<\/p>\n\n\n\n<p>Hay mucho que batallar todav\u00eda en la recuperaci\u00f3n de nuestra econom\u00eda, objetivo clave en la defensa y continuidad de un proyecto social leg\u00edtimo, entra\u00f1ablemente de pueblo, construido a fuerza de unidad, rebeld\u00eda e independencia, como horcones de una Revoluci\u00f3n que cada 26 de Julio vuelve a llamar a la carga por la Patria.<\/p>\n\n\n\n<p><strong>\u00a1Vivan los trabajadores de Telesur!<br>\u00a1Vivan siempre Sim\u00f3n Bol\u00edvar y Jos\u00e9 Mart\u00ed!<br>\u00a1Vivan siempre los comandantes Fidel y Ch\u00e1vez!<br>\u00a1Gloria a los m\u00e1rtires de la epopeya del 26 de Julio!<br>\u00a1Hasta la victoria siempre!<br>\u00a1Patria o Muerte! Venceremos<\/strong><\/p>\n<div class=\"pld-like-dislike-wrap pld-template-1\">\r\n    <div class=\"pld-like-wrap  pld-common-wrap\">\r\n    <a href=\"javascript:void(0)\" class=\"pld-like-trigger pld-like-dislike-trigger\" title=\"\" data-post-id=\"7824\" data-trigger-type=\"like\" data-restriction=\"cookie\" data-already-liked=\"0\">\r\n                        <i class=\"fas fa-thumbs-up\"><\/i>\r\n                <\/a>\r\n    <span class=\"pld-like-count-wrap pld-count-wrap\">0    <\/span>\r\n<\/div><div class=\"pld-dislike-wrap  pld-common-wrap\">\r\n    <a href=\"javascript:void(0)\" class=\"pld-dislike-trigger pld-like-dislike-trigger\" title=\"\" data-post-id=\"7824\" data-trigger-type=\"dislike\" data-restriction=\"cookie\" data-already-liked=\"0\">\r\n                        <i class=\"fas fa-thumbs-down\"><\/i>\r\n                <\/a>\r\n    <span class=\"pld-dislike-count-wrap pld-count-wrap\">0<\/span>\r\n<\/div><\/div>","protected":false},"excerpt":{"rendered":"<p>PALABRAS PRONUNCIADAS POR EL VICEPRESIDENTE PRIMERO DEL ICS, ONELIO CASTILLO CORDER\u00cd, EN EL ACTO POR EL ANIVERSARIO 72 DEL ASALTO A LOS CUARTELES MONCADA Y CARLOS MANUEL DE C\u00c9SPEDES Y LOS 20 A\u00d1OS DE TELESUR. Estimados embajadores,Integrantes del cuerpo diplom\u00e1tico acreditado en La Habana,Invitados,Compa\u00f1eras y compa\u00f1eros: Cuando los historiadores del futuro decidan explorar lo sucedido [&hellip;]<\/p>\n","protected":false},"author":7,"featured_media":7825,"comment_status":"open","ping_status":"closed","sticky":false,"template":"","format":"standard","meta":{"_bbp_topic_count":0,"_bbp_reply_count":0,"_bbp_total_topic_count":0,"_bbp_total_reply_count":0,"_bbp_voice_count":0,"_bbp_anonymous_reply_count":0,"_bbp_topic_count_hidden":0,"_bbp_reply_count_hidden":0,"_bbp_forum_subforum_count":0,"_glsr_average":0,"_glsr_ranking":0,"_glsr_reviews":0,"footnotes":""},"categories":[10],"tags":[47,7,63,39,64],"class_list":["post-7824","post","type-post","status-publish","format-standard","has-post-thumbnail","hentry","category-nacionales","tag-comunicacion-social","tag-cuba","tag-fidel-castro","tag-ics","tag-revolucion-cubana"],"acf":[],"_links":{"self":[{"href":"https:\/\/www.ics.gob.cu\/en\/wp-json\/wp\/v2\/posts\/7824","targetHints":{"allow":["GET"]}}],"collection":[{"href":"https:\/\/www.ics.gob.cu\/en\/wp-json\/wp\/v2\/posts"}],"about":[{"href":"https:\/\/www.ics.gob.cu\/en\/wp-json\/wp\/v2\/types\/post"}],"author":[{"embeddable":true,"href":"https:\/\/www.ics.gob.cu\/en\/wp-json\/wp\/v2\/users\/7"}],"replies":[{"embeddable":true,"href":"https:\/\/www.ics.gob.cu\/en\/wp-json\/wp\/v2\/comments?post=7824"}],"version-history":[{"count":2,"href":"https:\/\/www.ics.gob.cu\/en\/wp-json\/wp\/v2\/posts\/7824\/revisions"}],"predecessor-version":[{"id":7827,"href":"https:\/\/www.ics.gob.cu\/en\/wp-json\/wp\/v2\/posts\/7824\/revisions\/7827"}],"wp:featuredmedia":[{"embeddable":true,"href":"https:\/\/www.ics.gob.cu\/en\/wp-json\/wp\/v2\/media\/7825"}],"wp:attachment":[{"href":"https:\/\/www.ics.gob.cu\/en\/wp-json\/wp\/v2\/media?parent=7824"}],"wp:term":[{"taxonomy":"category","embeddable":true,"href":"https:\/\/www.ics.gob.cu\/en\/wp-json\/wp\/v2\/categories?post=7824"},{"taxonomy":"post_tag","embeddable":true,"href":"https:\/\/www.ics.gob.cu\/en\/wp-json\/wp\/v2\/tags?post=7824"}],"curies":[{"name":"wp","href":"https:\/\/api.w.org\/{rel}","templated":true}]}}