{"id":7828,"date":"2025-07-26T03:48:17","date_gmt":"2025-07-26T03:48:17","guid":{"rendered":"https:\/\/www.ics.gob.cu\/?p=7828"},"modified":"2025-07-26T03:54:04","modified_gmt":"2025-07-26T03:54:04","slug":"26-de-julio-72-anos-convirtiendo-unidad-en-victorias","status":"publish","type":"post","link":"https:\/\/www.ics.gob.cu\/en\/26-de-julio-72-anos-convirtiendo-unidad-en-victorias\/","title":{"rendered":"26 de julio: 72 a\u00f1os convirtiendo unidad en victorias"},"content":{"rendered":"<div class=\"pdfprnt-buttons pdfprnt-buttons-post pdfprnt-top-right\"><a href=\"https:\/\/www.ics.gob.cu\/en\/wp-json\/wp\/v2\/posts\/7828?print=print\" class=\"pdfprnt-button pdfprnt-button-print\" target=\"_blank\" ><img decoding=\"async\" src=\"https:\/\/www.ics.gob.cu\/wp-content\/plugins\/pdf-print\/images\/print.png\" alt=\"image_print\" title=\"Print Content\" \/><\/a><\/div>\n<p>Este 26 de julio se cumplen 72 a\u00f1os del  Asalto a los cuarteles Moncada y Carlos Manuel de C\u00e9spedes, d\u00eda en que la Generaci\u00f3n del Centenario, encabezada por Fidel, puso en marcha el motor peque\u00f1o que impuls\u00f3 el motor grande de la Revoluci\u00f3n Cubana.<\/p>\n\n\n\n<p>Esa simb\u00f3lica fecha constituye un semillero de ense\u00f1anzas a donde hay que volver siempre, expres\u00f3 la continuidad de una sola Revoluci\u00f3n que inici\u00f3 C\u00e9spedes en 1868, martiana en su esencia, porque adem\u00e1s, fue el Moncada quien revivi\u00f3 a Jos\u00e9 Mart\u00ed y lo puso en el centro de nuestras luchas posteriores. A sus ideas volvi\u00f3 una y otra vez Fidel para encontrar respuestas, y de ah\u00ed sali\u00f3 ese movimiento, esencialmente de j\u00f3venes liderado por el inquieto estudiante de Derecho nacido en Bir\u00e1n.<\/p>\n\n\n\n<p>El a\u00f1o 1953 fue clave para los destinos de la Patria, pues se fragu\u00f3 el Programa de la Revoluci\u00f3n, que nos ha guiado desde entonces en la construcci\u00f3n de una sociedad con la mayor justicia social posible, pues \u201cCon el pueblo todo, sin el pueblo nada\u201d. <\/p>\n\n\n<div class=\"wp-block-image\">\n<figure class=\"aligncenter size-large\"><img loading=\"lazy\" decoding=\"async\" width=\"1024\" height=\"731\" src=\"https:\/\/www.ics.gob.cu\/wp-content\/uploads\/2025\/07\/IMG-20250725-WA0054-1024x731.jpg\" alt=\"\" class=\"wp-image-7835\" srcset=\"https:\/\/www.ics.gob.cu\/wp-content\/uploads\/2025\/07\/IMG-20250725-WA0054-1024x731.jpg 1024w, https:\/\/www.ics.gob.cu\/wp-content\/uploads\/2025\/07\/IMG-20250725-WA0054-300x214.jpg 300w, https:\/\/www.ics.gob.cu\/wp-content\/uploads\/2025\/07\/IMG-20250725-WA0054-768x548.jpg 768w, https:\/\/www.ics.gob.cu\/wp-content\/uploads\/2025\/07\/IMG-20250725-WA0054-1536x1096.jpg 1536w, https:\/\/www.ics.gob.cu\/wp-content\/uploads\/2025\/07\/IMG-20250725-WA0054.jpg 1600w\" sizes=\"auto, (max-width: 1024px) 100vw, 1024px\" \/><\/figure>\n<\/div>\n\n\n<p>La figura de Fidel fue indispensable para llevar a cabo el asalto y por supuesto, la Revoluci\u00f3n. Nuestro eterno Comandante en Jefe encontr\u00f3 en Mart\u00ed, Marx, Engels y Lenin la inspiraci\u00f3n material para capitalizar las ideas de la verdadera independencia para Cuba. Su liderazgo en las primeras etapas de la lucha armada y despu\u00e9s con la Revoluci\u00f3n en el poder reafirm\u00f3 la confianza nacional e internacional en el proceso revolucionario. <\/p>\n\n\n\n<p>Aquella generaci\u00f3n de j\u00f3venes comprometidos con su historia, con su tiempo y con los destinos de su naci\u00f3n, ten\u00edan sobre sus hombros batallas tan complejas como las que enfrentan los de hoy, en otras circunstancias, pero igualmente desafiantes. Por eso la Revoluci\u00f3n ha confiado siempre en los j\u00f3venes y lo seguir\u00e1 haciendo, pues les corresponde continuar el camino emprendido, perfeccionarlo, engrandecerlo, legarle al futuro, a sus hijos y nietos, todo por lo que aquellos del 26 de julio y muchos m\u00e1s, durante varias generaciones, dieron sus vidas.<\/p>\n\n\n\n<figure class=\"wp-block-image size-full\"><img loading=\"lazy\" decoding=\"async\" width=\"1600\" height=\"1142\" src=\"https:\/\/www.ics.gob.cu\/wp-content\/uploads\/2025\/07\/IMG-20250725-WA0053.jpg\" alt=\"\" class=\"wp-image-7837\" srcset=\"https:\/\/www.ics.gob.cu\/wp-content\/uploads\/2025\/07\/IMG-20250725-WA0053.jpg 1600w, https:\/\/www.ics.gob.cu\/wp-content\/uploads\/2025\/07\/IMG-20250725-WA0053-300x214.jpg 300w, https:\/\/www.ics.gob.cu\/wp-content\/uploads\/2025\/07\/IMG-20250725-WA0053-1024x731.jpg 1024w, https:\/\/www.ics.gob.cu\/wp-content\/uploads\/2025\/07\/IMG-20250725-WA0053-768x548.jpg 768w, https:\/\/www.ics.gob.cu\/wp-content\/uploads\/2025\/07\/IMG-20250725-WA0053-1536x1096.jpg 1536w\" sizes=\"auto, (max-width: 1600px) 100vw, 1600px\" \/><\/figure>\n\n\n\n<p>El Moncada es un claro ejemplo de que las derrotas moment\u00e1neas no tienen por qu\u00e9 significar el final. Un fracaso militar simboliz\u00f3 un \u00e9xito social y pol\u00edtico, una inspiraci\u00f3n que ha sustentado un pa\u00eds por m\u00e1s de 60 a\u00f1os, que no ha abandonado a su suerte a nuestro pueblo y que de seguro encontrar\u00e1 la manera de salir adelante por muy complejos que sean los tiempos. Esa es la m\u00e1s grande de todas las ense\u00f1anzas de esta heroica gesta: la inquebrantable fe en la victoria, el optimismo, la unidad, la resistencia.<\/p>\n\n\n\n<p>\u203c\ufe0fFeliz d\u00eda de la rebeld\u00eda nacional. Felicidades cubanos y cubanas. La Lucha no ha cesado, Cuba est\u00e1 firme y hay mucha batalla por dar todav\u00eda\u203c\ufe0f<\/p>\n\n\n\n<p><blockquote class=\"embedly-card\" data-card-controls=\"1\" data-card-align=\"center\" data-card-theme=\"light\"><h4><a href=\"https:\/\/youtu.be\/WVP-Tlut0mA?si=IEJj1kvhtD0CMvbg\">July 26: Past, Present, and Future of the Nation<\/a><\/h4><p>The year 1953 was pivotal for the destiny of the Nation, as the Program of the Revolution was forged, guiding Cuba ever since. This program has prioritized, since January 1959, the sovereignty of the largest of the Antilles and the construction of a society with the greatest social justice, centered on Mart\u00ed\u2019s premise of building a Republic 'With all and for the good of all'.<\/p><\/blockquote><script async src=\"\/\/cdn.embedly.com\/widgets\/platform.js\" charset=\"UTF-8\"><\/script><\/p>\n<div class=\"pld-like-dislike-wrap pld-template-1\">\r\n    <div class=\"pld-like-wrap  pld-common-wrap\">\r\n    <a href=\"javascript:void(0)\" class=\"pld-like-trigger pld-like-dislike-trigger\" title=\"\" data-post-id=\"7828\" data-trigger-type=\"like\" data-restriction=\"cookie\" data-already-liked=\"0\">\r\n                        <i class=\"fas fa-thumbs-up\"><\/i>\r\n                <\/a>\r\n    <span class=\"pld-like-count-wrap pld-count-wrap\">2    <\/span>\r\n<\/div><div class=\"pld-dislike-wrap  pld-common-wrap\">\r\n    <a href=\"javascript:void(0)\" class=\"pld-dislike-trigger pld-like-dislike-trigger\" title=\"\" data-post-id=\"7828\" data-trigger-type=\"dislike\" data-restriction=\"cookie\" data-already-liked=\"0\">\r\n                        <i class=\"fas fa-thumbs-down\"><\/i>\r\n                <\/a>\r\n    <span class=\"pld-dislike-count-wrap pld-count-wrap\">0<\/span>\r\n<\/div><\/div>","protected":false},"excerpt":{"rendered":"<p>Este 26 de julio se cumplen 72 a\u00f1os del Asalto a los cuarteles Moncada y Carlos Manuel de C\u00e9spedes, d\u00eda en que la Generaci\u00f3n del Centenario, encabezada por Fidel, puso en marcha el motor peque\u00f1o que impuls\u00f3 el motor grande de la Revoluci\u00f3n Cubana. Esa simb\u00f3lica fecha constituye un semillero de ense\u00f1anzas a donde hay [&hellip;]<\/p>\n","protected":false},"author":7,"featured_media":7829,"comment_status":"open","ping_status":"closed","sticky":false,"template":"","format":"standard","meta":{"_bbp_topic_count":0,"_bbp_reply_count":0,"_bbp_total_topic_count":0,"_bbp_total_reply_count":0,"_bbp_voice_count":0,"_bbp_anonymous_reply_count":0,"_bbp_topic_count_hidden":0,"_bbp_reply_count_hidden":0,"_bbp_forum_subforum_count":0,"_glsr_average":0,"_glsr_ranking":0,"_glsr_reviews":0,"footnotes":""},"categories":[10],"tags":[47,7,59,63,39],"class_list":["post-7828","post","type-post","status-publish","format-standard","has-post-thumbnail","hentry","category-nacionales","tag-comunicacion-social","tag-cuba","tag-educacion-para-la-comunicacion","tag-fidel-castro","tag-ics"],"acf":[],"_links":{"self":[{"href":"https:\/\/www.ics.gob.cu\/en\/wp-json\/wp\/v2\/posts\/7828","targetHints":{"allow":["GET"]}}],"collection":[{"href":"https:\/\/www.ics.gob.cu\/en\/wp-json\/wp\/v2\/posts"}],"about":[{"href":"https:\/\/www.ics.gob.cu\/en\/wp-json\/wp\/v2\/types\/post"}],"author":[{"embeddable":true,"href":"https:\/\/www.ics.gob.cu\/en\/wp-json\/wp\/v2\/users\/7"}],"replies":[{"embeddable":true,"href":"https:\/\/www.ics.gob.cu\/en\/wp-json\/wp\/v2\/comments?post=7828"}],"version-history":[{"count":3,"href":"https:\/\/www.ics.gob.cu\/en\/wp-json\/wp\/v2\/posts\/7828\/revisions"}],"predecessor-version":[{"id":7838,"href":"https:\/\/www.ics.gob.cu\/en\/wp-json\/wp\/v2\/posts\/7828\/revisions\/7838"}],"wp:featuredmedia":[{"embeddable":true,"href":"https:\/\/www.ics.gob.cu\/en\/wp-json\/wp\/v2\/media\/7829"}],"wp:attachment":[{"href":"https:\/\/www.ics.gob.cu\/en\/wp-json\/wp\/v2\/media?parent=7828"}],"wp:term":[{"taxonomy":"category","embeddable":true,"href":"https:\/\/www.ics.gob.cu\/en\/wp-json\/wp\/v2\/categories?post=7828"},{"taxonomy":"post_tag","embeddable":true,"href":"https:\/\/www.ics.gob.cu\/en\/wp-json\/wp\/v2\/tags?post=7828"}],"curies":[{"name":"wp","href":"https:\/\/api.w.org\/{rel}","templated":true}]}}