{"id":7846,"date":"2025-08-01T14:07:14","date_gmt":"2025-08-01T14:07:14","guid":{"rendered":"https:\/\/www.ics.gob.cu\/?p=7846"},"modified":"2025-08-01T14:13:00","modified_gmt":"2025-08-01T14:13:00","slug":"continuan-los-intercambios-con-actores-economicos-no-estatales-sobre-publicidad-y-patrocinio","status":"publish","type":"post","link":"https:\/\/www.ics.gob.cu\/en\/continuan-los-intercambios-con-actores-economicos-no-estatales-sobre-publicidad-y-patrocinio\/","title":{"rendered":"Contin\u00faan los intercambios con actores econ\u00f3micos no estatales sobre Publicidad y Patrocinio"},"content":{"rendered":"<div class=\"pdfprnt-buttons pdfprnt-buttons-post pdfprnt-top-right\"><a href=\"https:\/\/www.ics.gob.cu\/en\/wp-json\/wp\/v2\/posts\/7846?print=print\" class=\"pdfprnt-button pdfprnt-button-print\" target=\"_blank\" ><img decoding=\"async\" src=\"https:\/\/www.ics.gob.cu\/wp-content\/plugins\/pdf-print\/images\/print.png\" alt=\"image_print\" title=\"Print Content\" \/><\/a><\/div>\n<p>Como parte de los encuentros con las formas de gesti\u00f3n no estatal que se realizan desde la Direcci\u00f3n General de Publicidad y Patrocinio del Instituto de Informaci\u00f3n y Comunicaci\u00f3n Social, se avanz\u00f3 en el cronograma previsto, en estas \u00faltimas dos semanas, en los municipios Centro Habana y Plaza de la Revoluci\u00f3n.<\/p>\n\n\n\n<p>Entre los temas m\u00e1s debatidos ha estado la contrataci\u00f3n de las acciones de publicidad, como respaldo jur\u00eddico legal para el desarrollo de un ejercicio \u00e9tico, responsable y transparente que protege a todos los actores del proceso publicitario.<\/p>\n\n\n\n<p>El rol de los gestores de ventas y de las personas con influencia en el ciberespacio ha sido un tema de especial atenci\u00f3n en los intercambios realizados durante todo el mes de julio.<\/p>\n\n\n\n<figure class=\"wp-block-image size-full\"><img loading=\"lazy\" decoding=\"async\" width=\"981\" height=\"652\" src=\"https:\/\/www.ics.gob.cu\/wp-content\/uploads\/2025\/08\/1000410946.jpg\" alt=\"\" class=\"wp-image-7848\" srcset=\"https:\/\/www.ics.gob.cu\/wp-content\/uploads\/2025\/08\/1000410946.jpg 981w, https:\/\/www.ics.gob.cu\/wp-content\/uploads\/2025\/08\/1000410946-300x199.jpg 300w, https:\/\/www.ics.gob.cu\/wp-content\/uploads\/2025\/08\/1000410946-768x510.jpg 768w\" sizes=\"auto, (max-width: 981px) 100vw, 981px\" \/><\/figure>\n\n\n\n<p> Al respecto se ha insistido en la importancia de que los Anunciantes conozcan las regulaciones existentes en materia de publicidad y patrocinio teniendo en cuenta que son ellos quienes contratan los servicios, tanto de los gestores como de los influencers, por lo que comparten la responsabilidad de las acciones comunicativas que se realicen en el espacio p\u00fablico f\u00edsico y digital.<\/p>\n\n\n\n<p>En este sentido, se resalt\u00f3 por los participantes la necesidad e importancia de profesionalizar ambas figuras para gestionar adecuadamente la emisi\u00f3n de anuncios sin incurrir en violaciones como la publicidad desleal, la publicidad comparativa y la no identificaci\u00f3n visual o sonora de ambas pr\u00e1cticas comunicativas.<\/p>\n\n\n\n<figure class=\"wp-block-image size-full\"><img loading=\"lazy\" decoding=\"async\" width=\"891\" height=\"593\" src=\"https:\/\/www.ics.gob.cu\/wp-content\/uploads\/2025\/08\/1000410952.jpg\" alt=\"\" class=\"wp-image-7849\" srcset=\"https:\/\/www.ics.gob.cu\/wp-content\/uploads\/2025\/08\/1000410952.jpg 891w, https:\/\/www.ics.gob.cu\/wp-content\/uploads\/2025\/08\/1000410952-300x200.jpg 300w, https:\/\/www.ics.gob.cu\/wp-content\/uploads\/2025\/08\/1000410952-768x511.jpg 768w\" sizes=\"auto, (max-width: 891px) 100vw, 891px\" \/><\/figure>\n\n\n\n<p>Sobre la publicidad en los puntos de venta se reconoci\u00f3 que este es un espacio privilegiado para la promoci\u00f3n directa de productos y servicios, aunque es necesario garantizar que esto se realice sobre la base del respeto a las normativas vigentes y a la \u00e9tica publicitaria.<\/p>\n\n\n\n<p>La continuidad de estos encuentros con los actores econ\u00f3micos no estatales permitir\u00e1 un mayor conocimiento de las normativas aprobadas y en vigor desde el pasado 4 de octubre, as\u00ed como la realizaci\u00f3n de acciones publicitarias y de patrocinio m\u00e1s \u00e9ticas y responsables.<\/p>\n<div class=\"pld-like-dislike-wrap pld-template-1\">\r\n    <div class=\"pld-like-wrap  pld-common-wrap\">\r\n    <a href=\"javascript:void(0)\" class=\"pld-like-trigger pld-like-dislike-trigger\" title=\"\" data-post-id=\"7846\" data-trigger-type=\"like\" data-restriction=\"cookie\" data-already-liked=\"0\">\r\n                        <i class=\"fas fa-thumbs-up\"><\/i>\r\n                <\/a>\r\n    <span class=\"pld-like-count-wrap pld-count-wrap\">4    <\/span>\r\n<\/div><div class=\"pld-dislike-wrap  pld-common-wrap\">\r\n    <a href=\"javascript:void(0)\" class=\"pld-dislike-trigger pld-like-dislike-trigger\" title=\"\" data-post-id=\"7846\" data-trigger-type=\"dislike\" data-restriction=\"cookie\" data-already-liked=\"0\">\r\n                        <i class=\"fas fa-thumbs-down\"><\/i>\r\n                <\/a>\r\n    <span class=\"pld-dislike-count-wrap pld-count-wrap\">0<\/span>\r\n<\/div><\/div>","protected":false},"excerpt":{"rendered":"<p>Como parte de los encuentros con las formas de gesti\u00f3n no estatal que se realizan desde la Direcci\u00f3n General de Publicidad y Patrocinio del Instituto de Informaci\u00f3n y Comunicaci\u00f3n Social, se avanz\u00f3 en el cronograma previsto, en estas \u00faltimas dos semanas, en los municipios Centro Habana y Plaza de la Revoluci\u00f3n. Entre los temas m\u00e1s [&hellip;]<\/p>\n","protected":false},"author":7,"featured_media":7847,"comment_status":"open","ping_status":"closed","sticky":false,"template":"","format":"standard","meta":{"_bbp_topic_count":0,"_bbp_reply_count":0,"_bbp_total_topic_count":0,"_bbp_total_reply_count":0,"_bbp_voice_count":0,"_bbp_anonymous_reply_count":0,"_bbp_topic_count_hidden":0,"_bbp_reply_count_hidden":0,"_bbp_forum_subforum_count":0,"_glsr_average":0,"_glsr_ranking":0,"_glsr_reviews":0,"footnotes":""},"categories":[1],"tags":[47,7,39],"class_list":["post-7846","post","type-post","status-publish","format-standard","has-post-thumbnail","hentry","category-uncategorized","tag-comunicacion-social","tag-cuba","tag-ics"],"acf":[],"_links":{"self":[{"href":"https:\/\/www.ics.gob.cu\/en\/wp-json\/wp\/v2\/posts\/7846","targetHints":{"allow":["GET"]}}],"collection":[{"href":"https:\/\/www.ics.gob.cu\/en\/wp-json\/wp\/v2\/posts"}],"about":[{"href":"https:\/\/www.ics.gob.cu\/en\/wp-json\/wp\/v2\/types\/post"}],"author":[{"embeddable":true,"href":"https:\/\/www.ics.gob.cu\/en\/wp-json\/wp\/v2\/users\/7"}],"replies":[{"embeddable":true,"href":"https:\/\/www.ics.gob.cu\/en\/wp-json\/wp\/v2\/comments?post=7846"}],"version-history":[{"count":2,"href":"https:\/\/www.ics.gob.cu\/en\/wp-json\/wp\/v2\/posts\/7846\/revisions"}],"predecessor-version":[{"id":7851,"href":"https:\/\/www.ics.gob.cu\/en\/wp-json\/wp\/v2\/posts\/7846\/revisions\/7851"}],"wp:featuredmedia":[{"embeddable":true,"href":"https:\/\/www.ics.gob.cu\/en\/wp-json\/wp\/v2\/media\/7847"}],"wp:attachment":[{"href":"https:\/\/www.ics.gob.cu\/en\/wp-json\/wp\/v2\/media?parent=7846"}],"wp:term":[{"taxonomy":"category","embeddable":true,"href":"https:\/\/www.ics.gob.cu\/en\/wp-json\/wp\/v2\/categories?post=7846"},{"taxonomy":"post_tag","embeddable":true,"href":"https:\/\/www.ics.gob.cu\/en\/wp-json\/wp\/v2\/tags?post=7846"}],"curies":[{"name":"wp","href":"https:\/\/api.w.org\/{rel}","templated":true}]}}