{"id":7852,"date":"2025-08-01T21:35:59","date_gmt":"2025-08-01T21:35:59","guid":{"rendered":"https:\/\/www.ics.gob.cu\/?p=7852"},"modified":"2025-08-02T12:29:38","modified_gmt":"2025-08-02T12:29:38","slug":"inicia-el-mes-de-agosto-con-motivaciones-especiales-para-el-ics","status":"publish","type":"post","link":"https:\/\/www.ics.gob.cu\/en\/inicia-el-mes-de-agosto-con-motivaciones-especiales-para-el-ics\/","title":{"rendered":"Inicia el mes de agosto con motivaciones especiales para el ICS"},"content":{"rendered":"<div class=\"pdfprnt-buttons pdfprnt-buttons-post pdfprnt-top-right\"><a href=\"https:\/\/www.ics.gob.cu\/en\/wp-json\/wp\/v2\/posts\/7852?print=print\" class=\"pdfprnt-button pdfprnt-button-print\" target=\"_blank\" ><img decoding=\"async\" src=\"https:\/\/www.ics.gob.cu\/wp-content\/plugins\/pdf-print\/images\/print.png\" alt=\"image_print\" title=\"Print Content\" \/><\/a><\/div>\n<p>Inicia el mes de agosto y contin\u00faa la etapa de verano, donde se hace m\u00e1s frecuente la convivencia familiar, las reuniones con amigos, la participaci\u00f3n en actividades culturales y recreativas, con una importante incidencia en las que se realizan y generan desde las comunidades.<\/p>\n\n\n\n<p>Agosto inicia tambi\u00e9n con motivaciones especiales para nuestro Instituto: el aniversario 99 del natalicio del Comandante en Jefe Fidel Castro Ruz y con \u00e9l, comenzamos las actividades relacionadas al Programa conmemorativo por su centenario. Asimismo, estaremos celebrando el aniversario 103 de la Radio Cubana, ocasi\u00f3n en la que se entregar\u00e1n el Premio Nacional de la Radio 2025 y los Artistas de M\u00e9rito.<\/p>\n\n\n\n<p>La realizaci\u00f3n de actividades que tendr\u00e1n como protagonistas a ni\u00f1os y ni\u00f1as de los trabajadores del ICS, otras dedicadas al D\u00eda Internacional de la Juventud y el homenaje a las mujeres en el aniversario de la Federaci\u00f3n de Mujeres Cubanas, ser\u00e1n adem\u00e1s el prop\u00f3sito para esta jornada estival. <\/p>\n\n\n\n<p>Desde nuestras estructuras continuaremos consolidando los procedimientos y procesos internos, fortaleciendo nuestros v\u00ednculos con otros organismos e instituciones, preparando la nueva etapa de capacitaci\u00f3n que impulsar\u00e1 nuestra Escuela Ramal, el Centro de Estudios de la Radio y la TV y con ello, la consolidaci\u00f3n del Programa de Educaci\u00f3n para la Comunicaci\u00f3n que en el segundo semestre tendr\u00e1 un importante impulso con alcance hacia toda la sociedad.<\/p>\n\n\n\n<p> Igualmente, continuar\u00e1n realiz\u00e1ndose los tr\u00e1mites que se gestionan desde el ICS y los intercambios con los diversos actores econ\u00f3micos sobre el ejercicio de la publicidad y el patrocinio.<\/p>\n\n\n\n<p>Mucho camino por andar, m\u00e1s motivaciones y compromiso, pues este 24 de agosto tambi\u00e9n estaremos llegando al cuarto aniversario de la fundaci\u00f3n &#8211; por decreto ley &#8211; de nuestro ICS y el pr\u00f3ximo 4 de octubre arribaremos al primer a\u00f1o de la entrada en vigor de la Ley 162\/2023 \u201cDe Comunicaci\u00f3n Social\u201d y sus disposiciones normativas reglamentarias.<\/p>\n\n\n\n<p>S\u00edgannos y d\u00e9jennos sus comentarios, sugerencias, dudas, quejas o peticiones sobre nuestra labor en esta, nuestra web oficial o en nuestras cuentas en las redes sociales digitales. Acomp\u00e1\u00f1ennos en el camino de construcci\u00f3n colectiva que articulamos.<\/p>\n<div class=\"pld-like-dislike-wrap pld-template-1\">\r\n    <div class=\"pld-like-wrap  pld-common-wrap\">\r\n    <a href=\"javascript:void(0)\" class=\"pld-like-trigger pld-like-dislike-trigger\" title=\"\" data-post-id=\"7852\" data-trigger-type=\"like\" data-restriction=\"cookie\" data-already-liked=\"0\">\r\n                        <i class=\"fas fa-thumbs-up\"><\/i>\r\n                <\/a>\r\n    <span class=\"pld-like-count-wrap pld-count-wrap\">0    <\/span>\r\n<\/div><div class=\"pld-dislike-wrap  pld-common-wrap\">\r\n    <a href=\"javascript:void(0)\" class=\"pld-dislike-trigger pld-like-dislike-trigger\" title=\"\" data-post-id=\"7852\" data-trigger-type=\"dislike\" data-restriction=\"cookie\" data-already-liked=\"0\">\r\n                        <i class=\"fas fa-thumbs-down\"><\/i>\r\n                <\/a>\r\n    <span class=\"pld-dislike-count-wrap pld-count-wrap\">0<\/span>\r\n<\/div><\/div>","protected":false},"excerpt":{"rendered":"<p>Inicia el mes de agosto y contin\u00faa la etapa de verano, donde se hace m\u00e1s frecuente la convivencia familiar, las reuniones con amigos, la participaci\u00f3n en actividades culturales y recreativas, con una importante incidencia en las que se realizan y generan desde las comunidades. Agosto inicia tambi\u00e9n con motivaciones especiales para nuestro Instituto: el aniversario [&hellip;]<\/p>\n","protected":false},"author":7,"featured_media":7855,"comment_status":"open","ping_status":"closed","sticky":false,"template":"","format":"standard","meta":{"_bbp_topic_count":0,"_bbp_reply_count":0,"_bbp_total_topic_count":0,"_bbp_total_reply_count":0,"_bbp_voice_count":0,"_bbp_anonymous_reply_count":0,"_bbp_topic_count_hidden":0,"_bbp_reply_count_hidden":0,"_bbp_forum_subforum_count":0,"_glsr_average":0,"_glsr_ranking":0,"_glsr_reviews":0,"footnotes":""},"categories":[1],"tags":[47,7,59,39],"class_list":["post-7852","post","type-post","status-publish","format-standard","has-post-thumbnail","hentry","category-uncategorized","tag-comunicacion-social","tag-cuba","tag-educacion-para-la-comunicacion","tag-ics"],"acf":[],"_links":{"self":[{"href":"https:\/\/www.ics.gob.cu\/en\/wp-json\/wp\/v2\/posts\/7852","targetHints":{"allow":["GET"]}}],"collection":[{"href":"https:\/\/www.ics.gob.cu\/en\/wp-json\/wp\/v2\/posts"}],"about":[{"href":"https:\/\/www.ics.gob.cu\/en\/wp-json\/wp\/v2\/types\/post"}],"author":[{"embeddable":true,"href":"https:\/\/www.ics.gob.cu\/en\/wp-json\/wp\/v2\/users\/7"}],"replies":[{"embeddable":true,"href":"https:\/\/www.ics.gob.cu\/en\/wp-json\/wp\/v2\/comments?post=7852"}],"version-history":[{"count":4,"href":"https:\/\/www.ics.gob.cu\/en\/wp-json\/wp\/v2\/posts\/7852\/revisions"}],"predecessor-version":[{"id":7861,"href":"https:\/\/www.ics.gob.cu\/en\/wp-json\/wp\/v2\/posts\/7852\/revisions\/7861"}],"wp:featuredmedia":[{"embeddable":true,"href":"https:\/\/www.ics.gob.cu\/en\/wp-json\/wp\/v2\/media\/7855"}],"wp:attachment":[{"href":"https:\/\/www.ics.gob.cu\/en\/wp-json\/wp\/v2\/media?parent=7852"}],"wp:term":[{"taxonomy":"category","embeddable":true,"href":"https:\/\/www.ics.gob.cu\/en\/wp-json\/wp\/v2\/categories?post=7852"},{"taxonomy":"post_tag","embeddable":true,"href":"https:\/\/www.ics.gob.cu\/en\/wp-json\/wp\/v2\/tags?post=7852"}],"curies":[{"name":"wp","href":"https:\/\/api.w.org\/{rel}","templated":true}]}}