{"id":7865,"date":"2025-08-07T02:28:21","date_gmt":"2025-08-07T02:28:21","guid":{"rendered":"https:\/\/www.ics.gob.cu\/?p=7865"},"modified":"2025-08-07T02:35:59","modified_gmt":"2025-08-07T02:35:59","slug":"firman-sputnik-y-la-radio-cubana-memorando-de-colaboracion","status":"publish","type":"post","link":"https:\/\/www.ics.gob.cu\/en\/firman-sputnik-y-la-radio-cubana-memorando-de-colaboracion\/","title":{"rendered":"Firman Sputnik y la Radio cubana memorando de colaboraci\u00f3n"},"content":{"rendered":"<div class=\"pdfprnt-buttons pdfprnt-buttons-post pdfprnt-top-right\"><a href=\"https:\/\/www.ics.gob.cu\/en\/wp-json\/wp\/v2\/posts\/7865?print=print\" class=\"pdfprnt-button pdfprnt-button-print\" target=\"_blank\" ><img decoding=\"async\" src=\"https:\/\/www.ics.gob.cu\/wp-content\/plugins\/pdf-print\/images\/print.png\" alt=\"image_print\" title=\"Print Content\" \/><\/a><\/div>\n<p>Nuevos horizontes de colaboraci\u00f3n en materia de comunicaci\u00f3n social se perfilan a partir de la firma de un memorando de trabajo entre la agencia internacional de informaci\u00f3n Sputnik y la Radio cubana.<\/p>\n\n\n\n<p>Ambas organizaciones rubricaron el documento que establece las bases  de cooperaci\u00f3n para cobertura de eventos bilaterales significativos, as\u00ed como la divulgaci\u00f3n de otros temas de trascendencia.<\/p>\n\n\n\n<figure class=\"wp-block-image size-large\"><img loading=\"lazy\" decoding=\"async\" width=\"1024\" height=\"628\" src=\"https:\/\/www.ics.gob.cu\/wp-content\/uploads\/2025\/08\/IMG-20250806-WA0054-1024x628.jpg\" alt=\"\" class=\"wp-image-7868\" srcset=\"https:\/\/www.ics.gob.cu\/wp-content\/uploads\/2025\/08\/IMG-20250806-WA0054-1024x628.jpg 1024w, https:\/\/www.ics.gob.cu\/wp-content\/uploads\/2025\/08\/IMG-20250806-WA0054-300x184.jpg 300w, https:\/\/www.ics.gob.cu\/wp-content\/uploads\/2025\/08\/IMG-20250806-WA0054-768x471.jpg 768w, https:\/\/www.ics.gob.cu\/wp-content\/uploads\/2025\/08\/IMG-20250806-WA0054-1536x943.jpg 1536w, https:\/\/www.ics.gob.cu\/wp-content\/uploads\/2025\/08\/IMG-20250806-WA0054-2048x1257.jpg 2048w\" sizes=\"auto, (max-width: 1024px) 100vw, 1024px\" \/><\/figure>\n\n\n\n<p>El memorando fue firmado por Daria Yuryeva, jefa del Departamento de Am\u00e9rica Latina de Sputnik, y por la directora general de la Radio Cubana, Yuzaima Cardona. El texto refleja el inter\u00e9s de las partes en la realizaci\u00f3n de proyectos destinados al desarrollo del espacio medi\u00e1tico.<\/p>\n\n\n\n<blockquote class=\"embedly-card\" data-card-controls=\"1\" data-card-align=\"center\" data-card-theme=\"light\"><h4><a href=\"https:\/\/www.radiocubana.cu\/destacados-en-el-portal-de-la-radio\/firman-memorando-de-cooperacion-agencia-rusa-sputnik-y-el-instituto-de-informacion-y-comunicacion-social\/\">Firman memorando de cooperaci\u00f3n agencia rusa Sputnik y el Instituto de Informaci\u00f3n y Comunicaci\u00f3n Social<\/a><\/h4><p>La agencia internacional de informaci\u00f3n Sputnik y el Instituto de Informaci\u00f3n y Comunicaci\u00f3n Social de Cuba (ICS) rubricaron un acuerdo de cooperaci\u00f3n para la cobertura de eventos bilaterales significativos, as\u00ed como la divulgaci\u00f3n de otros temas de trascendencia global. El documento, firmado por<\/p><\/blockquote><script async src=\"\/\/cdn.embedly.com\/widgets\/platform.js\" charset=\"UTF-8\"><\/script>\n\n\n\n<p>Las instituciones estudiar\u00e1n la posibilidad de organizar producciones conjuntas de radio en espa\u00f1ol, que ser\u00e1 transmitido en las plataformas de Sputnik y en emisoras del sistema de la Radio cubana.<\/p>\n\n\n\n<figure class=\"wp-block-image size-large\"><img loading=\"lazy\" decoding=\"async\" width=\"1024\" height=\"576\" src=\"https:\/\/www.ics.gob.cu\/wp-content\/uploads\/2025\/08\/IMG-20250806-WA0050-1-1024x576.jpg\" alt=\"\" class=\"wp-image-7870\" srcset=\"https:\/\/www.ics.gob.cu\/wp-content\/uploads\/2025\/08\/IMG-20250806-WA0050-1-1024x576.jpg 1024w, https:\/\/www.ics.gob.cu\/wp-content\/uploads\/2025\/08\/IMG-20250806-WA0050-1-300x169.jpg 300w, https:\/\/www.ics.gob.cu\/wp-content\/uploads\/2025\/08\/IMG-20250806-WA0050-1-768x432.jpg 768w, https:\/\/www.ics.gob.cu\/wp-content\/uploads\/2025\/08\/IMG-20250806-WA0050-1-1536x864.jpg 1536w, https:\/\/www.ics.gob.cu\/wp-content\/uploads\/2025\/08\/IMG-20250806-WA0050-1-2048x1152.jpg 2048w\" sizes=\"auto, (max-width: 1024px) 100vw, 1024px\" \/><\/figure>\n\n\n\n<p>El convenio comprende tambi\u00e9n las emisiones regulares de programas radiales en espa\u00f1ol de la agencia rusa en las estaciones de la mayor de las Antillas.<\/p>\n<div class=\"pld-like-dislike-wrap pld-template-1\">\r\n    <div class=\"pld-like-wrap  pld-common-wrap\">\r\n    <a href=\"javascript:void(0)\" class=\"pld-like-trigger pld-like-dislike-trigger\" title=\"\" data-post-id=\"7865\" data-trigger-type=\"like\" data-restriction=\"cookie\" data-already-liked=\"0\">\r\n                        <i class=\"fas fa-thumbs-up\"><\/i>\r\n                <\/a>\r\n    <span class=\"pld-like-count-wrap pld-count-wrap\">0    <\/span>\r\n<\/div><div class=\"pld-dislike-wrap  pld-common-wrap\">\r\n    <a href=\"javascript:void(0)\" class=\"pld-dislike-trigger pld-like-dislike-trigger\" title=\"\" data-post-id=\"7865\" data-trigger-type=\"dislike\" data-restriction=\"cookie\" data-already-liked=\"0\">\r\n                        <i class=\"fas fa-thumbs-down\"><\/i>\r\n                <\/a>\r\n    <span class=\"pld-dislike-count-wrap pld-count-wrap\">0<\/span>\r\n<\/div><\/div>","protected":false},"excerpt":{"rendered":"<p>Nuevos horizontes de colaboraci\u00f3n en materia de comunicaci\u00f3n social se perfilan a partir de la firma de un memorando de trabajo entre la agencia internacional de informaci\u00f3n Sputnik y la Radio cubana. Ambas organizaciones rubricaron el documento que establece las bases de cooperaci\u00f3n para cobertura de eventos bilaterales significativos, as\u00ed como la divulgaci\u00f3n de otros [&hellip;]<\/p>\n","protected":false},"author":7,"featured_media":7867,"comment_status":"open","ping_status":"closed","sticky":false,"template":"","format":"standard","meta":{"_bbp_topic_count":0,"_bbp_reply_count":0,"_bbp_total_topic_count":0,"_bbp_total_reply_count":0,"_bbp_voice_count":0,"_bbp_anonymous_reply_count":0,"_bbp_topic_count_hidden":0,"_bbp_reply_count_hidden":0,"_bbp_forum_subforum_count":0,"_glsr_average":0,"_glsr_ranking":0,"_glsr_reviews":0,"footnotes":""},"categories":[11,10],"tags":[47,7,39,67],"class_list":["post-7865","post","type-post","status-publish","format-standard","has-post-thumbnail","hentry","category-internacionales","category-nacionales","tag-comunicacion-social","tag-cuba","tag-ics","tag-radio-cubana"],"acf":[],"_links":{"self":[{"href":"https:\/\/www.ics.gob.cu\/en\/wp-json\/wp\/v2\/posts\/7865","targetHints":{"allow":["GET"]}}],"collection":[{"href":"https:\/\/www.ics.gob.cu\/en\/wp-json\/wp\/v2\/posts"}],"about":[{"href":"https:\/\/www.ics.gob.cu\/en\/wp-json\/wp\/v2\/types\/post"}],"author":[{"embeddable":true,"href":"https:\/\/www.ics.gob.cu\/en\/wp-json\/wp\/v2\/users\/7"}],"replies":[{"embeddable":true,"href":"https:\/\/www.ics.gob.cu\/en\/wp-json\/wp\/v2\/comments?post=7865"}],"version-history":[{"count":4,"href":"https:\/\/www.ics.gob.cu\/en\/wp-json\/wp\/v2\/posts\/7865\/revisions"}],"predecessor-version":[{"id":7875,"href":"https:\/\/www.ics.gob.cu\/en\/wp-json\/wp\/v2\/posts\/7865\/revisions\/7875"}],"wp:featuredmedia":[{"embeddable":true,"href":"https:\/\/www.ics.gob.cu\/en\/wp-json\/wp\/v2\/media\/7867"}],"wp:attachment":[{"href":"https:\/\/www.ics.gob.cu\/en\/wp-json\/wp\/v2\/media?parent=7865"}],"wp:term":[{"taxonomy":"category","embeddable":true,"href":"https:\/\/www.ics.gob.cu\/en\/wp-json\/wp\/v2\/categories?post=7865"},{"taxonomy":"post_tag","embeddable":true,"href":"https:\/\/www.ics.gob.cu\/en\/wp-json\/wp\/v2\/tags?post=7865"}],"curies":[{"name":"wp","href":"https:\/\/api.w.org\/{rel}","templated":true}]}}