{"id":7876,"date":"2025-08-13T15:40:40","date_gmt":"2025-08-13T15:40:40","guid":{"rendered":"https:\/\/www.ics.gob.cu\/?p=7876"},"modified":"2025-08-13T15:40:41","modified_gmt":"2025-08-13T15:40:41","slug":"volver-a-fidel-siempre","status":"publish","type":"post","link":"https:\/\/www.ics.gob.cu\/en\/volver-a-fidel-siempre\/","title":{"rendered":"Volver a Fidel, siempre"},"content":{"rendered":"<div class=\"pdfprnt-buttons pdfprnt-buttons-post pdfprnt-top-right\"><a href=\"https:\/\/www.ics.gob.cu\/en\/wp-json\/wp\/v2\/posts\/7876?print=print\" class=\"pdfprnt-button pdfprnt-button-print\" target=\"_blank\" ><img decoding=\"async\" src=\"https:\/\/www.ics.gob.cu\/wp-content\/plugins\/pdf-print\/images\/print.png\" alt=\"image_print\" title=\"Print Content\" \/><\/a><\/div>\n<p>A Fidel volvemos una y otra vez para reencontrarnos. Es inevitable; de otra forma, ser\u00eda impensable seguir. Cuba lo sabe, los cubanos lo sabemos, millones en el mundo tienen esa certeza.<br><br>Desde su partida f\u00edsica el 25 de noviembre de 2016, el l\u00edder hist\u00f3rico de la Revoluci\u00f3n cubana se multiplic\u00f3, tal como lo avizoraba un cartel que tiempo antes de su muerte lo defin\u00eda y, quiz\u00e1s sin pretenderlo, se\u00f1alaba un camino que solo los odiadores del imperio no pod\u00edan ni quer\u00edan aceptar.<\/p>\n\n\n\n<p>Sin esa multiplicaci\u00f3n profunda y firme, que ha hecho que cada cual tenga muy cercano a su propio Fidel, no podr\u00edamos haber resistido los dur\u00edsimos a\u00f1os que sobrevinieron despu\u00e9s.<\/p>\n\n\n<div class=\"wp-block-image\">\n<figure class=\"aligncenter size-full is-resized\"><img loading=\"lazy\" decoding=\"async\" width=\"350\" height=\"397\" src=\"https:\/\/www.ics.gob.cu\/wp-content\/uploads\/2025\/08\/FIDEL-3.png\" alt=\"\" class=\"wp-image-7879\" style=\"width:304px;height:auto\" srcset=\"https:\/\/www.ics.gob.cu\/wp-content\/uploads\/2025\/08\/FIDEL-3.png 350w, https:\/\/www.ics.gob.cu\/wp-content\/uploads\/2025\/08\/FIDEL-3-264x300.png 264w\" sizes=\"auto, (max-width: 350px) 100vw, 350px\" \/><\/figure>\n<\/div>\n\n\n<p>Fidel ha estado en cada batalla personal, familiar y colectiva, en la resistencia creativa a la que ha convocado el primer secretario del Comit\u00e9 Central del Partido y presidente de la Rep\u00fablica, Miguel D\u00edaz-Canel Berm\u00fadez, en la fuerza erigida tras dolores inesperados y compartidos, en el optimismo y confianza de un pueblo que se empe\u00f1a en seguir construyendo la sociedad m\u00e1s justa posible frente a amenazas y desaf\u00edos descomunales.<\/p>\n\n\n\n<p>Ha estado y estar\u00e1, necesariamente, en los pueblos de nuestra regi\u00f3n que renacen como Ave F\u00e9nix tras golpes a su democracia, a la paz, tras sanciones, guerras medi\u00e1ticas e intentos de desestabilizaci\u00f3n interna de todo tipo.<\/p>\n\n\n\n<figure class=\"wp-block-embed is-type-rich is-provider-x-formerly-twitter wp-block-embed-x-formerly-twitter\"><div class=\"wp-block-embed__wrapper\">\n<blockquote class=\"embedly-card\" data-card-controls=\"1\" data-card-align=\"center\" data-card-theme=\"light\"><h4><a href=\"https:\/\/twitter.com\/IcsCuba\/status\/1955577550673186869?t=lIdMM5Ma9oimhRaStzziLQ&#038;s=19\">Instituto de Informaci\u00f3n y Comunicaci\u00f3n Social on X (formerly Twitter): \u00abY en eso lleg\u00f3 Fidel \u270aSu ejemplo, su legado, sus alertas y ense\u00f1anzas, su fe inquebrantable en la victoria, su creatividad y optimismo, su confianza en el pueblo, m\u00e1s necesarias que nunca. Estamos y estaremos con #FidelPorSiempre#100A\u00f1osConFidel pic.twitter.com\/CLZZgpJxbm \/ X\u00bb<\/a><\/h4><p>Y en eso lleg\u00f3 Fidel \u270aSu ejemplo, su legado, sus alertas y ense\u00f1anzas, su fe inquebrantable en la victoria, su creatividad y optimismo, su confianza en el pueblo, m\u00e1s necesarias que nunca. Estamos y estaremos con #FidelPorSiempre#100A\u00f1osConFidel pic.twitter.com\/CLZZgpJxbm<\/p><\/blockquote><script async src=\"\/\/cdn.embedly.com\/widgets\/platform.js\" charset=\"UTF-8\"><\/script>\n<\/div><\/figure>\n\n\n\n<p>Habr\u00e1 entonces que seguir con Fidel por siempre, entre nosotros, alert\u00e1ndonos, gui\u00e1ndonos, previendo y hasta respondi\u00e9ndonos cuando necesariamente nos preguntemos -como hasta ahora- qu\u00e9 habr\u00eda hecho \u00e9l en una u otra circunstancia.<\/p>\n\n\n\n<p>Y cuando todo parezca m\u00e1s dif\u00edcil, si por un instante las fuerzas parecieran hacernos ceder, cada cual tendr\u00e1 que ser, como nos ense\u00f1\u00f3, su propio Comandante en Jefe, sin tiempo para el cansancio, tomar decisiones y empu\u00f1ar el arma que sea necesaria donde m\u00e1s se necesite en pos del bienestar com\u00fan, con la convicci\u00f3n de que unidos, es posible seguir, crear, vencer.<\/p>\n\n\n\n<p>Y claro est\u00e1, ser\u00e1 imprescindible siempre volver a \u00e9l una y otra vez, para reencontrarnos.<\/p>\n\n\n\n<p><br><br><br><br><\/p>\n\n\n\n<p><\/p>\n<div class=\"pld-like-dislike-wrap pld-template-1\">\r\n    <div class=\"pld-like-wrap  pld-common-wrap\">\r\n    <a href=\"javascript:void(0)\" class=\"pld-like-trigger pld-like-dislike-trigger\" title=\"\" data-post-id=\"7876\" data-trigger-type=\"like\" data-restriction=\"cookie\" data-already-liked=\"0\">\r\n                        <i class=\"fas fa-thumbs-up\"><\/i>\r\n                <\/a>\r\n    <span class=\"pld-like-count-wrap pld-count-wrap\">0    <\/span>\r\n<\/div><div class=\"pld-dislike-wrap  pld-common-wrap\">\r\n    <a href=\"javascript:void(0)\" class=\"pld-dislike-trigger pld-like-dislike-trigger\" title=\"\" data-post-id=\"7876\" data-trigger-type=\"dislike\" data-restriction=\"cookie\" data-already-liked=\"0\">\r\n                        <i class=\"fas fa-thumbs-down\"><\/i>\r\n                <\/a>\r\n    <span class=\"pld-dislike-count-wrap pld-count-wrap\">0<\/span>\r\n<\/div><\/div>","protected":false},"excerpt":{"rendered":"<p>A Fidel volvemos una y otra vez para reencontrarnos. Es inevitable; de otra forma, ser\u00eda impensable seguir. Cuba lo sabe, los cubanos lo sabemos, millones en el mundo tienen esa certeza. Desde su partida f\u00edsica el 25 de noviembre de 2016, el l\u00edder hist\u00f3rico de la Revoluci\u00f3n cubana se multiplic\u00f3, tal como lo avizoraba un [&hellip;]<\/p>\n","protected":false},"author":8,"featured_media":7877,"comment_status":"open","ping_status":"closed","sticky":false,"template":"","format":"standard","meta":{"_bbp_topic_count":0,"_bbp_reply_count":0,"_bbp_total_topic_count":0,"_bbp_total_reply_count":0,"_bbp_voice_count":0,"_bbp_anonymous_reply_count":0,"_bbp_topic_count_hidden":0,"_bbp_reply_count_hidden":0,"_bbp_forum_subforum_count":0,"_glsr_average":0,"_glsr_ranking":0,"_glsr_reviews":0,"footnotes":""},"categories":[10],"tags":[47,7,63,39,67,64,76],"class_list":["post-7876","post","type-post","status-publish","format-standard","has-post-thumbnail","hentry","category-nacionales","tag-comunicacion-social","tag-cuba","tag-fidel-castro","tag-ics","tag-radio-cubana","tag-revolucion-cubana","tag-television-cubana"],"acf":[],"_links":{"self":[{"href":"https:\/\/www.ics.gob.cu\/en\/wp-json\/wp\/v2\/posts\/7876","targetHints":{"allow":["GET"]}}],"collection":[{"href":"https:\/\/www.ics.gob.cu\/en\/wp-json\/wp\/v2\/posts"}],"about":[{"href":"https:\/\/www.ics.gob.cu\/en\/wp-json\/wp\/v2\/types\/post"}],"author":[{"embeddable":true,"href":"https:\/\/www.ics.gob.cu\/en\/wp-json\/wp\/v2\/users\/8"}],"replies":[{"embeddable":true,"href":"https:\/\/www.ics.gob.cu\/en\/wp-json\/wp\/v2\/comments?post=7876"}],"version-history":[{"count":2,"href":"https:\/\/www.ics.gob.cu\/en\/wp-json\/wp\/v2\/posts\/7876\/revisions"}],"predecessor-version":[{"id":7881,"href":"https:\/\/www.ics.gob.cu\/en\/wp-json\/wp\/v2\/posts\/7876\/revisions\/7881"}],"wp:featuredmedia":[{"embeddable":true,"href":"https:\/\/www.ics.gob.cu\/en\/wp-json\/wp\/v2\/media\/7877"}],"wp:attachment":[{"href":"https:\/\/www.ics.gob.cu\/en\/wp-json\/wp\/v2\/media?parent=7876"}],"wp:term":[{"taxonomy":"category","embeddable":true,"href":"https:\/\/www.ics.gob.cu\/en\/wp-json\/wp\/v2\/categories?post=7876"},{"taxonomy":"post_tag","embeddable":true,"href":"https:\/\/www.ics.gob.cu\/en\/wp-json\/wp\/v2\/tags?post=7876"}],"curies":[{"name":"wp","href":"https:\/\/api.w.org\/{rel}","templated":true}]}}