{"id":7883,"date":"2025-08-13T19:57:46","date_gmt":"2025-08-13T19:57:46","guid":{"rendered":"https:\/\/www.ics.gob.cu\/?p=7883"},"modified":"2025-08-13T19:57:47","modified_gmt":"2025-08-13T19:57:47","slug":"honores-a-quien-honor-merece","status":"publish","type":"post","link":"https:\/\/www.ics.gob.cu\/en\/honores-a-quien-honor-merece\/","title":{"rendered":"Honores a quien honor merece"},"content":{"rendered":"<div class=\"pdfprnt-buttons pdfprnt-buttons-post pdfprnt-top-right\"><a href=\"https:\/\/www.ics.gob.cu\/en\/wp-json\/wp\/v2\/posts\/7883?print=print\" class=\"pdfprnt-button pdfprnt-button-print\" target=\"_blank\" ><img decoding=\"async\" src=\"https:\/\/www.ics.gob.cu\/wp-content\/plugins\/pdf-print\/images\/print.png\" alt=\"image_print\" title=\"Print Content\" \/><\/a><\/div>\n<p>\u201cFidel, y de \u00e9l siempre hay que hablar en presente, no es solo un l\u00edder, es un faro de dignidad, resistencia y lucha por la justicia, cuyo legado sigue iluminando el camino de Cuba y de los pueblos del mundo\u201d.<\/p>\n\n\n\n<p>Estas palabras, que transmiten el sentimiento de muchos, fueron pronunciadas por la vicepresidenta del Instituto de Informaci\u00f3n y Comunicaci\u00f3n Social (ICS), Belkys P\u00e9rez Cruz, en el homenaje que tuvo lugar en la Sala Che Guevara del propio Instituto, para honrar al Comandante en Jefe Fidel Castro Ruz, en el aniversario 99 de su natalicio.<\/p>\n\n\n<div class=\"wp-block-image\">\n<figure class=\"aligncenter size-full is-resized\"><img loading=\"lazy\" decoding=\"async\" width=\"876\" height=\"485\" src=\"https:\/\/www.ics.gob.cu\/wp-content\/uploads\/2025\/08\/PRESIDENCIA-OK.jpg\" alt=\"\" class=\"wp-image-7887\" style=\"width:452px;height:auto\" srcset=\"https:\/\/www.ics.gob.cu\/wp-content\/uploads\/2025\/08\/PRESIDENCIA-OK.jpg 876w, https:\/\/www.ics.gob.cu\/wp-content\/uploads\/2025\/08\/PRESIDENCIA-OK-300x166.jpg 300w, https:\/\/www.ics.gob.cu\/wp-content\/uploads\/2025\/08\/PRESIDENCIA-OK-768x425.jpg 768w\" sizes=\"auto, (max-width: 876px) 100vw, 876px\" \/><\/figure>\n<\/div>\n\n\n<p>El presidente del ICS, Alfonso Noya Mart\u00ednez, encabez\u00f3 la actividad en la que participaron directivos y una representaci\u00f3n de los trabajadores para recordar al eterno l\u00edder de la Revoluci\u00f3n cubana y el compromiso con su legado.<\/p>\n\n\n<div class=\"wp-block-image\">\n<figure class=\"aligncenter size-large is-resized\"><img loading=\"lazy\" decoding=\"async\" width=\"767\" height=\"1024\" src=\"https:\/\/www.ics.gob.cu\/wp-content\/uploads\/2025\/08\/ANA-IRIS-767x1024.jpeg\" alt=\"\" class=\"wp-image-7890\" style=\"width:313px;height:auto\" srcset=\"https:\/\/www.ics.gob.cu\/wp-content\/uploads\/2025\/08\/ANA-IRIS-767x1024.jpeg 767w, https:\/\/www.ics.gob.cu\/wp-content\/uploads\/2025\/08\/ANA-IRIS-225x300.jpeg 225w, https:\/\/www.ics.gob.cu\/wp-content\/uploads\/2025\/08\/ANA-IRIS-768x1025.jpeg 768w, https:\/\/www.ics.gob.cu\/wp-content\/uploads\/2025\/08\/ANA-IRIS.jpeg 809w\" sizes=\"auto, (max-width: 767px) 100vw, 767px\" \/><\/figure>\n<\/div>\n\n\n<p>A trav\u00e9s de un documental que narra su fecunda vida, de la m\u00fasica en voz de Ana Iris Blanco y con la presentaci\u00f3n del libro \u201cEl Atleta Mayor\u201d, escrito por los periodistas Ovidio Cabrera, Irma C\u00e1ceres y P\u00e1vel Otero se realiz\u00f3 un hermoso tributo a Fidel. <\/p>\n\n\n<div class=\"wp-block-image\">\n<figure class=\"aligncenter size-large is-resized\"><img loading=\"lazy\" decoding=\"async\" width=\"1024\" height=\"652\" src=\"https:\/\/www.ics.gob.cu\/wp-content\/uploads\/2025\/08\/OVIDIO-SI-1024x652.jpeg\" alt=\"\" class=\"wp-image-7885\" style=\"width:462px;height:auto\" srcset=\"https:\/\/www.ics.gob.cu\/wp-content\/uploads\/2025\/08\/OVIDIO-SI-1024x652.jpeg 1024w, https:\/\/www.ics.gob.cu\/wp-content\/uploads\/2025\/08\/OVIDIO-SI-300x191.jpeg 300w, https:\/\/www.ics.gob.cu\/wp-content\/uploads\/2025\/08\/OVIDIO-SI-768x489.jpeg 768w, https:\/\/www.ics.gob.cu\/wp-content\/uploads\/2025\/08\/OVIDIO-SI.jpeg 1080w\" sizes=\"auto, (max-width: 1024px) 100vw, 1024px\" \/><\/figure>\n<\/div>\n\n\n<p>A prop\u00f3sito de la reciente salida de este volumen, que recoge 42 an\u00e9cdotas de glorias del deporte cubano con el Comandante en Jefe, Ovidio Cabrera adelant\u00f3 algunas de las historias que contiene y coment\u00f3 los esfuerzos para su realizaci\u00f3n, as\u00ed como el inter\u00e9s de la Editorial En Vivo, de la Radio y la Televisi\u00f3n cubanas, de incrementar la producci\u00f3n editorial durante todo el pr\u00f3ximo a\u00f1o de celebraci\u00f3n del centenario del l\u00edder cubano.<\/p>\n\n\n\n<p>\u201cPara los trabajadores de este Instituto, Fidel es alguien entra\u00f1able. Muchos de nuestros compa\u00f1eros lo acompa\u00f1aron en su andar por Cuba y el resto del mundo, fueron privilegiados del tiempo, como cuentan Ovidio e Irma en la recopilaci\u00f3n de an\u00e9cdotas de periodistas, camar\u00f3grafos, locutores, t\u00e9cnicos de la radio y la televisi\u00f3n cubanas. Para nosotros los trabajadores del Instituto de Informaci\u00f3n y Comunicaci\u00f3n Social, comienza desde hoy una etapa de homenaje eterno rumbo a los 100 a\u00f1os con Fidel, que conmemoraremos el 13 de agosto de 2026\u201d, expres\u00f3 Belkys P\u00e9rez Cruz.<\/p>\n\n\n<div class=\"wp-block-image\">\n<figure class=\"aligncenter size-large is-resized\"><img loading=\"lazy\" decoding=\"async\" width=\"1024\" height=\"767\" src=\"https:\/\/www.ics.gob.cu\/wp-content\/uploads\/2025\/08\/BELKYS-1024x767.jpeg\" alt=\"\" class=\"wp-image-7886\" style=\"width:454px;height:auto\" srcset=\"https:\/\/www.ics.gob.cu\/wp-content\/uploads\/2025\/08\/BELKYS-1024x767.jpeg 1024w, https:\/\/www.ics.gob.cu\/wp-content\/uploads\/2025\/08\/BELKYS-300x225.jpeg 300w, https:\/\/www.ics.gob.cu\/wp-content\/uploads\/2025\/08\/BELKYS-768x575.jpeg 768w, https:\/\/www.ics.gob.cu\/wp-content\/uploads\/2025\/08\/BELKYS.jpeg 1080w\" sizes=\"auto, (max-width: 1024px) 100vw, 1024px\" \/><\/figure>\n<\/div>\n\n\n<p>La tambi\u00e9n periodista inform\u00f3 que \u201cen los pr\u00f3ximos d\u00edas daremos a conocer el plan de actividades previsto para la celebraci\u00f3n, la cual nos tendr\u00e1 a todos como protagonistas de este reconocimiento desde la labor que desempe\u00f1amos a diario\u201d. Con la premisa de que Fidel vive entre nosotros llevaremos adelante esta campa\u00f1a por su centenario que, m\u00e1s que un plan comunicacional, es una manera de homenajear al cubano m\u00e1s grande de este siglo.<\/p>\n\n\n\n<figure class=\"wp-block-embed is-type-rich is-provider-presidencia-de-cuba wp-block-embed-presidencia-de-cuba\"><div class=\"wp-block-embed__wrapper\">\n<blockquote class=\"embedly-card\" data-card-controls=\"1\" data-card-align=\"center\" data-card-theme=\"light\"><h4><a href=\"https:\/\/www.presidencia.gob.cu\/es\/noticias\/y-venceremos\/\">\u00a1Y venceremos!<\/a><\/h4><p>En la historia de Fidel, desde sus a\u00f1os de estudiante hasta su presencia indiscutible de ahora mismo, hay un c\u00famulo infinito de lecciones y todas coinciden en un punto: jam\u00e1s se dej\u00f3 vencer por las circunstancias<\/p><\/blockquote><script async src=\"\/\/cdn.embedly.com\/widgets\/platform.js\" charset=\"UTF-8\"><\/script>\n<\/div><\/figure>\n\n\n\n<p>En esta simb\u00f3lica jornada, el presidente de la Rep\u00fablica, Miguel D\u00edaz-Canel Berm\u00fadez, escribi\u00f3 un texto hermoso, que comparti\u00f3 en las p\u00e1ginas de Cubadebate, del cual la vicepresidenta del ICS, resalt\u00f3: \u201cEscrutando cada una de sus batallas, se advierten las profundas motivaciones que siempre despert\u00f3 en este corajudo pueblo ese l\u00edder salido de sus entra\u00f1as para convertir los reveses en victoria. Entonces entendemos en su exacta dimensi\u00f3n el significado de la despedida que Che Guevara le dedicara exclusivamente a \u00e9l antes de partir a otras tierras del mundo y que el pueblo cubano convirti\u00f3 en prop\u00f3sito irrenunciable: Hasta la victoria, siempre. Sin olvidar jam\u00e1s el Patria o Muerte que lo hace posible. Ni el optimismo en una palabra: \u00a1Venceremos\u00a1\u201d.<\/p>\n\n\n\n<p>A 99 a\u00f1os de su natalicio, reafirmamos el compromiso de defender la Patria socialista y continuar su batalla por un futuro mejor. Que las etiquetas en redes sociales se reviertan en trabajo, producci\u00f3n y transformaci\u00f3n social.<strong>#FidelVive<\/strong> y vivir\u00e1 por siempre en este, su pueblo, el que liber\u00f3 e impuls\u00f3 en medio de las m\u00e1s complejas circunstancias. El mejor regalo para \u00e9l ser\u00e1 mantener la unidad, la firmeza ante las adversidades y la fe inquebrantable en la victoria.<\/p>\n<div class=\"pld-like-dislike-wrap pld-template-1\">\r\n    <div class=\"pld-like-wrap  pld-common-wrap\">\r\n    <a href=\"javascript:void(0)\" class=\"pld-like-trigger pld-like-dislike-trigger\" title=\"\" data-post-id=\"7883\" data-trigger-type=\"like\" data-restriction=\"cookie\" data-already-liked=\"0\">\r\n                        <i class=\"fas fa-thumbs-up\"><\/i>\r\n                <\/a>\r\n    <span class=\"pld-like-count-wrap pld-count-wrap\">0    <\/span>\r\n<\/div><div class=\"pld-dislike-wrap  pld-common-wrap\">\r\n    <a href=\"javascript:void(0)\" class=\"pld-dislike-trigger pld-like-dislike-trigger\" title=\"\" data-post-id=\"7883\" data-trigger-type=\"dislike\" data-restriction=\"cookie\" data-already-liked=\"0\">\r\n                        <i class=\"fas fa-thumbs-down\"><\/i>\r\n                <\/a>\r\n    <span class=\"pld-dislike-count-wrap pld-count-wrap\">0<\/span>\r\n<\/div><\/div>","protected":false},"excerpt":{"rendered":"<p>\u201cFidel, y de \u00e9l siempre hay que hablar en presente, no es solo un l\u00edder, es un faro de dignidad, resistencia y lucha por la justicia, cuyo legado sigue iluminando el camino de Cuba y de los pueblos del mundo\u201d. Estas palabras, que transmiten el sentimiento de muchos, fueron pronunciadas por la vicepresidenta del Instituto [&hellip;]<\/p>\n","protected":false},"author":2,"featured_media":7888,"comment_status":"open","ping_status":"closed","sticky":false,"template":"","format":"standard","meta":{"_bbp_topic_count":0,"_bbp_reply_count":0,"_bbp_total_topic_count":0,"_bbp_total_reply_count":0,"_bbp_voice_count":0,"_bbp_anonymous_reply_count":0,"_bbp_topic_count_hidden":0,"_bbp_reply_count_hidden":0,"_bbp_forum_subforum_count":0,"_glsr_average":0,"_glsr_ranking":0,"_glsr_reviews":0,"footnotes":""},"categories":[10],"tags":[47,7,63,39,67,64,76],"class_list":["post-7883","post","type-post","status-publish","format-standard","has-post-thumbnail","hentry","category-nacionales","tag-comunicacion-social","tag-cuba","tag-fidel-castro","tag-ics","tag-radio-cubana","tag-revolucion-cubana","tag-television-cubana"],"acf":[],"_links":{"self":[{"href":"https:\/\/www.ics.gob.cu\/en\/wp-json\/wp\/v2\/posts\/7883","targetHints":{"allow":["GET"]}}],"collection":[{"href":"https:\/\/www.ics.gob.cu\/en\/wp-json\/wp\/v2\/posts"}],"about":[{"href":"https:\/\/www.ics.gob.cu\/en\/wp-json\/wp\/v2\/types\/post"}],"author":[{"embeddable":true,"href":"https:\/\/www.ics.gob.cu\/en\/wp-json\/wp\/v2\/users\/2"}],"replies":[{"embeddable":true,"href":"https:\/\/www.ics.gob.cu\/en\/wp-json\/wp\/v2\/comments?post=7883"}],"version-history":[{"count":2,"href":"https:\/\/www.ics.gob.cu\/en\/wp-json\/wp\/v2\/posts\/7883\/revisions"}],"predecessor-version":[{"id":7892,"href":"https:\/\/www.ics.gob.cu\/en\/wp-json\/wp\/v2\/posts\/7883\/revisions\/7892"}],"wp:featuredmedia":[{"embeddable":true,"href":"https:\/\/www.ics.gob.cu\/en\/wp-json\/wp\/v2\/media\/7888"}],"wp:attachment":[{"href":"https:\/\/www.ics.gob.cu\/en\/wp-json\/wp\/v2\/media?parent=7883"}],"wp:term":[{"taxonomy":"category","embeddable":true,"href":"https:\/\/www.ics.gob.cu\/en\/wp-json\/wp\/v2\/categories?post=7883"},{"taxonomy":"post_tag","embeddable":true,"href":"https:\/\/www.ics.gob.cu\/en\/wp-json\/wp\/v2\/tags?post=7883"}],"curies":[{"name":"wp","href":"https:\/\/api.w.org\/{rel}","templated":true}]}}