{"id":7908,"date":"2025-08-22T22:59:30","date_gmt":"2025-08-22T22:59:30","guid":{"rendered":"https:\/\/www.ics.gob.cu\/?p=7908"},"modified":"2025-08-22T23:05:28","modified_gmt":"2025-08-22T23:05:28","slug":"la-radio-cubana-celebra-103-anos-y-reconoce-a-sus-hacedores","status":"publish","type":"post","link":"https:\/\/www.ics.gob.cu\/en\/la-radio-cubana-celebra-103-anos-y-reconoce-a-sus-hacedores\/","title":{"rendered":"La Radio Cubana celebra 103 a\u00f1os y reconoce a sus hacedores"},"content":{"rendered":"<div class=\"pdfprnt-buttons pdfprnt-buttons-post pdfprnt-top-right\"><a href=\"https:\/\/www.ics.gob.cu\/en\/wp-json\/wp\/v2\/posts\/7908?print=print\" class=\"pdfprnt-button pdfprnt-button-print\" target=\"_blank\" ><img decoding=\"async\" src=\"https:\/\/www.ics.gob.cu\/wp-content\/plugins\/pdf-print\/images\/print.png\" alt=\"image_print\" title=\"Print Content\" \/><\/a><\/div>\n<p>\u00abNunca dejaremos de trabajar. Nuestro sonido lo mantendremos vivo para que siga llegando a Cuba y al resto del mundo\u00bb.<\/p>\n\n\n\n<figure class=\"wp-block-image size-large\"><img loading=\"lazy\" decoding=\"async\" width=\"1024\" height=\"573\" src=\"https:\/\/www.ics.gob.cu\/wp-content\/uploads\/2025\/08\/IMG-20250822-WA0027-1024x573.jpg\" alt=\"\" class=\"wp-image-7913\" srcset=\"https:\/\/www.ics.gob.cu\/wp-content\/uploads\/2025\/08\/IMG-20250822-WA0027-1024x573.jpg 1024w, https:\/\/www.ics.gob.cu\/wp-content\/uploads\/2025\/08\/IMG-20250822-WA0027-300x168.jpg 300w, https:\/\/www.ics.gob.cu\/wp-content\/uploads\/2025\/08\/IMG-20250822-WA0027-768x430.jpg 768w, https:\/\/www.ics.gob.cu\/wp-content\/uploads\/2025\/08\/IMG-20250822-WA0027-1536x860.jpg 1536w, https:\/\/www.ics.gob.cu\/wp-content\/uploads\/2025\/08\/IMG-20250822-WA0027.jpg 1600w\" sizes=\"auto, (max-width: 1024px) 100vw, 1024px\" \/><\/figure>\n\n\n\n<p>As\u00ed lo expres\u00f3 la querida locutora, profesora y maestra de radialistas, Argelia Pera Trapero, al recibir en esta ma\u00f1ana de viernes, el Premio Nacional de Radio en su edici\u00f3n 2025, reconocimiento a la obra de toda la vida entregada a la magia de este medio universal.<\/p>\n\n\n\n<p>Al cumplirse el aniversario 103 de la Radio Cubana, la Casa de la Amistad del Instituto Cubano de Amistad con los Pueblos (ICAP) de la Habana, acogi\u00f3 un hermoso encuentro en el que tambi\u00e9n se hizo entrega de la Condici\u00f3n de Artistas de M\u00e9rito, el Sello Aniversario 100 y el Micr\u00f3fono de la Radio a destacados profesionales con m\u00e1s de 20 y 25 a\u00f1os de labor ininterrumpida en el medio.<\/p>\n\n\n\n<figure class=\"wp-block-image size-large\"><img loading=\"lazy\" decoding=\"async\" width=\"1024\" height=\"573\" src=\"https:\/\/www.ics.gob.cu\/wp-content\/uploads\/2025\/08\/IMG-20250822-WA0033-1024x573.jpg\" alt=\"\" class=\"wp-image-7912\" srcset=\"https:\/\/www.ics.gob.cu\/wp-content\/uploads\/2025\/08\/IMG-20250822-WA0033-1024x573.jpg 1024w, https:\/\/www.ics.gob.cu\/wp-content\/uploads\/2025\/08\/IMG-20250822-WA0033-300x168.jpg 300w, https:\/\/www.ics.gob.cu\/wp-content\/uploads\/2025\/08\/IMG-20250822-WA0033-768x430.jpg 768w, https:\/\/www.ics.gob.cu\/wp-content\/uploads\/2025\/08\/IMG-20250822-WA0033-1536x860.jpg 1536w, https:\/\/www.ics.gob.cu\/wp-content\/uploads\/2025\/08\/IMG-20250822-WA0033.jpg 1600w\" sizes=\"auto, (max-width: 1024px) 100vw, 1024px\" \/><\/figure>\n\n\n\n<figure class=\"wp-block-image size-large\"><img loading=\"lazy\" decoding=\"async\" width=\"742\" height=\"1024\" src=\"https:\/\/www.ics.gob.cu\/wp-content\/uploads\/2025\/08\/IMG_20250822_185315-742x1024.jpg\" alt=\"\" class=\"wp-image-7914\" srcset=\"https:\/\/www.ics.gob.cu\/wp-content\/uploads\/2025\/08\/IMG_20250822_185315-742x1024.jpg 742w, https:\/\/www.ics.gob.cu\/wp-content\/uploads\/2025\/08\/IMG_20250822_185315-217x300.jpg 217w, https:\/\/www.ics.gob.cu\/wp-content\/uploads\/2025\/08\/IMG_20250822_185315-768x1059.jpg 768w, https:\/\/www.ics.gob.cu\/wp-content\/uploads\/2025\/08\/IMG_20250822_185315.jpg 896w\" sizes=\"auto, (max-width: 742px) 100vw, 742px\" \/><\/figure>\n\n\n\n<p>Estuvieron presentes, Yaquel\u00edn Gonz\u00e1lez, funcionaria del Comit\u00e9 Central del Partido Comunista de Cuba, el presidente del ICS, Alfonso Noya Mart\u00ednez, la vicepresidenta Belkys P\u00e9rez Cruz, otros directivos del Instituto, la secretaria general del Sindicato Nacional de Trabajadores de la Cultura, Katia Mar\u00eda Rodr\u00edguez Ramos, Lourdes de los Santos, presidenta de la Asociaci\u00f3n de Cine, Radio y TV de la UNEAC, la directora general de la Radio Cubana, Yuzaima Cardona, entre otros invitados, entre los que se encontraban Premio Nacionales de la Radio en ediciones anteriores.<\/p>\n\n\n\n<figure class=\"wp-block-image size-large\"><img loading=\"lazy\" decoding=\"async\" width=\"1024\" height=\"573\" src=\"https:\/\/www.ics.gob.cu\/wp-content\/uploads\/2025\/08\/IMG-20250822-WA0028-1024x573.jpg\" alt=\"\" class=\"wp-image-7911\" srcset=\"https:\/\/www.ics.gob.cu\/wp-content\/uploads\/2025\/08\/IMG-20250822-WA0028-1024x573.jpg 1024w, https:\/\/www.ics.gob.cu\/wp-content\/uploads\/2025\/08\/IMG-20250822-WA0028-300x168.jpg 300w, https:\/\/www.ics.gob.cu\/wp-content\/uploads\/2025\/08\/IMG-20250822-WA0028-768x430.jpg 768w, https:\/\/www.ics.gob.cu\/wp-content\/uploads\/2025\/08\/IMG-20250822-WA0028-1536x860.jpg 1536w, https:\/\/www.ics.gob.cu\/wp-content\/uploads\/2025\/08\/IMG-20250822-WA0028.jpg 1600w\" sizes=\"auto, (max-width: 1024px) 100vw, 1024px\" \/><\/figure>\n\n\n\n<p>En nombre de los galardonados que all\u00ed asistieron, Argelia Pera reconoci\u00f3 la consagraci\u00f3n y el compromiso de todos los radialistas cubanos de todas las generaciones, agradeci\u00f3 a los maestros que ha tenido, a sus compa\u00f1eros de trabajo y al pueblo cubano, a quien calific\u00f3 como el m\u00e1s fiel, agradecido y amoroso receptor.<\/p>\n\n\n\n<figure class=\"wp-block-image size-full\"><img loading=\"lazy\" decoding=\"async\" width=\"526\" height=\"581\" src=\"https:\/\/www.ics.gob.cu\/wp-content\/uploads\/2025\/08\/IMG_20250822_185618.jpg\" alt=\"\" class=\"wp-image-7916\" srcset=\"https:\/\/www.ics.gob.cu\/wp-content\/uploads\/2025\/08\/IMG_20250822_185618.jpg 526w, https:\/\/www.ics.gob.cu\/wp-content\/uploads\/2025\/08\/IMG_20250822_185618-272x300.jpg 272w\" sizes=\"auto, (max-width: 526px) 100vw, 526px\" \/><\/figure>\n\n\n\n<p>Dijo tambi\u00e9n que la Radio Cubana se renueva, hoy con nuevas tecnolog\u00edas, formas de hacer y decir, m\u00e1s competencias y saberes pero en su esencia est\u00e1 seguir defendiendo la cuban\u00eda y la identidad cultural, lo que nos define como naci\u00f3n, \u201cpor eso es tan importante seguir siendo una voz que represente y llegue a todos y no dejar nunca de trabajar porque nunca nos hemos detenido ni en los m\u00e1s duros momentos ni ante las condiciones m\u00e1s complejas. Recibo este premio con mucha humildad y amor porque eso es lo que he hecho durante todos estos a\u00f1os, trabajar, trabajar mucho y con mucho amor\u201d, reiter\u00f3.<\/p>\n\n\n\n<p>Homenajes como estos tienen lugar esta jornada en todo el pa\u00eds donde son reconocidos realizadores, t\u00e9cnicos, actores, locutores, trabajadores en general del consagrado sistema de la Radio Cubana.<\/p>\n\n\n\n<figure class=\"wp-block-image size-large\"><img loading=\"lazy\" decoding=\"async\" width=\"1024\" height=\"573\" src=\"https:\/\/www.ics.gob.cu\/wp-content\/uploads\/2025\/08\/IMG-20250822-WA0030-1024x573.jpg\" alt=\"\" class=\"wp-image-7918\" srcset=\"https:\/\/www.ics.gob.cu\/wp-content\/uploads\/2025\/08\/IMG-20250822-WA0030-1024x573.jpg 1024w, https:\/\/www.ics.gob.cu\/wp-content\/uploads\/2025\/08\/IMG-20250822-WA0030-300x168.jpg 300w, https:\/\/www.ics.gob.cu\/wp-content\/uploads\/2025\/08\/IMG-20250822-WA0030-768x430.jpg 768w, https:\/\/www.ics.gob.cu\/wp-content\/uploads\/2025\/08\/IMG-20250822-WA0030-1536x860.jpg 1536w, https:\/\/www.ics.gob.cu\/wp-content\/uploads\/2025\/08\/IMG-20250822-WA0030.jpg 1600w\" sizes=\"auto, (max-width: 1024px) 100vw, 1024px\" \/><\/figure>\n\n\n\n<p>Devienen tambi\u00e9n celebraci\u00f3n por el aniversario 64 de la creaci\u00f3n de la Uni\u00f3n de Escritores y Artistas de Cuba (UNEAC), organizaci\u00f3n de la vanguardia art\u00edstica cubana a la que nos unen entra\u00f1ables lazos y a la cual pertenecen tambi\u00e9n muchos profesionales de los medios de comunicaci\u00f3n social cubanos, entre los que se encuentran un importante n\u00famero de radialistas. <\/p>\n\n\n\n<p>Llegue desde nuestro Instituto, la felicitaci\u00f3n reiterada a todos y todas.<\/p>\n<div class=\"pld-like-dislike-wrap pld-template-1\">\r\n    <div class=\"pld-like-wrap  pld-common-wrap\">\r\n    <a href=\"javascript:void(0)\" class=\"pld-like-trigger pld-like-dislike-trigger\" title=\"\" data-post-id=\"7908\" data-trigger-type=\"like\" data-restriction=\"cookie\" data-already-liked=\"0\">\r\n                        <i class=\"fas fa-thumbs-up\"><\/i>\r\n                <\/a>\r\n    <span class=\"pld-like-count-wrap pld-count-wrap\">1    <\/span>\r\n<\/div><div class=\"pld-dislike-wrap  pld-common-wrap\">\r\n    <a href=\"javascript:void(0)\" class=\"pld-dislike-trigger pld-like-dislike-trigger\" title=\"\" data-post-id=\"7908\" data-trigger-type=\"dislike\" data-restriction=\"cookie\" data-already-liked=\"0\">\r\n                        <i class=\"fas fa-thumbs-down\"><\/i>\r\n                <\/a>\r\n    <span class=\"pld-dislike-count-wrap pld-count-wrap\">0<\/span>\r\n<\/div><\/div>","protected":false},"excerpt":{"rendered":"<p>\u00abNunca dejaremos de trabajar. Nuestro sonido lo mantendremos vivo para que siga llegando a Cuba y al resto del mundo\u00bb. As\u00ed lo expres\u00f3 la querida locutora, profesora y maestra de radialistas, Argelia Pera Trapero, al recibir en esta ma\u00f1ana de viernes, el Premio Nacional de Radio en su edici\u00f3n 2025, reconocimiento a la obra de [&hellip;]<\/p>\n","protected":false},"author":8,"featured_media":7909,"comment_status":"open","ping_status":"closed","sticky":false,"template":"","format":"standard","meta":{"_bbp_topic_count":0,"_bbp_reply_count":0,"_bbp_total_topic_count":0,"_bbp_total_reply_count":0,"_bbp_voice_count":0,"_bbp_anonymous_reply_count":0,"_bbp_topic_count_hidden":0,"_bbp_reply_count_hidden":0,"_bbp_forum_subforum_count":0,"_glsr_average":0,"_glsr_ranking":0,"_glsr_reviews":0,"footnotes":""},"categories":[10],"tags":[47,7,39,67],"class_list":["post-7908","post","type-post","status-publish","format-standard","has-post-thumbnail","hentry","category-nacionales","tag-comunicacion-social","tag-cuba","tag-ics","tag-radio-cubana"],"acf":[],"_links":{"self":[{"href":"https:\/\/www.ics.gob.cu\/en\/wp-json\/wp\/v2\/posts\/7908","targetHints":{"allow":["GET"]}}],"collection":[{"href":"https:\/\/www.ics.gob.cu\/en\/wp-json\/wp\/v2\/posts"}],"about":[{"href":"https:\/\/www.ics.gob.cu\/en\/wp-json\/wp\/v2\/types\/post"}],"author":[{"embeddable":true,"href":"https:\/\/www.ics.gob.cu\/en\/wp-json\/wp\/v2\/users\/8"}],"replies":[{"embeddable":true,"href":"https:\/\/www.ics.gob.cu\/en\/wp-json\/wp\/v2\/comments?post=7908"}],"version-history":[{"count":3,"href":"https:\/\/www.ics.gob.cu\/en\/wp-json\/wp\/v2\/posts\/7908\/revisions"}],"predecessor-version":[{"id":7921,"href":"https:\/\/www.ics.gob.cu\/en\/wp-json\/wp\/v2\/posts\/7908\/revisions\/7921"}],"wp:featuredmedia":[{"embeddable":true,"href":"https:\/\/www.ics.gob.cu\/en\/wp-json\/wp\/v2\/media\/7909"}],"wp:attachment":[{"href":"https:\/\/www.ics.gob.cu\/en\/wp-json\/wp\/v2\/media?parent=7908"}],"wp:term":[{"taxonomy":"category","embeddable":true,"href":"https:\/\/www.ics.gob.cu\/en\/wp-json\/wp\/v2\/categories?post=7908"},{"taxonomy":"post_tag","embeddable":true,"href":"https:\/\/www.ics.gob.cu\/en\/wp-json\/wp\/v2\/tags?post=7908"}],"curies":[{"name":"wp","href":"https:\/\/api.w.org\/{rel}","templated":true}]}}