{"id":7923,"date":"2025-08-26T12:44:42","date_gmt":"2025-08-26T12:44:42","guid":{"rendered":"https:\/\/www.ics.gob.cu\/?p=7923"},"modified":"2025-08-26T17:12:43","modified_gmt":"2025-08-26T17:12:43","slug":"la-consagracion-de-veinte-mujeres-homenaje-a-las-mujeres-de-nuestros-medios-de-comunicacion-social","status":"publish","type":"post","link":"https:\/\/www.ics.gob.cu\/en\/la-consagracion-de-veinte-mujeres-homenaje-a-las-mujeres-de-nuestros-medios-de-comunicacion-social\/","title":{"rendered":"\u00abLa consagraci\u00f3n de veinte mujeres\u00bb: homenaje a las mujeres de nuestros medios de comunicaci\u00f3n social"},"content":{"rendered":"<div class=\"pdfprnt-buttons pdfprnt-buttons-post pdfprnt-top-right\"><a href=\"https:\/\/www.ics.gob.cu\/en\/wp-json\/wp\/v2\/posts\/7923?print=print\" class=\"pdfprnt-button pdfprnt-button-print\" target=\"_blank\" ><img decoding=\"async\" src=\"https:\/\/www.ics.gob.cu\/wp-content\/plugins\/pdf-print\/images\/print.png\" alt=\"image_print\" title=\"Print Content\" \/><\/a><\/div>\n<p>\u00abEn Cuba tenemos a tantas mujeres valientes, decididas, corajudas. El paradigma de la mujer cubana parte de sus antecesoras, aquellas mujeres extraordinarias que desde la \u00e9poca de los mambises fueron forjando la identidad y el sentimiento que hoy nos define como cubanas, tanto han aportado a la Patria en cada etapa&#8230; y eso somos hoy, mujeres de alma noble pero tambien mujeres de acci\u00f3n, de principios y de mucha entrega\u00bb.<\/p>\n\n\n\n<p>As\u00ed define a las mujeres cubanas \u00c1ngela Oramas, periodista de profesi\u00f3n y otra de las grandes de nuestros medios de comunicaci\u00f3n social.<\/p>\n\n\n\n<p>Conversar con \u00c1ngela sobre su libro \u00abLa consagraci\u00f3n de veinte mujeres\u00bb, es en primera instancia, contagiarse de la pasi\u00f3n de quien escribe cada letra con esa fuerza que es capaz de mover conciencias y a la vez, tocar sensibilidades.<\/p>\n\n\n\n<figure class=\"wp-block-image size-full\"><img loading=\"lazy\" decoding=\"async\" width=\"471\" height=\"1020\" src=\"https:\/\/www.ics.gob.cu\/wp-content\/uploads\/2025\/08\/1000447683.jpg\" alt=\"\" class=\"wp-image-7925\" srcset=\"https:\/\/www.ics.gob.cu\/wp-content\/uploads\/2025\/08\/1000447683.jpg 471w, https:\/\/www.ics.gob.cu\/wp-content\/uploads\/2025\/08\/1000447683-139x300.jpg 139w\" sizes=\"auto, (max-width: 471px) 100vw, 471px\" \/><\/figure>\n\n\n\n<p>El texto, que ha sido publicado por la Editorial En Vivo del Instituto de Informaci\u00f3n y Comunicaci\u00f3n Social (ICS), es un franco homenaje a cu\u00e1nto han aportado las mujeres a la cultura cubana desde el cine, la radio y la televisi\u00f3n. Recrea desde el testimonio la vida de \u00abextraordinarias profesionales de los medios, que desafiaron obst\u00e1culos, nunca se rindieron hasta hacer realidad el sue\u00f1o que las consagra\u00bb, como refiere la propia autora.<\/p>\n\n\n\n<p>\u00abLa consagraci\u00f3n de veinte mujeres nace de mi propio asombro al conocer algunas peque\u00f1as an\u00e9cdotas de vida de varias mujeres que han sido muy representativas en el panorama cultural cubano, algunas de ellas mis amigas, y sin embargo, no sab\u00eda a cabalidad cu\u00e1nto de interesante hab\u00edan sido sus caminos. As\u00ed, pues, me dije: es necesario y justo que el sacrificio y la obra de estas mujeres, que sin dudas representan a muchas otras, sea conocido\u00bb, afirma.<\/p>\n\n\n\n<p>Con absoluta franqueza cuenta la autora que para ella fue un reto este proyecto. \u00abEn ocasiones muchas de las situaciones vividas por mis entrevistadas, se asemejaban a las m\u00edas propias en el decursar de mis a\u00f1os como profesional de este \u00e1mbito tambi\u00e9n; y es que sin dudas y pasar de que tanto se ha avanzado en cuanto a la igualdad y el respeto a los derechos femeninos, a\u00fan quedan rezagos que siguen haciendo mucho da\u00f1o al desarrollo pleno de nuestras profesiones, de nuestras vidas personales. Incluso, me atrever\u00eda a decir que muchas de nosotras podemos hasta ser c\u00f3mplices involuntarias de esos lastres machistas. En este sentido, la Federaci\u00f3n de Mujeres Cubanas, con el ejemplo de Vilma ha hecho un trabajo muy importante que creo es de primordial importancia que no se deje perder\u00bb.<\/p>\n\n\n\n<p>El texto recoge historias de vidas como las de Rosal\u00eda Arn\u00e1ez, Xiomara Blanco, Orieta Cordeiro, Lourdes de los Santos, Gladys Goyzueta, Virgen Guti\u00e9rrez, entre otras.<\/p>\n\n\n\n<figure class=\"wp-block-image size-large\"><img loading=\"lazy\" decoding=\"async\" width=\"663\" height=\"1024\" src=\"https:\/\/www.ics.gob.cu\/wp-content\/uploads\/2025\/08\/1000454003-663x1024.jpg\" alt=\"\" class=\"wp-image-7926\" srcset=\"https:\/\/www.ics.gob.cu\/wp-content\/uploads\/2025\/08\/1000454003-663x1024.jpg 663w, https:\/\/www.ics.gob.cu\/wp-content\/uploads\/2025\/08\/1000454003-194x300.jpg 194w, https:\/\/www.ics.gob.cu\/wp-content\/uploads\/2025\/08\/1000454003-768x1187.jpg 768w, https:\/\/www.ics.gob.cu\/wp-content\/uploads\/2025\/08\/1000454003-994x1536.jpg 994w, https:\/\/www.ics.gob.cu\/wp-content\/uploads\/2025\/08\/1000454003-1326x2048.jpg 1326w, https:\/\/www.ics.gob.cu\/wp-content\/uploads\/2025\/08\/1000454003-scaled.jpg 1657w\" sizes=\"auto, (max-width: 663px) 100vw, 663px\" \/><\/figure>\n\n\n\n<p>\u00c1ngela habla de su libro como quien cuenta un sue\u00f1o cumplido. Describe la pasi\u00f3n de estas mujeres por su quehacer, narra sus aciertos y tropiezos y crea tambi\u00e9n una especie de di\u00e1logo a trav\u00e9s de lo escrito, con sus interlocutores que arroja admiraci\u00f3n por cada una de estas f\u00e9minas. \u00abHay mucho que se puede contar sobre la mujer cubana y si bien se hace en nuestros medios, en nuestra literatura, sin dudas se puede hacer m\u00e1s y mejor. Es realmente gratificante acceder a las historias de las f\u00e9minas m\u00e1s emblem\u00e1ticas de nuestra historia, porque precisamente de ellas somos el resultado hoy; por ejemplo, Celia tiene una historia de vida extraordinaria, Vilma fue una mujer excepcional y as\u00ed tantas otras, pero creo que falta mucho sobre todo en nuestros medios de comunicacion social, las historias cotidianas de aquellas mujeres que levantan esta naci\u00f3n todos los d\u00edas\u00bb.<\/p>\n\n\n\n<p>\u00abYo a\u00fan no puedo desprenderme de la emoci\u00f3n de las historias de cada una de mis testimoniantes, de esa capacidad de elegir no rendirse, de su sacrificio y abnegaci\u00f3n, de ese seguir siempre adelante, comenta Oramas. Y posteriormente, a\u00f1ade: \u00abte comento mi prop\u00f3sito, justo como escrib\u00ed en el libro. Mi caro deseo es que ustedes conozcan en mi letra a estas hacedoras de cultura, que aportan lo mejor de s\u00ed, nutridas del amor por lo que hacen y sin escatimar esfuerzo u obst\u00e1culo. Creo que no son conscientes de c\u00f3mo enriquecen la historiograf\u00eda de los medios masivos de comunicaci\u00f3n en los andares por un camino de rosas y espinas\u00bb, valora.<\/p>\n\n\n\n<p> \u00abLa consagraci\u00f3n de veinte mujeres\u00bb ser\u00e1 presentado este mi\u00e9rcoles 27 de agosto  en la sala Fayad Jamis como homenaje al aniversario 65 de la fundaci\u00f3n de la Federaci\u00f3n de Mujeres Cubanas, para iniciar despu\u00e9s un periplo de presentaciones especiales, como parte de la labor incansable de escritores, editorial y equipo de producci\u00f3n en general de \u00bb Ediciones En Vivo\u00bb . <\/p>\n\n\n\n<p><\/p>\n<div class=\"pld-like-dislike-wrap pld-template-1\">\r\n    <div class=\"pld-like-wrap  pld-common-wrap\">\r\n    <a href=\"javascript:void(0)\" class=\"pld-like-trigger pld-like-dislike-trigger\" title=\"\" data-post-id=\"7923\" data-trigger-type=\"like\" data-restriction=\"cookie\" data-already-liked=\"0\">\r\n                        <i class=\"fas fa-thumbs-up\"><\/i>\r\n                <\/a>\r\n    <span class=\"pld-like-count-wrap pld-count-wrap\">0    <\/span>\r\n<\/div><div class=\"pld-dislike-wrap  pld-common-wrap\">\r\n    <a href=\"javascript:void(0)\" class=\"pld-dislike-trigger pld-like-dislike-trigger\" title=\"\" data-post-id=\"7923\" data-trigger-type=\"dislike\" data-restriction=\"cookie\" data-already-liked=\"0\">\r\n                        <i class=\"fas fa-thumbs-down\"><\/i>\r\n                <\/a>\r\n    <span class=\"pld-dislike-count-wrap pld-count-wrap\">0<\/span>\r\n<\/div><\/div>","protected":false},"excerpt":{"rendered":"<p>\u00abEn Cuba tenemos a tantas mujeres valientes, decididas, corajudas. El paradigma de la mujer cubana parte de sus antecesoras, aquellas mujeres extraordinarias que desde la \u00e9poca de los mambises fueron forjando la identidad y el sentimiento que hoy nos define como cubanas, tanto han aportado a la Patria en cada etapa&#8230; y eso somos hoy, [&hellip;]<\/p>\n","protected":false},"author":10,"featured_media":7928,"comment_status":"open","ping_status":"closed","sticky":false,"template":"","format":"standard","meta":{"_bbp_topic_count":0,"_bbp_reply_count":0,"_bbp_total_topic_count":0,"_bbp_total_reply_count":0,"_bbp_voice_count":0,"_bbp_anonymous_reply_count":0,"_bbp_topic_count_hidden":0,"_bbp_reply_count_hidden":0,"_bbp_forum_subforum_count":0,"_glsr_average":0,"_glsr_ranking":0,"_glsr_reviews":0,"footnotes":""},"categories":[10,1],"tags":[47,7,39,76],"class_list":["post-7923","post","type-post","status-publish","format-standard","has-post-thumbnail","hentry","category-nacionales","category-uncategorized","tag-comunicacion-social","tag-cuba","tag-ics","tag-television-cubana"],"acf":[],"_links":{"self":[{"href":"https:\/\/www.ics.gob.cu\/en\/wp-json\/wp\/v2\/posts\/7923","targetHints":{"allow":["GET"]}}],"collection":[{"href":"https:\/\/www.ics.gob.cu\/en\/wp-json\/wp\/v2\/posts"}],"about":[{"href":"https:\/\/www.ics.gob.cu\/en\/wp-json\/wp\/v2\/types\/post"}],"author":[{"embeddable":true,"href":"https:\/\/www.ics.gob.cu\/en\/wp-json\/wp\/v2\/users\/10"}],"replies":[{"embeddable":true,"href":"https:\/\/www.ics.gob.cu\/en\/wp-json\/wp\/v2\/comments?post=7923"}],"version-history":[{"count":3,"href":"https:\/\/www.ics.gob.cu\/en\/wp-json\/wp\/v2\/posts\/7923\/revisions"}],"predecessor-version":[{"id":7932,"href":"https:\/\/www.ics.gob.cu\/en\/wp-json\/wp\/v2\/posts\/7923\/revisions\/7932"}],"wp:featuredmedia":[{"embeddable":true,"href":"https:\/\/www.ics.gob.cu\/en\/wp-json\/wp\/v2\/media\/7928"}],"wp:attachment":[{"href":"https:\/\/www.ics.gob.cu\/en\/wp-json\/wp\/v2\/media?parent=7923"}],"wp:term":[{"taxonomy":"category","embeddable":true,"href":"https:\/\/www.ics.gob.cu\/en\/wp-json\/wp\/v2\/categories?post=7923"},{"taxonomy":"post_tag","embeddable":true,"href":"https:\/\/www.ics.gob.cu\/en\/wp-json\/wp\/v2\/tags?post=7923"}],"curies":[{"name":"wp","href":"https:\/\/api.w.org\/{rel}","templated":true}]}}