{"id":7955,"date":"2025-08-31T22:53:20","date_gmt":"2025-08-31T22:53:20","guid":{"rendered":"https:\/\/www.ics.gob.cu\/?p=7955"},"modified":"2025-08-31T22:57:07","modified_gmt":"2025-08-31T22:57:07","slug":"el-atleta-mayor-homenaje-del-deporte-cubano-al-centenario-de-fidel","status":"publish","type":"post","link":"https:\/\/www.ics.gob.cu\/en\/el-atleta-mayor-homenaje-del-deporte-cubano-al-centenario-de-fidel\/","title":{"rendered":"\u201cEl Atleta Mayor\u201d, homenaje del deporte cubano al centenario de Fidel"},"content":{"rendered":"<div class=\"pdfprnt-buttons pdfprnt-buttons-post pdfprnt-top-right\"><a href=\"https:\/\/www.ics.gob.cu\/en\/wp-json\/wp\/v2\/posts\/7955?print=print\" class=\"pdfprnt-button pdfprnt-button-print\" target=\"_blank\" ><img decoding=\"async\" src=\"https:\/\/www.ics.gob.cu\/wp-content\/plugins\/pdf-print\/images\/print.png\" alt=\"image_print\" title=\"Print Content\" \/><\/a><\/div>\n<p>El libro \u201cEl Atleta Mayor\u201d, escrito por los periodistas Irma C\u00e1ceres y Ovidio Cabrera, con la asesor\u00eda de P\u00e1vel Otero, forma parte de la serie \u201cPrivilegiados del Tiempo\u201d, dedicada a la inmensa figura del l\u00edder hist\u00f3rico de la Revoluci\u00f3n, Fidel Castro Ruz. Mediante testimonios de deportistas que fueron muy cercanos a \u00e9l se pretende rendirle homenaje en el centenario de su natalicio.<\/p>\n\n\n\n<p>La obra literaria de la Editorial En Vivo, sello de la radio y la televisi\u00f3n cubanas, ya presentada en el gustado espacio S\u00e1bado del Libro y en la sede del Instituto de Informaci\u00f3n y Comunicaci\u00f3n Social, en la capital cubana, nos ense\u00f1a a ese Fidel cercano con los atletas, que se desvelaba para seguir de primera mano cada resultado de nuestro movimiento deportivo. No es un secreto que nuestro Comandante en Jefe es el principal art\u00edfice de incontables glorias de la actividad atl\u00e9tica.<\/p>\n\n\n\n<figure class=\"wp-block-image size-full\"><img loading=\"lazy\" decoding=\"async\" width=\"720\" height=\"960\" src=\"https:\/\/www.ics.gob.cu\/wp-content\/uploads\/2025\/08\/IMG-20250831-WA0021.jpg\" alt=\"\" class=\"wp-image-7957\" srcset=\"https:\/\/www.ics.gob.cu\/wp-content\/uploads\/2025\/08\/IMG-20250831-WA0021.jpg 720w, https:\/\/www.ics.gob.cu\/wp-content\/uploads\/2025\/08\/IMG-20250831-WA0021-225x300.jpg 225w\" sizes=\"auto, (max-width: 720px) 100vw, 720px\" \/><\/figure>\n\n\n\n<p>El acompa\u00f1amiento de Fidel al deporte fue m\u00e1s all\u00e1 de planificar y garantizar un sistema que diera oportunidades a todas las personas de practicarlo, ya sea profesional o recreativamente. Tambi\u00e9n su mano estuvo cuando los deportistas se enfermaban, ten\u00edan una situaci\u00f3n de \u00edndole personal o simplemente para motivarlos antes de salir o al regresar de alguna competencia, as\u00ed lo relatan magistralmente los testimonios que en la obra aparecen.<\/p>\n\n\n\n<p>Ovidio Cabrera, uno de los autores, refiere que el libro \u201cbaja al l\u00edder del pedestal en que muchas veces lo enmarcamos para mostrarlo en toda su dimensi\u00f3n: cercano, con defectos y virtudes, un ser humano inmenso, con una gran sabidur\u00eda, cuestionador incansable, amigo y un excelente comunicador.<\/p>\n\n\n\n<p>Se trata de an\u00e9cdotas que ocurrieron en diversos lugares del mundo y que muestran adem\u00e1s como Fidel no solo reconoc\u00eda el papel y la importancia de la prensa, su misi\u00f3n, sino mostraba gran preocupaci\u00f3n y respeto por los equipos de prensa que lo acompa\u00f1aban a los m\u00e1s dis\u00edmiles lugares, hasta los escenarios m\u00e1s complejos, siempre con un sonrisa, la mano en el hombro, la pregunta certera y lo le\u00eda y estudiaba todo para despu\u00e9s compartirles criterios, sugerencias\u201d, afirm\u00f3 Cabrera.<\/p>\n\n\n\n<p>El periodista deportivo P\u00e1vel Otero tambi\u00e9n tuvo un peso importante en la obra en la asesor\u00eda de los temas relacionados con los t\u00e9rminos de esta especialidad, las figuras infaltables y los certeros datos hist\u00f3ricos. Para \u00e9l formar parte del colectivo de realizadores \u201cfue muy gratificante\u201d y agradeci\u00f3 que contaran con \u00e9l para este homenaje a quien llev\u00f3 al deporte cubano mediante su accionar a planos estelares.<\/p>\n\n\n\n<p>\u201cLa idea que se pretende es continuar present\u00e1ndolo durante todos estos meses hasta el 13 de agosto de 2026, en las escuelas deportivas, ante las preselecciones de nuestros equipos, para que los atletas que no tuvieron el privilegio de tener cerca a Fidel, de contar con sus consejos y ese apoyo que motivaba los grandes resultados deportivos que lo tengan mediante esta obra literaria. Es importante que esta nueva generaci\u00f3n comprenda que de ellos depende mantener vivo el legado de Fidel en el deporte\u201d, declar\u00f3 Otero.<\/p>\n\n\n\n<figure class=\"wp-block-image size-full\"><img loading=\"lazy\" decoding=\"async\" width=\"889\" height=\"667\" src=\"https:\/\/www.ics.gob.cu\/wp-content\/uploads\/2025\/08\/IMG-20250831-WA0025-edited.jpg\" alt=\"\" class=\"wp-image-7962\" srcset=\"https:\/\/www.ics.gob.cu\/wp-content\/uploads\/2025\/08\/IMG-20250831-WA0025-edited.jpg 889w, https:\/\/www.ics.gob.cu\/wp-content\/uploads\/2025\/08\/IMG-20250831-WA0025-edited-300x225.jpg 300w, https:\/\/www.ics.gob.cu\/wp-content\/uploads\/2025\/08\/IMG-20250831-WA0025-edited-768x576.jpg 768w\" sizes=\"auto, (max-width: 889px) 100vw, 889px\" \/><\/figure>\n\n\n\n<p>Ovidio Cabrera nos relata que en el libro encontraremos \u201cun Fidel padre, que valora mucho el deporte y sus protagonistas, que reconoce los esfuerzos que realizan los deportistas y todos los que con ellos trabajan para alcanzar buenos resultados y poner en alto el nombre de Cuba. Pero tambi\u00e9n testimonios de glorias deportivas que lo tuvieron muy cerca en momentos personales muy complejos, situaciones diversas, y tambi\u00e9n en momentos de alegr\u00eda como un cumplea\u00f1os, una boda, un homenaje, un hombre muy detallista y que una vez m\u00e1s demuestra que hay que estudiar y saber un poco de todo\u201d.<\/p>\n\n\n\n<p>Ovidio adelant\u00f3, adem\u00e1s, que la idea es extender este tipo de textos a otros sectores para contar experiencias de la ciencia, la agricultura, la salud y muchos m\u00e1s, siempre con la colaboraci\u00f3n de la Editorial En Vivo.<\/p>\n\n\n\n<p>Cada homenaje a Fidel se convierte en una peque\u00f1a forma de gratitud del pueblo cubano a quien impuls\u00f3 una sociedad m\u00e1s justa y democr\u00e1tica. As\u00ed como \u00e9l no dej\u00f3 morir el legado de Jos\u00e9 Mart\u00ed en su centenario, nosotros tampoco dejaremos de ponderar su figura en este a\u00f1o n\u00famero cien de que en Bir\u00e1n, Holgu\u00edn, naciera uno de los hombres m\u00e1s grandes que ha dado nuestro archipi\u00e9lago.<\/p>\n<div class=\"pld-like-dislike-wrap pld-template-1\">\r\n    <div class=\"pld-like-wrap  pld-common-wrap\">\r\n    <a href=\"javascript:void(0)\" class=\"pld-like-trigger pld-like-dislike-trigger\" title=\"\" data-post-id=\"7955\" data-trigger-type=\"like\" data-restriction=\"cookie\" data-already-liked=\"0\">\r\n                        <i class=\"fas fa-thumbs-up\"><\/i>\r\n                <\/a>\r\n    <span class=\"pld-like-count-wrap pld-count-wrap\">1    <\/span>\r\n<\/div><div class=\"pld-dislike-wrap  pld-common-wrap\">\r\n    <a href=\"javascript:void(0)\" class=\"pld-dislike-trigger pld-like-dislike-trigger\" title=\"\" data-post-id=\"7955\" data-trigger-type=\"dislike\" data-restriction=\"cookie\" data-already-liked=\"0\">\r\n                        <i class=\"fas fa-thumbs-down\"><\/i>\r\n                <\/a>\r\n    <span class=\"pld-dislike-count-wrap pld-count-wrap\">0<\/span>\r\n<\/div><\/div>","protected":false},"excerpt":{"rendered":"<p>El libro \u201cEl Atleta Mayor\u201d, escrito por los periodistas Irma C\u00e1ceres y Ovidio Cabrera, con la asesor\u00eda de P\u00e1vel Otero, forma parte de la serie \u201cPrivilegiados del Tiempo\u201d, dedicada a la inmensa figura del l\u00edder hist\u00f3rico de la Revoluci\u00f3n, Fidel Castro Ruz. Mediante testimonios de deportistas que fueron muy cercanos a \u00e9l se pretende rendirle [&hellip;]<\/p>\n","protected":false},"author":6,"featured_media":7956,"comment_status":"open","ping_status":"closed","sticky":false,"template":"","format":"standard","meta":{"_bbp_topic_count":0,"_bbp_reply_count":0,"_bbp_total_topic_count":0,"_bbp_total_reply_count":0,"_bbp_voice_count":0,"_bbp_anonymous_reply_count":0,"_bbp_topic_count_hidden":0,"_bbp_reply_count_hidden":0,"_bbp_forum_subforum_count":0,"_glsr_average":0,"_glsr_ranking":0,"_glsr_reviews":0,"footnotes":""},"categories":[10],"tags":[47,7,63,39,64],"class_list":["post-7955","post","type-post","status-publish","format-standard","has-post-thumbnail","hentry","category-nacionales","tag-comunicacion-social","tag-cuba","tag-fidel-castro","tag-ics","tag-revolucion-cubana"],"acf":[],"_links":{"self":[{"href":"https:\/\/www.ics.gob.cu\/en\/wp-json\/wp\/v2\/posts\/7955","targetHints":{"allow":["GET"]}}],"collection":[{"href":"https:\/\/www.ics.gob.cu\/en\/wp-json\/wp\/v2\/posts"}],"about":[{"href":"https:\/\/www.ics.gob.cu\/en\/wp-json\/wp\/v2\/types\/post"}],"author":[{"embeddable":true,"href":"https:\/\/www.ics.gob.cu\/en\/wp-json\/wp\/v2\/users\/6"}],"replies":[{"embeddable":true,"href":"https:\/\/www.ics.gob.cu\/en\/wp-json\/wp\/v2\/comments?post=7955"}],"version-history":[{"count":3,"href":"https:\/\/www.ics.gob.cu\/en\/wp-json\/wp\/v2\/posts\/7955\/revisions"}],"predecessor-version":[{"id":7963,"href":"https:\/\/www.ics.gob.cu\/en\/wp-json\/wp\/v2\/posts\/7955\/revisions\/7963"}],"wp:featuredmedia":[{"embeddable":true,"href":"https:\/\/www.ics.gob.cu\/en\/wp-json\/wp\/v2\/media\/7956"}],"wp:attachment":[{"href":"https:\/\/www.ics.gob.cu\/en\/wp-json\/wp\/v2\/media?parent=7955"}],"wp:term":[{"taxonomy":"category","embeddable":true,"href":"https:\/\/www.ics.gob.cu\/en\/wp-json\/wp\/v2\/categories?post=7955"},{"taxonomy":"post_tag","embeddable":true,"href":"https:\/\/www.ics.gob.cu\/en\/wp-json\/wp\/v2\/tags?post=7955"}],"curies":[{"name":"wp","href":"https:\/\/api.w.org\/{rel}","templated":true}]}}