{"id":7973,"date":"2025-09-02T19:42:59","date_gmt":"2025-09-02T19:42:59","guid":{"rendered":"https:\/\/www.ics.gob.cu\/?p=7973"},"modified":"2025-09-02T19:59:46","modified_gmt":"2025-09-02T19:59:46","slug":"serie-cubana-valientes-entre-los-ganadores-de-la-36a-edicion-de-los-cbu-media-awards","status":"publish","type":"post","link":"https:\/\/www.ics.gob.cu\/en\/serie-cubana-valientes-entre-los-ganadores-de-la-36a-edicion-de-los-cbu-media-awards\/","title":{"rendered":"Serie cubana \u00abValientes\u00bb entre los ganadores de la 36\u00aa edici\u00f3n de los CBU Media Awards"},"content":{"rendered":"<div class=\"pdfprnt-buttons pdfprnt-buttons-post pdfprnt-top-right\"><a href=\"https:\/\/www.ics.gob.cu\/en\/wp-json\/wp\/v2\/posts\/7973?print=print\" class=\"pdfprnt-button pdfprnt-button-print\" target=\"_blank\" ><img decoding=\"async\" src=\"https:\/\/www.ics.gob.cu\/wp-content\/plugins\/pdf-print\/images\/print.png\" alt=\"image_print\" title=\"Print Content\" \/><\/a><\/div>\n<p>La Uni\u00f3n de Radiodifusi\u00f3n del Caribe (CBU) otorg\u00f3 al Instituto de Informaci\u00f3n y Comunicaci\u00f3n Social varios premios y menciones como parte de la 36\u00aa edici\u00f3n de los Premios de Medios (Media Awards) de este a\u00f1o, anunciados en una transmisi\u00f3n en vivo organizada por el Servicio de Informaci\u00f3n del Gobierno de Barbados y UWI-TV.<\/p>\n\n\n\n<p>De manera global se entregaron trofeos y certificados en cincuenta y dos categor\u00edas; de estas, dieciocho fueron ac\u00e1pites tem\u00e1ticos con el apoyo de patrocinadores.<\/p>\n\n\n\n<figure class=\"wp-block-image size-full\"><img loading=\"lazy\" decoding=\"async\" width=\"720\" height=\"466\" src=\"https:\/\/www.ics.gob.cu\/wp-content\/uploads\/2025\/09\/3008-media-awards2.jpg\" alt=\"\" class=\"wp-image-7975\" srcset=\"https:\/\/www.ics.gob.cu\/wp-content\/uploads\/2025\/09\/3008-media-awards2.jpg 720w, https:\/\/www.ics.gob.cu\/wp-content\/uploads\/2025\/09\/3008-media-awards2-300x194.jpg 300w\" sizes=\"auto, (max-width: 720px) 100vw, 720px\" \/><\/figure>\n\n\n\n<p>Entre estos, Cuba recibi\u00f3 el premio a Mejor Dramatizado Televisivo, a trav\u00e9s de la gustada serie \u00abValientes\u00bb, producida y transmitida por Cubavisi\u00f3n en 2022; con guion de Lil Romero y direcci\u00f3n de Heiking Hern\u00e1ndez; y la cual narra la historia del primer grupo de voluntarios \u2014seis estudiantes universitarios\u2014 que dio su paso para ir a zona roja cuando la Covid-19 lleg\u00f3 a la mayor de las Antillas.<\/p>\n\n\n\n<p>La ficci\u00f3n, basada en hechos reales, consta de 14 cap\u00edtulos, y fue inspirada por la secci\u00f3n \u201cBit\u00e1cora del alma\u201d, una serie de cr\u00f3nicas de la autor\u00eda del periodista Mario Ernesto Almeida para las redes sociales de la revista Alma M\u00e1ter. <\/p>\n\n\n\n<figure class=\"wp-block-image size-full\"><img loading=\"lazy\" decoding=\"async\" width=\"1020\" height=\"764\" src=\"https:\/\/www.ics.gob.cu\/wp-content\/uploads\/2025\/09\/o-9fS15q.jpeg\" alt=\"\" class=\"wp-image-7974\" srcset=\"https:\/\/www.ics.gob.cu\/wp-content\/uploads\/2025\/09\/o-9fS15q.jpeg 1020w, https:\/\/www.ics.gob.cu\/wp-content\/uploads\/2025\/09\/o-9fS15q-300x225.jpeg 300w, https:\/\/www.ics.gob.cu\/wp-content\/uploads\/2025\/09\/o-9fS15q-768x575.jpeg 768w\" sizes=\"auto, (max-width: 1020px) 100vw, 1020px\" \/><\/figure>\n\n\n\n<p>En los recordados roles principales estuvieron los actores \u00c1ngel Luis Montaner, Franklyn L\u00f3pez, Ernesto Codner, Daliana Gonz\u00e1lez, Lorena Gispert y Roberto Romero, entre otros. <\/p>\n\n\n\n<p>Los CBU Media Awards, en el apartado de Radio, reconoci\u00f3 la revista radial \u00abNuestra Am\u00e9rica: Cincuenta a\u00f1os de excelencia musical\u00bb, del destacado realizador de la emisora matancera Radio Ciudad Bandera, Roberto Antonio Gonz\u00e1lez Gonz\u00e1lez; as\u00ed como el dramatizado \u00abBarquito de Papel\u00bb de Elizabeth \u00c1lvarez Hern\u00e1ndez, de Radio Mayabeque.<\/p>\n\n\n\n<figure class=\"wp-block-image size-full\"><img loading=\"lazy\" decoding=\"async\" width=\"720\" height=\"960\" src=\"https:\/\/www.ics.gob.cu\/wp-content\/uploads\/2025\/09\/FB_IMG_1756842365125-1.jpg\" alt=\"\" class=\"wp-image-7983\" srcset=\"https:\/\/www.ics.gob.cu\/wp-content\/uploads\/2025\/09\/FB_IMG_1756842365125-1.jpg 720w, https:\/\/www.ics.gob.cu\/wp-content\/uploads\/2025\/09\/FB_IMG_1756842365125-1-225x300.jpg 225w\" sizes=\"auto, (max-width: 720px) 100vw, 720px\" \/><\/figure>\n\n\n\n<p>La propia realizadora mayabequense se alz\u00f3 con una menci\u00f3n especial por la Excelencia en la cobertura medi\u00e1tica de las artes y la cultura, que otorga el Fondo de Cultura del Caribe, gracias a \u00abMartha Jean Claude: Una mujer entre dos islas\u00bb.<\/p>\n\n\n\n<figure class=\"wp-block-image size-full\"><img loading=\"lazy\" decoding=\"async\" width=\"600\" height=\"637\" src=\"https:\/\/www.ics.gob.cu\/wp-content\/uploads\/2025\/09\/dulier-reyes-narrador-deportivo-rebelde-2.jpg\" alt=\"\" class=\"wp-image-7984\" srcset=\"https:\/\/www.ics.gob.cu\/wp-content\/uploads\/2025\/09\/dulier-reyes-narrador-deportivo-rebelde-2.jpg 600w, https:\/\/www.ics.gob.cu\/wp-content\/uploads\/2025\/09\/dulier-reyes-narrador-deportivo-rebelde-2-283x300.jpg 283w\" sizes=\"auto, (max-width: 600px) 100vw, 600px\" \/><\/figure>\n\n\n\n<p>Por su parte, Dulier Reyes G\u00f3mez, de Radio Rebelde, fue agasajado como la mejor narraci\u00f3n deportiva por su trabajo en la discusi\u00f3n de la medalla de oro del luchador Mija\u00edn L\u00f3pez en Par\u00eds 2024.<\/p>\n\n\n\n<p>Con informaci\u00f3n de <a href=\"https:\/\/www.acn.cu\/cultura\/cuba-entre-los-ganadores-de-la-36-edicion-de-los-cbu-media-awards\"><mark style=\"background-color:rgba(0, 0, 0, 0)\" class=\"has-inline-color has-vivid-cyan-blue-color\">ACN<\/mark><\/a>.<\/p>\n\n\n\n<p><\/p>\n<div class=\"pld-like-dislike-wrap pld-template-1\">\r\n    <div class=\"pld-like-wrap  pld-common-wrap\">\r\n    <a href=\"javascript:void(0)\" class=\"pld-like-trigger pld-like-dislike-trigger\" title=\"\" data-post-id=\"7973\" data-trigger-type=\"like\" data-restriction=\"cookie\" data-already-liked=\"0\">\r\n                        <i class=\"fas fa-thumbs-up\"><\/i>\r\n                <\/a>\r\n    <span class=\"pld-like-count-wrap pld-count-wrap\">1    <\/span>\r\n<\/div><div class=\"pld-dislike-wrap  pld-common-wrap\">\r\n    <a href=\"javascript:void(0)\" class=\"pld-dislike-trigger pld-like-dislike-trigger\" title=\"\" data-post-id=\"7973\" data-trigger-type=\"dislike\" data-restriction=\"cookie\" data-already-liked=\"0\">\r\n                        <i class=\"fas fa-thumbs-down\"><\/i>\r\n                <\/a>\r\n    <span class=\"pld-dislike-count-wrap pld-count-wrap\">0<\/span>\r\n<\/div><\/div>","protected":false},"excerpt":{"rendered":"<p>La Uni\u00f3n de Radiodifusi\u00f3n del Caribe (CBU) otorg\u00f3 al Instituto de Informaci\u00f3n y Comunicaci\u00f3n Social varios premios y menciones como parte de la 36\u00aa edici\u00f3n de los Premios de Medios (Media Awards) de este a\u00f1o, anunciados en una transmisi\u00f3n en vivo organizada por el Servicio de Informaci\u00f3n del Gobierno de Barbados y UWI-TV. De manera [&hellip;]<\/p>\n","protected":false},"author":7,"featured_media":7976,"comment_status":"open","ping_status":"closed","sticky":false,"template":"","format":"standard","meta":{"_bbp_topic_count":0,"_bbp_reply_count":0,"_bbp_total_topic_count":0,"_bbp_total_reply_count":0,"_bbp_voice_count":0,"_bbp_anonymous_reply_count":0,"_bbp_topic_count_hidden":0,"_bbp_reply_count_hidden":0,"_bbp_forum_subforum_count":0,"_glsr_average":0,"_glsr_ranking":0,"_glsr_reviews":0,"footnotes":""},"categories":[11,10],"tags":[47,7,39,67,76],"class_list":["post-7973","post","type-post","status-publish","format-standard","has-post-thumbnail","hentry","category-internacionales","category-nacionales","tag-comunicacion-social","tag-cuba","tag-ics","tag-radio-cubana","tag-television-cubana"],"acf":[],"_links":{"self":[{"href":"https:\/\/www.ics.gob.cu\/en\/wp-json\/wp\/v2\/posts\/7973","targetHints":{"allow":["GET"]}}],"collection":[{"href":"https:\/\/www.ics.gob.cu\/en\/wp-json\/wp\/v2\/posts"}],"about":[{"href":"https:\/\/www.ics.gob.cu\/en\/wp-json\/wp\/v2\/types\/post"}],"author":[{"embeddable":true,"href":"https:\/\/www.ics.gob.cu\/en\/wp-json\/wp\/v2\/users\/7"}],"replies":[{"embeddable":true,"href":"https:\/\/www.ics.gob.cu\/en\/wp-json\/wp\/v2\/comments?post=7973"}],"version-history":[{"count":4,"href":"https:\/\/www.ics.gob.cu\/en\/wp-json\/wp\/v2\/posts\/7973\/revisions"}],"predecessor-version":[{"id":7986,"href":"https:\/\/www.ics.gob.cu\/en\/wp-json\/wp\/v2\/posts\/7973\/revisions\/7986"}],"wp:featuredmedia":[{"embeddable":true,"href":"https:\/\/www.ics.gob.cu\/en\/wp-json\/wp\/v2\/media\/7976"}],"wp:attachment":[{"href":"https:\/\/www.ics.gob.cu\/en\/wp-json\/wp\/v2\/media?parent=7973"}],"wp:term":[{"taxonomy":"category","embeddable":true,"href":"https:\/\/www.ics.gob.cu\/en\/wp-json\/wp\/v2\/categories?post=7973"},{"taxonomy":"post_tag","embeddable":true,"href":"https:\/\/www.ics.gob.cu\/en\/wp-json\/wp\/v2\/tags?post=7973"}],"curies":[{"name":"wp","href":"https:\/\/api.w.org\/{rel}","templated":true}]}}