{"id":8162,"date":"2025-09-06T10:44:25","date_gmt":"2025-09-06T10:44:25","guid":{"rendered":"https:\/\/www.ics.gob.cu\/?p=8162"},"modified":"2025-09-06T10:44:27","modified_gmt":"2025-09-06T10:44:27","slug":"en-el-municipio-cerro-dialogo-sobre-el-ejercicio-de-la-publicidad-y-el-patrocinio","status":"publish","type":"post","link":"https:\/\/www.ics.gob.cu\/en\/en-el-municipio-cerro-dialogo-sobre-el-ejercicio-de-la-publicidad-y-el-patrocinio\/","title":{"rendered":"En el municipio Cerro: di\u00e1logo sobre el ejercicio de la publicidad y el patrocinio"},"content":{"rendered":"<div class=\"pdfprnt-buttons pdfprnt-buttons-post pdfprnt-top-right\"><a href=\"https:\/\/www.ics.gob.cu\/en\/wp-json\/wp\/v2\/posts\/8162?print=print\" class=\"pdfprnt-button pdfprnt-button-print\" target=\"_blank\" ><img decoding=\"async\" src=\"https:\/\/www.ics.gob.cu\/wp-content\/plugins\/pdf-print\/images\/print.png\" alt=\"image_print\" title=\"Print Content\" \/><\/a><\/div>\n<p><a><\/a> Tras una breve pausa, se reiniciaron esta semana los encuentros de trabajo en la capital cubana, de directivos del Instituto de Informaci\u00f3n y Comunicaci\u00f3n Social (ICS), con representantes de diversas formas de gesti\u00f3n no estatal y fue el municipio Cerro el escenario para abordar temas claves relacionados con el ejercicio de la publicidad y el patrocinio.<\/p>\n\n\n\n<p>Durante el di\u00e1logo realizado, en el que participaron Xenia L\u00f3pez y Lorayne Izquierdo, directora y subdirectora de la Direcci\u00f3n General de Publicidad y Patrocinio del ICS, respectivamente, se debatieron las principales inquietudes y tem\u00e1ticas asociadas a la regulaci\u00f3n publicitaria; entre ellos el uso responsable de im\u00e1genes de ni\u00f1os, ni\u00f1as y adolescentes en materiales publicitarios, garantizando el cumplimiento de lo regulado y contando con la debida autorizaci\u00f3n de los padres para el uso de las mismas.<\/p>\n\n\n\n<figure class=\"wp-block-image size-full\"><img loading=\"lazy\" decoding=\"async\" width=\"917\" height=\"780\" src=\"https:\/\/www.ics.gob.cu\/wp-content\/uploads\/2025\/09\/WhatsApp-Image-2025-09-05-at-8.57.02-PM.jpeg\" alt=\"\" class=\"wp-image-8164\" srcset=\"https:\/\/www.ics.gob.cu\/wp-content\/uploads\/2025\/09\/WhatsApp-Image-2025-09-05-at-8.57.02-PM.jpeg 917w, https:\/\/www.ics.gob.cu\/wp-content\/uploads\/2025\/09\/WhatsApp-Image-2025-09-05-at-8.57.02-PM-300x255.jpeg 300w, https:\/\/www.ics.gob.cu\/wp-content\/uploads\/2025\/09\/WhatsApp-Image-2025-09-05-at-8.57.02-PM-768x653.jpeg 768w\" sizes=\"auto, (max-width: 917px) 100vw, 917px\" \/><\/figure>\n\n\n\n<p>Tambi\u00e9n la publicidad m\u00f3vil, con \u00e9nfasis en su implementaci\u00f3n en microbuses, triciclos el\u00e9ctricos, \u00f3mnibus y camiones, el proceso de aprobaci\u00f3n del contenido para su colocaci\u00f3n en vallas publicitarias, con el prop\u00f3sito de asegurar el cumplimiento de las regulaciones vigentes y el rol del dise\u00f1ador como uno de los sujetos del proceso publicitario, sus obligaciones y responsabilidades, estuvieron en el centro de los debates.<\/p>\n\n\n\n<p>Estos encuentros forman parte de una estrategia de di\u00e1logo abierto y participaci\u00f3n ciudadana activa, que pretende consolidar un espacio de intercambio permanente sobre pr\u00e1cticas comunicativas comerciales que cuentan con un marco regulatorio espec\u00edfico, a\u00fan muy poco conocido y\/o entendido en toda su dimensi\u00f3n.<\/p>\n\n\n\n<figure class=\"wp-block-image size-full\"><img loading=\"lazy\" decoding=\"async\" width=\"672\" height=\"704\" src=\"https:\/\/www.ics.gob.cu\/wp-content\/uploads\/2025\/09\/WhatsApp-Image-2025-09-05-at-8.57.03-PM.jpeg\" alt=\"\" class=\"wp-image-8165\" srcset=\"https:\/\/www.ics.gob.cu\/wp-content\/uploads\/2025\/09\/WhatsApp-Image-2025-09-05-at-8.57.03-PM.jpeg 672w, https:\/\/www.ics.gob.cu\/wp-content\/uploads\/2025\/09\/WhatsApp-Image-2025-09-05-at-8.57.03-PM-286x300.jpeg 286w\" sizes=\"auto, (max-width: 672px) 100vw, 672px\" \/><\/figure>\n\n\n\n<p>Se trata de un proceso de aprendizaje colectivo que seguiremos ampliando y tambi\u00e9n perfeccionando.<\/p>\n<div class=\"pld-like-dislike-wrap pld-template-1\">\r\n    <div class=\"pld-like-wrap  pld-common-wrap\">\r\n    <a href=\"javascript:void(0)\" class=\"pld-like-trigger pld-like-dislike-trigger\" title=\"\" data-post-id=\"8162\" data-trigger-type=\"like\" data-restriction=\"cookie\" data-already-liked=\"0\">\r\n                        <i class=\"fas fa-thumbs-up\"><\/i>\r\n                <\/a>\r\n    <span class=\"pld-like-count-wrap pld-count-wrap\">1    <\/span>\r\n<\/div><div class=\"pld-dislike-wrap  pld-common-wrap\">\r\n    <a href=\"javascript:void(0)\" class=\"pld-dislike-trigger pld-like-dislike-trigger\" title=\"\" data-post-id=\"8162\" data-trigger-type=\"dislike\" data-restriction=\"cookie\" data-already-liked=\"0\">\r\n                        <i class=\"fas fa-thumbs-down\"><\/i>\r\n                <\/a>\r\n    <span class=\"pld-dislike-count-wrap pld-count-wrap\">0<\/span>\r\n<\/div><\/div>","protected":false},"excerpt":{"rendered":"<p>Tras una breve pausa, se reiniciaron esta semana los encuentros de trabajo en la capital cubana, de directivos del Instituto de Informaci\u00f3n y Comunicaci\u00f3n Social (ICS), con representantes de diversas formas de gesti\u00f3n no estatal y fue el municipio Cerro el escenario para abordar temas claves relacionados con el ejercicio de la publicidad y el [&hellip;]<\/p>\n","protected":false},"author":7,"featured_media":8163,"comment_status":"open","ping_status":"closed","sticky":false,"template":"","format":"standard","meta":{"_bbp_topic_count":0,"_bbp_reply_count":0,"_bbp_total_topic_count":0,"_bbp_total_reply_count":0,"_bbp_voice_count":0,"_bbp_anonymous_reply_count":0,"_bbp_topic_count_hidden":0,"_bbp_reply_count_hidden":0,"_bbp_forum_subforum_count":0,"_glsr_average":0,"_glsr_ranking":0,"_glsr_reviews":0,"footnotes":""},"categories":[10],"tags":[47,7,59,39],"class_list":["post-8162","post","type-post","status-publish","format-standard","has-post-thumbnail","hentry","category-nacionales","tag-comunicacion-social","tag-cuba","tag-educacion-para-la-comunicacion","tag-ics"],"acf":[],"_links":{"self":[{"href":"https:\/\/www.ics.gob.cu\/en\/wp-json\/wp\/v2\/posts\/8162","targetHints":{"allow":["GET"]}}],"collection":[{"href":"https:\/\/www.ics.gob.cu\/en\/wp-json\/wp\/v2\/posts"}],"about":[{"href":"https:\/\/www.ics.gob.cu\/en\/wp-json\/wp\/v2\/types\/post"}],"author":[{"embeddable":true,"href":"https:\/\/www.ics.gob.cu\/en\/wp-json\/wp\/v2\/users\/7"}],"replies":[{"embeddable":true,"href":"https:\/\/www.ics.gob.cu\/en\/wp-json\/wp\/v2\/comments?post=8162"}],"version-history":[{"count":2,"href":"https:\/\/www.ics.gob.cu\/en\/wp-json\/wp\/v2\/posts\/8162\/revisions"}],"predecessor-version":[{"id":8167,"href":"https:\/\/www.ics.gob.cu\/en\/wp-json\/wp\/v2\/posts\/8162\/revisions\/8167"}],"wp:featuredmedia":[{"embeddable":true,"href":"https:\/\/www.ics.gob.cu\/en\/wp-json\/wp\/v2\/media\/8163"}],"wp:attachment":[{"href":"https:\/\/www.ics.gob.cu\/en\/wp-json\/wp\/v2\/media?parent=8162"}],"wp:term":[{"taxonomy":"category","embeddable":true,"href":"https:\/\/www.ics.gob.cu\/en\/wp-json\/wp\/v2\/categories?post=8162"},{"taxonomy":"post_tag","embeddable":true,"href":"https:\/\/www.ics.gob.cu\/en\/wp-json\/wp\/v2\/tags?post=8162"}],"curies":[{"name":"wp","href":"https:\/\/api.w.org\/{rel}","templated":true}]}}