{"id":8177,"date":"2025-09-13T12:19:59","date_gmt":"2025-09-13T12:19:59","guid":{"rendered":"https:\/\/www.ics.gob.cu\/?p=8177"},"modified":"2025-09-13T12:23:51","modified_gmt":"2025-09-13T12:23:51","slug":"confieren-al-ics-sello-conmemorativo-aniversario-50-del-movimiento-de-artistas-aficionados-del-minint","status":"publish","type":"post","link":"https:\/\/www.ics.gob.cu\/en\/confieren-al-ics-sello-conmemorativo-aniversario-50-del-movimiento-de-artistas-aficionados-del-minint\/","title":{"rendered":"Confieren al ICS, sello conmemorativo aniversario 50 del Movimiento de Artistas Aficionados del MININT"},"content":{"rendered":"<div class=\"pdfprnt-buttons pdfprnt-buttons-post pdfprnt-top-right\"><a href=\"https:\/\/www.ics.gob.cu\/en\/wp-json\/wp\/v2\/posts\/8177?print=print\" class=\"pdfprnt-button pdfprnt-button-print\" target=\"_blank\" ><img decoding=\"async\" src=\"https:\/\/www.ics.gob.cu\/wp-content\/plugins\/pdf-print\/images\/print.png\" alt=\"image_print\" title=\"Print Content\" \/><\/a><\/div>\n<p>El Sello Conmemorativo por el aniversario 50 del Movimiento de Artistas Aficionados del Ministerio del Interior (MININT), fue conferido al Instituto de Informaci\u00f3n y Comunicaci\u00f3n Social (ICS) y a dos de sus consagrados profesionales: el director, productor y realizador, Danylo Sirio, y al locutor y presentador, Froil\u00e1n Arencibia. <\/p>\n\n\n\n<figure class=\"wp-block-image size-full\"><img loading=\"lazy\" decoding=\"async\" width=\"1020\" height=\"460\" src=\"https:\/\/www.ics.gob.cu\/wp-content\/uploads\/2025\/09\/IMG-20250913-WA0009.jpg\" alt=\"\" class=\"wp-image-8182\" srcset=\"https:\/\/www.ics.gob.cu\/wp-content\/uploads\/2025\/09\/IMG-20250913-WA0009.jpg 1020w, https:\/\/www.ics.gob.cu\/wp-content\/uploads\/2025\/09\/IMG-20250913-WA0009-300x135.jpg 300w, https:\/\/www.ics.gob.cu\/wp-content\/uploads\/2025\/09\/IMG-20250913-WA0009-768x346.jpg 768w\" sizes=\"auto, (max-width: 1020px) 100vw, 1020px\" \/><\/figure>\n\n\n\n<p>Ante la presencia del Consejo de Direcci\u00f3n Ampliado del ICS, el Coronel Jorge G\u00f3mez Ravelo, jefe del departamento ideol\u00f3gico de la Direcci\u00f3n Pol\u00edtica del MININT,  hizo entrega de la distinci\u00f3n que &#8211; seg\u00fan sus propias palabras &#8211; reconoce a instituciones y profesionales que se han destacado durante estos a\u00f1os en el apoyo incondicional y acompa\u00f1amiento al movimiento de Artistas Aficionados de su organismo.<\/p>\n\n\n\n<p>Destac\u00f3, asimismo, el papel de la radio y la televisi\u00f3n cubanas como plataforma de divulgaci\u00f3n desde los inicios de la labor del Movimiento, lo cual no solo les ha permitido que se conozca lo que hacen, sino perfeccionarlo, ampliarlo, hacerlo m\u00e1s cercano al pueblo al que pertenecen los combatientes que lo integran.<\/p>\n\n\n\n<p>G\u00f3mez Ravelo signific\u00f3 la trascendencia de la misi\u00f3n y funciones del ICS, la importancia de la gesti\u00f3n estrat\u00e9gica e integrada de la comunicaci\u00f3n social, vital en una sociedad como la nuestra y los diversos retos que enfrentamos, as\u00ed como la importancia de seguir articul\u00e1ndonos,  reforzando la superaci\u00f3n y preparaci\u00f3n de todos y todas, en pos de una mejor sociedad que debemos seguir construyendo juntos.<\/p>\n\n\n\n<figure class=\"wp-block-image size-full\"><img loading=\"lazy\" decoding=\"async\" width=\"1020\" height=\"460\" src=\"https:\/\/www.ics.gob.cu\/wp-content\/uploads\/2025\/09\/IMG-20250913-WA0012.jpg\" alt=\"\" class=\"wp-image-8178\" srcset=\"https:\/\/www.ics.gob.cu\/wp-content\/uploads\/2025\/09\/IMG-20250913-WA0012.jpg 1020w, https:\/\/www.ics.gob.cu\/wp-content\/uploads\/2025\/09\/IMG-20250913-WA0012-300x135.jpg 300w, https:\/\/www.ics.gob.cu\/wp-content\/uploads\/2025\/09\/IMG-20250913-WA0012-768x346.jpg 768w\" sizes=\"auto, (max-width: 1020px) 100vw, 1020px\" \/><\/figure>\n\n\n\n<p>Reconoci\u00f3, adem\u00e1s, a quienes ante situaciones de la m\u00e1s diversa \u00edndole, contribuyen a impulsar la comunicaci\u00f3n social y en especial, a los que desde medios fundamentales de comunicaci\u00f3n social como la radio y la televisi\u00f3n, llevan a todo el pa\u00eds la informaci\u00f3n veraz, oportuna y son gu\u00eda, compa\u00f1\u00eda, ense\u00f1anza, educaci\u00f3n, entretenimiento.<\/p>\n\n\n\n<p>Tras la entrega del Sello a los principales dirigentes del PCC y las organizaciones sindicales del Instituto, el presidente del ICS, Alfonso Noya Mart\u00ednez, agradeci\u00f3 el gesto en nombre de todos los trabajadores, quienes son &#8211; dijo &#8211; los protagonistas de lo que se hace y aunque es mucho lo que hay por hacer y cada vez son m\u00e1s complejas las circunstancias, sobresale su sentido de pertenencia, consagraci\u00f3n y compromiso con el pueblo. <\/p>\n\n\n\n<p>Seg\u00fan se inform\u00f3 en el encuentro, otras instituciones, colectivos de trabajo y personalidades del pa\u00eds recibir\u00e1n este Sello como parte de las actividades por el aniversario 50 del Movimiento al que pertenecen quienes con talento, aptitudes, empe\u00f1o y ansias de superaci\u00f3n ofrecen tambi\u00e9n su arte, a la vez que cumplen las m\u00e1s diversas funciones asociadas a la seguridad nacional, la tranquilidad ciudadana, la lucha contra el delito y muchas otras.<\/p>\n<div class=\"pld-like-dislike-wrap pld-template-1\">\r\n    <div class=\"pld-like-wrap  pld-common-wrap\">\r\n    <a href=\"javascript:void(0)\" class=\"pld-like-trigger pld-like-dislike-trigger\" title=\"\" data-post-id=\"8177\" data-trigger-type=\"like\" data-restriction=\"cookie\" data-already-liked=\"0\">\r\n                        <i class=\"fas fa-thumbs-up\"><\/i>\r\n                <\/a>\r\n    <span class=\"pld-like-count-wrap pld-count-wrap\">0    <\/span>\r\n<\/div><div class=\"pld-dislike-wrap  pld-common-wrap\">\r\n    <a href=\"javascript:void(0)\" class=\"pld-dislike-trigger pld-like-dislike-trigger\" title=\"\" data-post-id=\"8177\" data-trigger-type=\"dislike\" data-restriction=\"cookie\" data-already-liked=\"0\">\r\n                        <i class=\"fas fa-thumbs-down\"><\/i>\r\n                <\/a>\r\n    <span class=\"pld-dislike-count-wrap pld-count-wrap\">0<\/span>\r\n<\/div><\/div>","protected":false},"excerpt":{"rendered":"<p>El Sello Conmemorativo por el aniversario 50 del Movimiento de Artistas Aficionados del Ministerio del Interior (MININT), fue conferido al Instituto de Informaci\u00f3n y Comunicaci\u00f3n Social (ICS) y a dos de sus consagrados profesionales: el director, productor y realizador, Danylo Sirio, y al locutor y presentador, Froil\u00e1n Arencibia. Ante la presencia del Consejo de Direcci\u00f3n [&hellip;]<\/p>\n","protected":false},"author":7,"featured_media":8184,"comment_status":"open","ping_status":"closed","sticky":false,"template":"","format":"standard","meta":{"_bbp_topic_count":0,"_bbp_reply_count":0,"_bbp_total_topic_count":0,"_bbp_total_reply_count":0,"_bbp_voice_count":0,"_bbp_anonymous_reply_count":0,"_bbp_topic_count_hidden":0,"_bbp_reply_count_hidden":0,"_bbp_forum_subforum_count":0,"_glsr_average":0,"_glsr_ranking":0,"_glsr_reviews":0,"footnotes":""},"categories":[10],"tags":[47,7,39,67,76],"class_list":["post-8177","post","type-post","status-publish","format-standard","has-post-thumbnail","hentry","category-nacionales","tag-comunicacion-social","tag-cuba","tag-ics","tag-radio-cubana","tag-television-cubana"],"acf":[],"_links":{"self":[{"href":"https:\/\/www.ics.gob.cu\/en\/wp-json\/wp\/v2\/posts\/8177","targetHints":{"allow":["GET"]}}],"collection":[{"href":"https:\/\/www.ics.gob.cu\/en\/wp-json\/wp\/v2\/posts"}],"about":[{"href":"https:\/\/www.ics.gob.cu\/en\/wp-json\/wp\/v2\/types\/post"}],"author":[{"embeddable":true,"href":"https:\/\/www.ics.gob.cu\/en\/wp-json\/wp\/v2\/users\/7"}],"replies":[{"embeddable":true,"href":"https:\/\/www.ics.gob.cu\/en\/wp-json\/wp\/v2\/comments?post=8177"}],"version-history":[{"count":3,"href":"https:\/\/www.ics.gob.cu\/en\/wp-json\/wp\/v2\/posts\/8177\/revisions"}],"predecessor-version":[{"id":8185,"href":"https:\/\/www.ics.gob.cu\/en\/wp-json\/wp\/v2\/posts\/8177\/revisions\/8185"}],"wp:featuredmedia":[{"embeddable":true,"href":"https:\/\/www.ics.gob.cu\/en\/wp-json\/wp\/v2\/media\/8184"}],"wp:attachment":[{"href":"https:\/\/www.ics.gob.cu\/en\/wp-json\/wp\/v2\/media?parent=8177"}],"wp:term":[{"taxonomy":"category","embeddable":true,"href":"https:\/\/www.ics.gob.cu\/en\/wp-json\/wp\/v2\/categories?post=8177"},{"taxonomy":"post_tag","embeddable":true,"href":"https:\/\/www.ics.gob.cu\/en\/wp-json\/wp\/v2\/tags?post=8177"}],"curies":[{"name":"wp","href":"https:\/\/api.w.org\/{rel}","templated":true}]}}