{"id":8231,"date":"2025-09-17T12:26:14","date_gmt":"2025-09-17T12:26:14","guid":{"rendered":"https:\/\/www.ics.gob.cu\/?p=8231"},"modified":"2025-09-17T12:28:13","modified_gmt":"2025-09-17T12:28:13","slug":"presente-cuba-en-foro-internacional-de-digitalizacion-cultural","status":"publish","type":"post","link":"https:\/\/www.ics.gob.cu\/en\/presente-cuba-en-foro-internacional-de-digitalizacion-cultural\/","title":{"rendered":"Presente Cuba en Foro Internacional de Digitalizaci\u00f3n Cultural"},"content":{"rendered":"<div class=\"pdfprnt-buttons pdfprnt-buttons-post pdfprnt-top-right\"><a href=\"https:\/\/www.ics.gob.cu\/en\/wp-json\/wp\/v2\/posts\/8231?print=print\" class=\"pdfprnt-button pdfprnt-button-print\" target=\"_blank\" ><img decoding=\"async\" src=\"https:\/\/www.ics.gob.cu\/wp-content\/plugins\/pdf-print\/images\/print.png\" alt=\"image_print\" title=\"Print Content\" \/><\/a><\/div>\n<p>La Mayor de las Antillas participa en el Foro Internacional de Digitalizaci\u00f3n Cultural, que sesiona este mi\u00e9rcoles en la ciudad china de Xian.<\/p>\n\n\n\n<p>Isidro Betancourt, Subdirector General de Comunicaci\u00f3n Medi\u00e1tica del Instituto de Informaci\u00f3n y Comunicaci\u00f3n Social asiste al importante evento que tiene como premisa \u00abconstruir juntos una comunidad de futuro compartido en el ciberespacio\u00bb.<\/p>\n\n\n\n<figure class=\"wp-block-image size-large\"><img loading=\"lazy\" decoding=\"async\" width=\"1024\" height=\"768\" src=\"https:\/\/www.ics.gob.cu\/wp-content\/uploads\/2025\/09\/1000492896-1024x768.jpg\" alt=\"\" class=\"wp-image-8233\" srcset=\"https:\/\/www.ics.gob.cu\/wp-content\/uploads\/2025\/09\/1000492896-1024x768.jpg 1024w, https:\/\/www.ics.gob.cu\/wp-content\/uploads\/2025\/09\/1000492896-300x225.jpg 300w, https:\/\/www.ics.gob.cu\/wp-content\/uploads\/2025\/09\/1000492896-768x576.jpg 768w, https:\/\/www.ics.gob.cu\/wp-content\/uploads\/2025\/09\/1000492896.jpg 1040w\" sizes=\"auto, (max-width: 1024px) 100vw, 1024px\" \/><\/figure>\n\n\n\n<p>Organizado por la Conferencia Mundial de Internet, el foro, que se desarrolla en la ciudad china de Xian aborda la necesidad de utilizar tecnolog\u00edas modernas para conservar la tradici\u00f3n cultural y el patrimonio de las naciones.<\/p>\n\n\n\n<p>El encuentro es una oportunidad para el intercambio de experiencias sobre la trascendencia de la digitalizaci\u00f3n para salvaguardar la historia de las naciones en desarrollo.<\/p>\n\n\n\n<figure class=\"wp-block-image size-full\"><img loading=\"lazy\" decoding=\"async\" width=\"684\" height=\"912\" src=\"https:\/\/www.ics.gob.cu\/wp-content\/uploads\/2025\/09\/1000492912.jpg\" alt=\"\" class=\"wp-image-8234\" srcset=\"https:\/\/www.ics.gob.cu\/wp-content\/uploads\/2025\/09\/1000492912.jpg 684w, https:\/\/www.ics.gob.cu\/wp-content\/uploads\/2025\/09\/1000492912-225x300.jpg 225w\" sizes=\"auto, (max-width: 684px) 100vw, 684px\" \/><\/figure>\n<div class=\"pld-like-dislike-wrap pld-template-1\">\r\n    <div class=\"pld-like-wrap  pld-common-wrap\">\r\n    <a href=\"javascript:void(0)\" class=\"pld-like-trigger pld-like-dislike-trigger\" title=\"\" data-post-id=\"8231\" data-trigger-type=\"like\" data-restriction=\"cookie\" data-already-liked=\"0\">\r\n                        <i class=\"fas fa-thumbs-up\"><\/i>\r\n                <\/a>\r\n    <span class=\"pld-like-count-wrap pld-count-wrap\">0    <\/span>\r\n<\/div><div class=\"pld-dislike-wrap  pld-common-wrap\">\r\n    <a href=\"javascript:void(0)\" class=\"pld-dislike-trigger pld-like-dislike-trigger\" title=\"\" data-post-id=\"8231\" data-trigger-type=\"dislike\" data-restriction=\"cookie\" data-already-liked=\"0\">\r\n                        <i class=\"fas fa-thumbs-down\"><\/i>\r\n                <\/a>\r\n    <span class=\"pld-dislike-count-wrap pld-count-wrap\">0<\/span>\r\n<\/div><\/div>","protected":false},"excerpt":{"rendered":"<p>La Mayor de las Antillas participa en el Foro Internacional de Digitalizaci\u00f3n Cultural, que sesiona este mi\u00e9rcoles en la ciudad china de Xian. Isidro Betancourt, Subdirector General de Comunicaci\u00f3n Medi\u00e1tica del Instituto de Informaci\u00f3n y Comunicaci\u00f3n Social asiste al importante evento que tiene como premisa \u00abconstruir juntos una comunidad de futuro compartido en el ciberespacio\u00bb. [&hellip;]<\/p>\n","protected":false},"author":7,"featured_media":8237,"comment_status":"open","ping_status":"closed","sticky":false,"template":"","format":"standard","meta":{"_bbp_topic_count":0,"_bbp_reply_count":0,"_bbp_total_topic_count":0,"_bbp_total_reply_count":0,"_bbp_voice_count":0,"_bbp_anonymous_reply_count":0,"_bbp_topic_count_hidden":0,"_bbp_reply_count_hidden":0,"_bbp_forum_subforum_count":0,"_glsr_average":0,"_glsr_ranking":0,"_glsr_reviews":0,"footnotes":""},"categories":[11],"tags":[],"class_list":["post-8231","post","type-post","status-publish","format-standard","has-post-thumbnail","hentry","category-internacionales"],"acf":[],"_links":{"self":[{"href":"https:\/\/www.ics.gob.cu\/en\/wp-json\/wp\/v2\/posts\/8231","targetHints":{"allow":["GET"]}}],"collection":[{"href":"https:\/\/www.ics.gob.cu\/en\/wp-json\/wp\/v2\/posts"}],"about":[{"href":"https:\/\/www.ics.gob.cu\/en\/wp-json\/wp\/v2\/types\/post"}],"author":[{"embeddable":true,"href":"https:\/\/www.ics.gob.cu\/en\/wp-json\/wp\/v2\/users\/7"}],"replies":[{"embeddable":true,"href":"https:\/\/www.ics.gob.cu\/en\/wp-json\/wp\/v2\/comments?post=8231"}],"version-history":[{"count":2,"href":"https:\/\/www.ics.gob.cu\/en\/wp-json\/wp\/v2\/posts\/8231\/revisions"}],"predecessor-version":[{"id":8236,"href":"https:\/\/www.ics.gob.cu\/en\/wp-json\/wp\/v2\/posts\/8231\/revisions\/8236"}],"wp:featuredmedia":[{"embeddable":true,"href":"https:\/\/www.ics.gob.cu\/en\/wp-json\/wp\/v2\/media\/8237"}],"wp:attachment":[{"href":"https:\/\/www.ics.gob.cu\/en\/wp-json\/wp\/v2\/media?parent=8231"}],"wp:term":[{"taxonomy":"category","embeddable":true,"href":"https:\/\/www.ics.gob.cu\/en\/wp-json\/wp\/v2\/categories?post=8231"},{"taxonomy":"post_tag","embeddable":true,"href":"https:\/\/www.ics.gob.cu\/en\/wp-json\/wp\/v2\/tags?post=8231"}],"curies":[{"name":"wp","href":"https:\/\/api.w.org\/{rel}","templated":true}]}}