{"id":8246,"date":"2025-09-18T17:09:50","date_gmt":"2025-09-18T17:09:50","guid":{"rendered":"https:\/\/www.ics.gob.cu\/?p=8246"},"modified":"2025-09-18T17:10:48","modified_gmt":"2025-09-18T17:10:48","slug":"la-lisa-intercambio-con-representantes-de-las-formas-de-gestion-no-estatal","status":"publish","type":"post","link":"https:\/\/www.ics.gob.cu\/en\/la-lisa-intercambio-con-representantes-de-las-formas-de-gestion-no-estatal\/","title":{"rendered":"La Lisa: Intercambio con representantes de las formas de gesti\u00f3n no estatal"},"content":{"rendered":"<div class=\"pdfprnt-buttons pdfprnt-buttons-post pdfprnt-top-right\"><a href=\"https:\/\/www.ics.gob.cu\/en\/wp-json\/wp\/v2\/posts\/8246?print=print\" class=\"pdfprnt-button pdfprnt-button-print\" target=\"_blank\" ><img decoding=\"async\" src=\"https:\/\/www.ics.gob.cu\/wp-content\/plugins\/pdf-print\/images\/print.png\" alt=\"image_print\" title=\"Print Content\" \/><\/a><\/div>\n<p>El municipio La Lisa, de la capital cubana, fue el escenario para otro de los encuentros sobre el ejercicio de la publicidad y el patrocinio con representantes de las formas de gesti\u00f3n econ\u00f3mica no estatal.<\/p>\n\n\n\n<p>En el amplio di\u00e1logo sostenido entre los asistentes y directivos de la Direcci\u00f3n General de Publicidad y Patrocinio del Instituto de Informaci\u00f3n y Comunicaci\u00f3n Social (ICS), se esclarecieron temas como la distinci\u00f3n entre patrocinio y coproducci\u00f3n y c\u00f3mo establecer mecanismos claros para su gesti\u00f3n, la regulaci\u00f3n vigente para la aprobaci\u00f3n de contenidos publicitarios a exponer en la v\u00eda p\u00fablica y exteriores y c\u00f3mo proceder para lograr la correspondiente aprobaci\u00f3n si un mismo actor econ\u00f3mico posee puntos de venta en diferentes municipios o provincias.<\/p>\n\n\n\n<figure class=\"wp-block-image size-full\"><img loading=\"lazy\" decoding=\"async\" width=\"638\" height=\"607\" src=\"https:\/\/www.ics.gob.cu\/wp-content\/uploads\/2025\/09\/1000494887.jpg\" alt=\"\" class=\"wp-image-8250\" srcset=\"https:\/\/www.ics.gob.cu\/wp-content\/uploads\/2025\/09\/1000494887.jpg 638w, https:\/\/www.ics.gob.cu\/wp-content\/uploads\/2025\/09\/1000494887-300x285.jpg 300w\" sizes=\"auto, (max-width: 638px) 100vw, 638px\" \/><\/figure>\n\n\n\n<p>Asimismo, se indag\u00f3 sobre las tarifas aplicables para la inserci\u00f3n de publicidad y su transparencia, las diferencias entre patrocinio y responsabilidad social. Aspectos contractuales vinculados a la publicidad y el patrocinio, enfatizando en la formalizaci\u00f3n y cumplimiento de las obligaciones de las partes y el proceso de registro de marcas, orientado a proteger la identidad de los proyectos y asegurar el respaldo legal necesario, centraron tambi\u00e9n el intercambio.<\/p>\n\n\n\n<p> Ratificamos la importancia de seguir impulsando y desarrollando estos espacios de aprendizaje mutuo, acordes a las normativas aprobadas y a las diferentes experiencias y formas de gesti\u00f3n econ\u00f3mica vigentes hoy en el pa\u00eds.<\/p>\n<div class=\"pld-like-dislike-wrap pld-template-1\">\r\n    <div class=\"pld-like-wrap  pld-common-wrap\">\r\n    <a href=\"javascript:void(0)\" class=\"pld-like-trigger pld-like-dislike-trigger\" title=\"\" data-post-id=\"8246\" data-trigger-type=\"like\" data-restriction=\"cookie\" data-already-liked=\"0\">\r\n                        <i class=\"fas fa-thumbs-up\"><\/i>\r\n                <\/a>\r\n    <span class=\"pld-like-count-wrap pld-count-wrap\">2    <\/span>\r\n<\/div><div class=\"pld-dislike-wrap  pld-common-wrap\">\r\n    <a href=\"javascript:void(0)\" class=\"pld-dislike-trigger pld-like-dislike-trigger\" title=\"\" data-post-id=\"8246\" data-trigger-type=\"dislike\" data-restriction=\"cookie\" data-already-liked=\"0\">\r\n                        <i class=\"fas fa-thumbs-down\"><\/i>\r\n                <\/a>\r\n    <span class=\"pld-dislike-count-wrap pld-count-wrap\">0<\/span>\r\n<\/div><\/div>","protected":false},"excerpt":{"rendered":"<p>El municipio La Lisa, de la capital cubana, fue el escenario para otro de los encuentros sobre el ejercicio de la publicidad y el patrocinio con representantes de las formas de gesti\u00f3n econ\u00f3mica no estatal. En el amplio di\u00e1logo sostenido entre los asistentes y directivos de la Direcci\u00f3n General de Publicidad y Patrocinio del Instituto [&hellip;]<\/p>\n","protected":false},"author":7,"featured_media":8247,"comment_status":"open","ping_status":"closed","sticky":false,"template":"","format":"standard","meta":{"_bbp_topic_count":0,"_bbp_reply_count":0,"_bbp_total_topic_count":0,"_bbp_total_reply_count":0,"_bbp_voice_count":0,"_bbp_anonymous_reply_count":0,"_bbp_topic_count_hidden":0,"_bbp_reply_count_hidden":0,"_bbp_forum_subforum_count":0,"_glsr_average":0,"_glsr_ranking":0,"_glsr_reviews":0,"footnotes":""},"categories":[10],"tags":[47,7,39,49],"class_list":["post-8246","post","type-post","status-publish","format-standard","has-post-thumbnail","hentry","category-nacionales","tag-comunicacion-social","tag-cuba","tag-ics","tag-marca-pais"],"acf":[],"_links":{"self":[{"href":"https:\/\/www.ics.gob.cu\/en\/wp-json\/wp\/v2\/posts\/8246","targetHints":{"allow":["GET"]}}],"collection":[{"href":"https:\/\/www.ics.gob.cu\/en\/wp-json\/wp\/v2\/posts"}],"about":[{"href":"https:\/\/www.ics.gob.cu\/en\/wp-json\/wp\/v2\/types\/post"}],"author":[{"embeddable":true,"href":"https:\/\/www.ics.gob.cu\/en\/wp-json\/wp\/v2\/users\/7"}],"replies":[{"embeddable":true,"href":"https:\/\/www.ics.gob.cu\/en\/wp-json\/wp\/v2\/comments?post=8246"}],"version-history":[{"count":3,"href":"https:\/\/www.ics.gob.cu\/en\/wp-json\/wp\/v2\/posts\/8246\/revisions"}],"predecessor-version":[{"id":8251,"href":"https:\/\/www.ics.gob.cu\/en\/wp-json\/wp\/v2\/posts\/8246\/revisions\/8251"}],"wp:featuredmedia":[{"embeddable":true,"href":"https:\/\/www.ics.gob.cu\/en\/wp-json\/wp\/v2\/media\/8247"}],"wp:attachment":[{"href":"https:\/\/www.ics.gob.cu\/en\/wp-json\/wp\/v2\/media?parent=8246"}],"wp:term":[{"taxonomy":"category","embeddable":true,"href":"https:\/\/www.ics.gob.cu\/en\/wp-json\/wp\/v2\/categories?post=8246"},{"taxonomy":"post_tag","embeddable":true,"href":"https:\/\/www.ics.gob.cu\/en\/wp-json\/wp\/v2\/tags?post=8246"}],"curies":[{"name":"wp","href":"https:\/\/api.w.org\/{rel}","templated":true}]}}