{"id":8253,"date":"2025-09-22T19:07:56","date_gmt":"2025-09-22T19:07:56","guid":{"rendered":"https:\/\/www.ics.gob.cu\/?p=8253"},"modified":"2025-09-22T19:07:57","modified_gmt":"2025-09-22T19:07:57","slug":"el-ics-abrio-sus-puertas-a-jovenes-reservas-de-cuadros-de-la-esceg","status":"publish","type":"post","link":"https:\/\/www.ics.gob.cu\/en\/el-ics-abrio-sus-puertas-a-jovenes-reservas-de-cuadros-de-la-esceg\/","title":{"rendered":"El ICS abri\u00f3 sus puertas a j\u00f3venes reservas de cuadros de la ESCEG"},"content":{"rendered":"<div class=\"pdfprnt-buttons pdfprnt-buttons-post pdfprnt-top-right\"><a href=\"https:\/\/www.ics.gob.cu\/en\/wp-json\/wp\/v2\/posts\/8253?print=print\" class=\"pdfprnt-button pdfprnt-button-print\" target=\"_blank\" ><img decoding=\"async\" src=\"https:\/\/www.ics.gob.cu\/wp-content\/plugins\/pdf-print\/images\/print.png\" alt=\"image_print\" title=\"Print Content\" \/><\/a><\/div>\n<p>Recibimos en el ICS a j\u00f3venes que se preparan como reservas de cuadros de cargos principales y cursan la especialidad en Administraci\u00f3n P\u00fablica en la Escuela Superior de Cuadros del Estado y el Gobierno (ESCEG).<\/p>\n\n\n<div class=\"wp-block-image\">\n<figure class=\"aligncenter size-large is-resized\"><img loading=\"lazy\" decoding=\"async\" width=\"1024\" height=\"462\" src=\"https:\/\/www.ics.gob.cu\/wp-content\/uploads\/2025\/09\/1-1024x462.jpg\" alt=\"\" class=\"wp-image-8257\" style=\"width:645px;height:auto\" srcset=\"https:\/\/www.ics.gob.cu\/wp-content\/uploads\/2025\/09\/1-1024x462.jpg 1024w, https:\/\/www.ics.gob.cu\/wp-content\/uploads\/2025\/09\/1-300x135.jpg 300w, https:\/\/www.ics.gob.cu\/wp-content\/uploads\/2025\/09\/1-768x347.jpg 768w, https:\/\/www.ics.gob.cu\/wp-content\/uploads\/2025\/09\/1-1536x693.jpg 1536w, https:\/\/www.ics.gob.cu\/wp-content\/uploads\/2025\/09\/1.jpg 2048w\" sizes=\"auto, (max-width: 1024px) 100vw, 1024px\" \/><\/figure>\n<\/div>\n\n\n<p>Se organiz\u00f3 una jornada de aprendizaje y socializaci\u00f3n de buenas pr\u00e1cticas. Primeramente fueron recibidos por el vicepresidente primero del ICS, Onelio Castillo Corder\u00ed, espacio en el que recibieron informaci\u00f3n sobre el proceso de implementaci\u00f3n del Instituto en sus primeros dos a\u00f1os, los retos y desaf\u00edos, las urgencias venideras, el trabajo necesario de construcci\u00f3n colectiva.<\/p>\n\n\n<div class=\"wp-block-image\">\n<figure class=\"aligncenter size-large is-resized\"><img loading=\"lazy\" decoding=\"async\" width=\"2048\" height=\"924\" src=\"https:\/\/www.ics.gob.cu\/wp-content\/uploads\/2025\/09\/2-1024x462.jpg\" alt=\"\" class=\"wp-image-8258\" style=\"width:508px;height:auto\" srcset=\"https:\/\/www.ics.gob.cu\/wp-content\/uploads\/2025\/09\/2-1024x462.jpg 1024w, https:\/\/www.ics.gob.cu\/wp-content\/uploads\/2025\/09\/2-300x135.jpg 300w, https:\/\/www.ics.gob.cu\/wp-content\/uploads\/2025\/09\/2-768x347.jpg 768w, https:\/\/www.ics.gob.cu\/wp-content\/uploads\/2025\/09\/2-1536x693.jpg 1536w, https:\/\/www.ics.gob.cu\/wp-content\/uploads\/2025\/09\/2.jpg 2048w\" sizes=\"auto, (max-width: 2048px) 100vw, 2048px\" \/><\/figure>\n<\/div>\n\n\n<p>Posteriormente, intercambiaron con la Dra. C. y Premio Nacional de Comunicaci\u00f3n Social en su primera edici\u00f3n, Hilda Saladrigas Medina y la directora general de Comunicaci\u00f3n Organizacional y Comunitaria, Anamaris Sol\u00f3rzano, sobre sistema de comunicaci\u00f3n social en Cuba, comunicaci\u00f3n estrat\u00e9gica e integrada y algunas especificidades imprescindibles en el \u00e1mbito organizacional.<\/p>\n\n\n<div class=\"wp-block-image\">\n<figure class=\"aligncenter size-large is-resized\"><img loading=\"lazy\" decoding=\"async\" width=\"1024\" height=\"462\" src=\"https:\/\/www.ics.gob.cu\/wp-content\/uploads\/2025\/09\/5-1024x462.jpg\" alt=\"\" class=\"wp-image-8259\" style=\"width:522px;height:auto\" srcset=\"https:\/\/www.ics.gob.cu\/wp-content\/uploads\/2025\/09\/5-1024x462.jpg 1024w, https:\/\/www.ics.gob.cu\/wp-content\/uploads\/2025\/09\/5-300x135.jpg 300w, https:\/\/www.ics.gob.cu\/wp-content\/uploads\/2025\/09\/5-768x347.jpg 768w, https:\/\/www.ics.gob.cu\/wp-content\/uploads\/2025\/09\/5-1536x693.jpg 1536w, https:\/\/www.ics.gob.cu\/wp-content\/uploads\/2025\/09\/5.jpg 2048w\" sizes=\"auto, (max-width: 1024px) 100vw, 1024px\" \/><\/figure>\n<\/div>\n\n\n<p>Realizaron, adem\u00e1s, un recorrido por la emisora Radio Reloj, donde dialogaron con locutores, periodistas, redactores, su equipo de direcci\u00f3n y administrativo, conocieron sobre las rutinas productivas y pudieron entrar a su cabina de transmisi\u00f3n para vivir la experiencia \u00fanica del hacer esta emisora \u00fanica en el mundo.<\/p>\n\n\n\n<p>Al paso por el Canal Cubano de Noticias (Canal Caribe), fueron recibidos tambi\u00e9n por parte de su equipo de direcci\u00f3n, periodistas, reporteros, visitaron la redacci\u00f3n principal, recibieron explicaciones sobre los desaf\u00edos que generan las din\u00e1micas de trabajo que all\u00ed se producen en tiempos como los que vivimos y fueron testigos de la transmisi\u00f3n &#8211; por dentro y en vivo &#8211; del Noticiero del mediod\u00eda.<\/p>\n\n\n<div class=\"wp-block-image\">\n<figure class=\"aligncenter size-large is-resized\"><img loading=\"lazy\" decoding=\"async\" width=\"1024\" height=\"462\" src=\"https:\/\/www.ics.gob.cu\/wp-content\/uploads\/2025\/09\/6-1024x462.jpg\" alt=\"\" class=\"wp-image-8260\" style=\"width:484px;height:auto\" srcset=\"https:\/\/www.ics.gob.cu\/wp-content\/uploads\/2025\/09\/6-1024x462.jpg 1024w, https:\/\/www.ics.gob.cu\/wp-content\/uploads\/2025\/09\/6-300x135.jpg 300w, https:\/\/www.ics.gob.cu\/wp-content\/uploads\/2025\/09\/6-768x347.jpg 768w, https:\/\/www.ics.gob.cu\/wp-content\/uploads\/2025\/09\/6-1536x693.jpg 1536w, https:\/\/www.ics.gob.cu\/wp-content\/uploads\/2025\/09\/6.jpg 2048w\" sizes=\"auto, (max-width: 1024px) 100vw, 1024px\" \/><\/figure>\n<\/div>\n\n<div class=\"wp-block-image\">\n<figure class=\"aligncenter size-large is-resized\"><img loading=\"lazy\" decoding=\"async\" width=\"1024\" height=\"462\" src=\"https:\/\/www.ics.gob.cu\/wp-content\/uploads\/2025\/09\/9-1024x462.jpg\" alt=\"\" class=\"wp-image-8261\" style=\"width:484px;height:auto\" srcset=\"https:\/\/www.ics.gob.cu\/wp-content\/uploads\/2025\/09\/9-1024x462.jpg 1024w, https:\/\/www.ics.gob.cu\/wp-content\/uploads\/2025\/09\/9-300x135.jpg 300w, https:\/\/www.ics.gob.cu\/wp-content\/uploads\/2025\/09\/9-768x347.jpg 768w, https:\/\/www.ics.gob.cu\/wp-content\/uploads\/2025\/09\/9-1536x693.jpg 1536w, https:\/\/www.ics.gob.cu\/wp-content\/uploads\/2025\/09\/9.jpg 2048w\" sizes=\"auto, (max-width: 1024px) 100vw, 1024px\" \/><\/figure>\n<\/div>\n\n\n<p>Una jornada que mucho agradecieron y que para el ICS, tambi\u00e9n gener\u00f3 nuevas ideas, mayor compromiso, la necesidad de seguir super\u00e1ndonos y estrechar los lazos con centros rectores e innovadores, de formaci\u00f3n como la ESCEG. De ah\u00ed que el colectivo de nuestra Escuela Ramal, hacedores tambi\u00e9n de estos espacios de capacitaci\u00f3n lo acreditara como uno de sus encuentros de posgrado y los participantes concluyeran su d\u00eda tom\u00e1ndose varias fotos en lugares de nuestra Instituci\u00f3n, sobre todo relacionados con la larga historia de la radio y la televisi\u00f3n cubanas, que es, en definitiva, parte del patrimonio de la memoria viva de la naci\u00f3n.<\/p>\n<div class=\"pld-like-dislike-wrap pld-template-1\">\r\n    <div class=\"pld-like-wrap  pld-common-wrap\">\r\n    <a href=\"javascript:void(0)\" class=\"pld-like-trigger pld-like-dislike-trigger\" title=\"\" data-post-id=\"8253\" data-trigger-type=\"like\" data-restriction=\"cookie\" data-already-liked=\"0\">\r\n                        <i class=\"fas fa-thumbs-up\"><\/i>\r\n                <\/a>\r\n    <span class=\"pld-like-count-wrap pld-count-wrap\">0    <\/span>\r\n<\/div><div class=\"pld-dislike-wrap  pld-common-wrap\">\r\n    <a href=\"javascript:void(0)\" class=\"pld-dislike-trigger pld-like-dislike-trigger\" title=\"\" data-post-id=\"8253\" data-trigger-type=\"dislike\" data-restriction=\"cookie\" data-already-liked=\"0\">\r\n                        <i class=\"fas fa-thumbs-down\"><\/i>\r\n                <\/a>\r\n    <span class=\"pld-dislike-count-wrap pld-count-wrap\">0<\/span>\r\n<\/div><\/div>","protected":false},"excerpt":{"rendered":"<p>Recibimos en el ICS a j\u00f3venes que se preparan como reservas de cuadros de cargos principales y cursan la especialidad en Administraci\u00f3n P\u00fablica en la Escuela Superior de Cuadros del Estado y el Gobierno (ESCEG). Se organiz\u00f3 una jornada de aprendizaje y socializaci\u00f3n de buenas pr\u00e1cticas. Primeramente fueron recibidos por el vicepresidente primero del ICS, [&hellip;]<\/p>\n","protected":false},"author":8,"featured_media":8256,"comment_status":"open","ping_status":"closed","sticky":false,"template":"","format":"standard","meta":{"_bbp_topic_count":0,"_bbp_reply_count":0,"_bbp_total_topic_count":0,"_bbp_total_reply_count":0,"_bbp_voice_count":0,"_bbp_anonymous_reply_count":0,"_bbp_topic_count_hidden":0,"_bbp_reply_count_hidden":0,"_bbp_forum_subforum_count":0,"_glsr_average":0,"_glsr_ranking":0,"_glsr_reviews":0,"footnotes":""},"categories":[10],"tags":[47,7,59,39,67,76],"class_list":["post-8253","post","type-post","status-publish","format-standard","has-post-thumbnail","hentry","category-nacionales","tag-comunicacion-social","tag-cuba","tag-educacion-para-la-comunicacion","tag-ics","tag-radio-cubana","tag-television-cubana"],"acf":[],"_links":{"self":[{"href":"https:\/\/www.ics.gob.cu\/en\/wp-json\/wp\/v2\/posts\/8253","targetHints":{"allow":["GET"]}}],"collection":[{"href":"https:\/\/www.ics.gob.cu\/en\/wp-json\/wp\/v2\/posts"}],"about":[{"href":"https:\/\/www.ics.gob.cu\/en\/wp-json\/wp\/v2\/types\/post"}],"author":[{"embeddable":true,"href":"https:\/\/www.ics.gob.cu\/en\/wp-json\/wp\/v2\/users\/8"}],"replies":[{"embeddable":true,"href":"https:\/\/www.ics.gob.cu\/en\/wp-json\/wp\/v2\/comments?post=8253"}],"version-history":[{"count":2,"href":"https:\/\/www.ics.gob.cu\/en\/wp-json\/wp\/v2\/posts\/8253\/revisions"}],"predecessor-version":[{"id":8263,"href":"https:\/\/www.ics.gob.cu\/en\/wp-json\/wp\/v2\/posts\/8253\/revisions\/8263"}],"wp:featuredmedia":[{"embeddable":true,"href":"https:\/\/www.ics.gob.cu\/en\/wp-json\/wp\/v2\/media\/8256"}],"wp:attachment":[{"href":"https:\/\/www.ics.gob.cu\/en\/wp-json\/wp\/v2\/media?parent=8253"}],"wp:term":[{"taxonomy":"category","embeddable":true,"href":"https:\/\/www.ics.gob.cu\/en\/wp-json\/wp\/v2\/categories?post=8253"},{"taxonomy":"post_tag","embeddable":true,"href":"https:\/\/www.ics.gob.cu\/en\/wp-json\/wp\/v2\/tags?post=8253"}],"curies":[{"name":"wp","href":"https:\/\/api.w.org\/{rel}","templated":true}]}}