{"id":8276,"date":"2025-09-23T18:30:06","date_gmt":"2025-09-23T18:30:06","guid":{"rendered":"https:\/\/www.ics.gob.cu\/?p=8276"},"modified":"2025-09-24T08:12:57","modified_gmt":"2025-09-24T08:12:57","slug":"otorgan-condicion-artista-de-merito-2025-a-destacados-profesionales-de-la-television","status":"publish","type":"post","link":"https:\/\/www.ics.gob.cu\/en\/otorgan-condicion-artista-de-merito-2025-a-destacados-profesionales-de-la-television\/","title":{"rendered":"OTORGAN CONDICI\u00d3N \u00abARTISTA DE M\u00c9RITO 2025\u00bb A DESTACADOS PROFESIONALES DE LA TELEVISI\u00d3N"},"content":{"rendered":"<div class=\"pdfprnt-buttons pdfprnt-buttons-post pdfprnt-top-right\"><a href=\"https:\/\/www.ics.gob.cu\/en\/wp-json\/wp\/v2\/posts\/8276?print=print\" class=\"pdfprnt-button pdfprnt-button-print\" target=\"_blank\" ><img decoding=\"async\" src=\"https:\/\/www.ics.gob.cu\/wp-content\/plugins\/pdf-print\/images\/print.png\" alt=\"image_print\" title=\"Print Content\" \/><\/a><\/div>\n<p>Luego de analizar las trayectorias de los candidatos presentados por el Consejo de Direcci\u00f3n de la Televisi\u00f3n cubana para recibir la Condici\u00f3n Artista de M\u00e9rito 2025, los miembros del Consejo de Direcci\u00f3n del Instituto de Informaci\u00f3n y Comunicaci\u00f3n Social (ICS) aprobaron las propuestas, todos profesionales con una amplia y destacada labor en el medio televisivo.<\/p>\n\n\n\n<p>Los candidatos fueron avalados por la Comisi\u00f3n de Condecoraciones. Dicho galard\u00f3n ser\u00e1 entregado el pr\u00f3ximo 24 de octubre, en actividad oficial, junto al Premio Nacional de TV 2025, concedido al productor Ezequiel Garc\u00eda Tr\u00e1paga (fallecido) y el realizador de sonido Gonzalo Aldama Wilson.<\/p>\n\n\n\n<p>Se decidi\u00f3 otorgar la Condici\u00f3n Artista de M\u00e9rito a los siguientes profesionales:  <\/p>\n\n\n\n<p>-Yadel Pel\u00e1ez Castillo (Asistente de direcci\u00f3n y productora)<\/p>\n\n\n\n<p>-Luis G\u00f3mez Horscheck (T\u00e9cnico)<\/p>\n\n\n\n<p>-Roberto Chile P\u00e9rez (Documentalista y fot\u00f3grafo)<\/p>\n\n\n\n<p>-Odalys Torres Gonz\u00e1lez (Locutora y directora de programas)<\/p>\n\n\n\n<p>-Tahim\u00ed Alvari\u00f1o Veloz (Actriz)<\/p>\n\n\n\n<p>-Guillermo Pag\u00e9s G\u00f3mez (Realizador de imagen)<\/p>\n\n\n\n<p>-Idania Mart\u00ednez Grandales (Locutora y profesora)<\/p>\n\n\n\n<p>-Jos\u00e9 Agust\u00edn Tu\u00f1\u00f3n Rivero (Camar\u00f3grafo y director de Fotograf\u00eda, Canal Habana)<\/p>\n\n\n\n<p>-Ra\u00fal Esteban Verdecie Fern\u00e1ndez (Camar\u00f3grafo y fot\u00f3grafo, Las Tunas)<\/p>\n\n\n\n<p>-Eddys Crespo Vargas (Director de Televisi\u00f3n del telecentro TunasVisi\u00f3n, de Las Tunas)<\/p>\n\n\n\n<p>-Salvador Hechavarr\u00eda Garcell (Periodista y director de Programas del telecentro Telecristal, en Holgu\u00edn)<\/p>\n\n\n\n<p>Adjuntamos un resumen de las trayectorias de estos destacados profesionales, lo cual avala la Condici\u00f3n otorgada, envi\u00e1ndoles la felicitaci\u00f3n de los directivos y trabajadores del ICS.<\/p>\n\n\n\n<p><strong>YADEL PEL\u00c1EZ CASTILLO<\/strong><\/p>\n\n\n<div class=\"wp-block-image\">\n<figure class=\"aligncenter size-full\"><img loading=\"lazy\" decoding=\"async\" width=\"856\" height=\"857\" src=\"https:\/\/www.ics.gob.cu\/wp-content\/uploads\/2025\/09\/FB_IMG_1758641993461.jpg\" alt=\"\" class=\"wp-image-8280\" srcset=\"https:\/\/www.ics.gob.cu\/wp-content\/uploads\/2025\/09\/FB_IMG_1758641993461.jpg 856w, https:\/\/www.ics.gob.cu\/wp-content\/uploads\/2025\/09\/FB_IMG_1758641993461-300x300.jpg 300w, https:\/\/www.ics.gob.cu\/wp-content\/uploads\/2025\/09\/FB_IMG_1758641993461-150x150.jpg 150w, https:\/\/www.ics.gob.cu\/wp-content\/uploads\/2025\/09\/FB_IMG_1758641993461-768x769.jpg 768w\" sizes=\"auto, (max-width: 856px) 100vw, 856px\" \/><\/figure>\n<\/div>\n\n\n<p>Se inicia en la Televisi\u00f3n como Asistente de direcci\u00f3n en 1998 en el Programa \u00abLo bueno no pasa\u00bb y desde 1999 se desempe\u00f1a como tal en el Programa \u201cDe la Gran Escena\u201d. Asimismo, ha trabajado en la producci\u00f3n de conciertos, Galas de Premios Cubadisco y en los Festivales Boleros de Oro, Circuba y Jazz Plaza. Destacan, adem\u00e1s, otros proyectos como la revista dramatizada Una Calle, Mil Caminos, A Todo Jazz y Nota a Nota. <\/p>\n\n\n\n<p><strong>LUIS G\u00d3MEZ HORSCHECK<\/strong><\/p>\n\n\n<div class=\"wp-block-image\">\n<figure class=\"aligncenter size-full\"><img loading=\"lazy\" decoding=\"async\" width=\"720\" height=\"534\" src=\"https:\/\/www.ics.gob.cu\/wp-content\/uploads\/2025\/09\/IMG-20250923-WA0020.jpg\" alt=\"\" class=\"wp-image-8282\" srcset=\"https:\/\/www.ics.gob.cu\/wp-content\/uploads\/2025\/09\/IMG-20250923-WA0020.jpg 720w, https:\/\/www.ics.gob.cu\/wp-content\/uploads\/2025\/09\/IMG-20250923-WA0020-300x223.jpg 300w\" sizes=\"auto, (max-width: 720px) 100vw, 720px\" \/><\/figure>\n<\/div>\n\n\n<p>Graduado de T\u00e9cnico en Electr\u00f3nica, durante 39 a\u00f1os se desempe\u00f1\u00f3 como Operador de Video y Control de C\u00e1mara. Ha realizado m\u00e1s de veinte series polic\u00edacas, aventuras y telenovelas como Destino prohibido. Adem\u00e1s de programas y eventos musicales, entre ellos el Concurso de m\u00fasica cubana \u201cAdolfo Guzm\u00e1n\u201d, Festivales Cubadisco, Premios Lucas y Cuerda Viva, entre otros Proyectos como Sonando en Cuba, Bailando en Cuba, la Colmena TV y La Banda Gigante. Igualmente, ha trabajado en la producci\u00f3n de m\u00e1s de 30 eventos deportivos de car\u00e1cter nacional e internacional. Destacan tambi\u00e9n numerosos eventos de car\u00e1cter pol\u00edtico y gubernamental, por los que ha recibido diversos reconocimientos. <\/p>\n\n\n\n<p><strong>ROBERTO CHILE P\u00c9REZ<\/strong><\/p>\n\n\n<div class=\"wp-block-image\">\n<figure class=\"aligncenter size-full\"><img loading=\"lazy\" decoding=\"async\" width=\"232\" height=\"270\" src=\"https:\/\/www.ics.gob.cu\/wp-content\/uploads\/2025\/09\/IMG-20250923-WA0019.jpg\" alt=\"\" class=\"wp-image-8283\"\/><\/figure>\n<\/div>\n\n\n<p>Ha escrito y dirigido gran n\u00famero de documentales y reportajes sobre la cultura y la actualidad cubanas, incluyendo una amplia cobertura de la vida del Comandante en Jefe Fidel Castro. Sus obras m\u00e1s conocidas son los documentales \u00abDesaf\u00edo\u00bb, \u00abEn las laderas del Himalaya\u00bb, \u00abEn mis ojos brillas t\u00fa\u00bb, \u00abH\u00e1gase la luz\u00bb, \u00abElogio de la Virtud\u00bb, \u00abOda a la Revoluci\u00f3n\u00bb, \u00abSencillamente Korda\u00bb, \u00abSoy Tata Nganga\u00bb y \u00abEsencias\u00bb (sobre la Colmenita en Estados Unidos). Acompa\u00f1\u00f3 al l\u00edder de la Revoluci\u00f3n cubana Fidel Castro, en sus viajes por Cuba y el mundo desde 1984 hasta 2006. Los documentales: D\u00edas de Amistad; De Han\u00f3i a Hiroshima; Brasil, triunfa la esperanza y Argentina, Nuevos Aires, son de indiscutible valor period\u00edstico y art\u00edstico, y forman parte de su impronta en la memoria audiovisual de la naci\u00f3n. Ha recibido importantes reconocimientos por su quehacer art\u00edstico y\/o period\u00edstico, entre los que resaltan, la R\u00e9plica del Machete del General\u00edsimo M\u00e1ximo G\u00f3mez (1998); la condici\u00f3n Hombres y Mujeres Importantes de la Sociedad (2003) y la Distinci\u00f3n por la Cultura Nacional (2004). <\/p>\n\n\n\n<p><strong>ODALYS TORRES GONZ\u00c1LEZ<\/strong><\/p>\n\n\n<div class=\"wp-block-image\">\n<figure class=\"aligncenter size-full\"><img loading=\"lazy\" decoding=\"async\" width=\"700\" height=\"933\" src=\"https:\/\/www.ics.gob.cu\/wp-content\/uploads\/2025\/09\/IMG-20250923-WA0027.jpg\" alt=\"\" class=\"wp-image-8287\" srcset=\"https:\/\/www.ics.gob.cu\/wp-content\/uploads\/2025\/09\/IMG-20250923-WA0027.jpg 700w, https:\/\/www.ics.gob.cu\/wp-content\/uploads\/2025\/09\/IMG-20250923-WA0027-225x300.jpg 225w\" sizes=\"auto, (max-width: 700px) 100vw, 700px\" \/><\/figure>\n<\/div>\n\n\n<p>Licenciada en Arte de los medios Audiovisuales. Se ha desempe\u00f1ado como directora y locutora de radio y televisi\u00f3n. M\u00e1ster en Programas Informativos y diplomada en Relaciones P\u00fablicas. Ha realizado documentales sobre la radio comunitaria en Cuba en la BBC de Londres y AMARC Ecuador, Festival de radioapasionados y televisionarios de Am\u00e9rica Latina y el Caribe. En televisi\u00f3n ha dirigido revistas informativas como Buenos D\u00edas, otras especiales, temporada cicl\u00f3nica, noticieros, programas musicales, dramatizados y promocionales. Como fundadora del canal Educativo y de Universidad para todos recibi\u00f3 el reconocimiento de nuestro Comandante en Jefe por haber participado como directora en diversos cursos. De 2005 a 2008 realiz\u00f3 el proyecto audiovisual Yo s\u00ed Puedo, cartilla de Alfabetizaci\u00f3n, para la Televisi\u00f3n Brasile\u00f1a, Uruguaya y Haitiana. Ha obtenido diferentes premios y reconocimientos Festivales de la Radio y la Televisi\u00f3n, Period\u00edsticos, CARACOL de la UNEAC, Distinci\u00f3n Ra\u00fal G\u00f3mez Garc\u00eda, y la Distinci\u00f3n por la Cultura Nacional en 2020.<\/p>\n\n\n\n<p><strong>TAHIM\u00cd ALVARI\u00d1O VELOZ<\/strong><\/p>\n\n\n<div class=\"wp-block-image\">\n<figure class=\"aligncenter size-full\"><img loading=\"lazy\" decoding=\"async\" width=\"800\" height=\"560\" src=\"https:\/\/www.ics.gob.cu\/wp-content\/uploads\/2025\/09\/IMG-20250923-WA0021.jpg\" alt=\"\" class=\"wp-image-8284\" srcset=\"https:\/\/www.ics.gob.cu\/wp-content\/uploads\/2025\/09\/IMG-20250923-WA0021.jpg 800w, https:\/\/www.ics.gob.cu\/wp-content\/uploads\/2025\/09\/IMG-20250923-WA0021-300x210.jpg 300w, https:\/\/www.ics.gob.cu\/wp-content\/uploads\/2025\/09\/IMG-20250923-WA0021-768x538.jpg 768w\" sizes=\"auto, (max-width: 800px) 100vw, 800px\" \/><\/figure>\n<\/div>\n\n\n<p>Actriz que se ha destacado por la diversidad de personajes en novelas y aventuras televisivas, que van del pol\u00e9mico car\u00e1cter hasta el romance. Ha realizado diferentes obras de teatro, series, telenovelas y pel\u00edculas. Ha interpretado importantes personajes en recordadas telenovelas como Rosas a Cr\u00e9dito, Destino Prohibido, Al comp\u00e1s del Son y, recientemente, S\u00e1bados de Gloria. Recibi\u00f3 Menci\u00f3n del Premio \u201cCaricato\u201d a La mejor Actuaci\u00f3n Femenina de Televisi\u00f3n por la serie \u201cPunto 40\u201d. Obtuvo, adem\u00e1s, los premios a la Mejor Actuaci\u00f3n Femenina en el Festival de Cine de M\u00e1laga, Espa\u00f1a, por \u201cLista De Espera\u201d, y el \u201cCaricato\u201d a la Mejor Actuaci\u00f3n Femenina de Televisi\u00f3n, por el teleplay \u201cEl Ojo De La Noche\u201d. Ostenta la menci\u00f3n del Premio a La Mejor Actuaci\u00f3n Femenina del Festival de Cine y Video Joven, tambi\u00e9n por el teleplay \u201cEl Ojo De La Noche\u201d. Internacionalmente, ha actuado en diversas producciones en Colombia. Es muy querida y admirada por nuestro pueblo.<\/p>\n\n\n\n<p><strong>GUILLERMO PAG\u00c9S G\u00d3MEZ<\/strong><\/p>\n\n\n<div class=\"wp-block-image\">\n<figure class=\"aligncenter size-large\"><img loading=\"lazy\" decoding=\"async\" width=\"710\" height=\"1024\" src=\"https:\/\/www.ics.gob.cu\/wp-content\/uploads\/2025\/09\/IMG_20250924_033037-710x1024.jpg\" alt=\"\" class=\"wp-image-8296\" srcset=\"https:\/\/www.ics.gob.cu\/wp-content\/uploads\/2025\/09\/IMG_20250924_033037-710x1024.jpg 710w, https:\/\/www.ics.gob.cu\/wp-content\/uploads\/2025\/09\/IMG_20250924_033037-208x300.jpg 208w, https:\/\/www.ics.gob.cu\/wp-content\/uploads\/2025\/09\/IMG_20250924_033037.jpg 720w\" sizes=\"auto, (max-width: 710px) 100vw, 710px\" \/><\/figure>\n<\/div>\n\n\n<p>En 1983 se inicia en la Televisi\u00f3n. Destaca en su labor, la Remodelaci\u00f3n de las parrillas de luces de los estudios de la televisi\u00f3n. Operador de m\u00e1ster y de audio de la sala central en diferentes programas. Ha realizado aenturas y novelas como \u201cOh la Habana\u201d, 2007: XV Juegos Panamericanos en Brasil 2007, La Colmena TV, III Juegos Deportivos del ALBA 2009. Cumpli\u00f3 misi\u00f3n internacionalista en la Rep\u00fablica de Guinea Ecuatorial. Realiz\u00f3, adem\u00e1s, desfiles por el 1ro de mayo, Asambleas Nacionales del Poder Popular, Festivales de Ballet, los Juegos Ol\u00edmpicos de Brasil, y otros programas Musicales y deportivos.<\/p>\n\n\n\n<p><strong>IDANIA MART\u00cdNEZ GRANDALES<\/strong><\/p>\n\n\n\n<figure class=\"wp-block-image size-large\"><img loading=\"lazy\" decoding=\"async\" width=\"768\" height=\"1024\" src=\"https:\/\/www.ics.gob.cu\/wp-content\/uploads\/2025\/09\/IMG-20250923-WA0022-768x1024.jpg\" alt=\"\" class=\"wp-image-8285\" srcset=\"https:\/\/www.ics.gob.cu\/wp-content\/uploads\/2025\/09\/IMG-20250923-WA0022-768x1024.jpg 768w, https:\/\/www.ics.gob.cu\/wp-content\/uploads\/2025\/09\/IMG-20250923-WA0022-225x300.jpg 225w, https:\/\/www.ics.gob.cu\/wp-content\/uploads\/2025\/09\/IMG-20250923-WA0022.jpg 810w\" sizes=\"auto, (max-width: 768px) 100vw, 768px\" \/><\/figure>\n\n\n\n<p>Locutora, profesora, guionista, directora de programas de radio y Metod\u00f3loga Nacional de Locuci\u00f3n. Recibi\u00f3 el t\u00edtulo Doctor Honoris Causa por Florida Global University de M\u00e9xico, Universidad Inteligente y Asociaci\u00f3n Nacional de Locutores de M\u00e9xico A.C. Es M\u00e1ster en Comunicaci\u00f3n y Licenciada en Educaci\u00f3n en las especialidades de Espa\u00f1ol- Literatura. Posee la Condici\u00f3n Maestra de Radialistas, con m\u00e1s de 35 a\u00f1os en la especialidad de Locuci\u00f3n. Es miembro de la Agencia ACTUAR y de la Uni\u00f3n de Escritores y Artistas de Cuba (UNEAC). Desde el a\u00f1o 1992 ha realizado la locuci\u00f3n, el guion, el montaje art\u00edstico y la conducci\u00f3n de actos pol\u00edticos, galas y espect\u00e1culos culturales de primer nivel. Es profesora adjunta (categor\u00eda de Auxiliar) de la Facultad de Comunicaci\u00f3n de la Universidad de La Habana y profesora principal del Centro de Estudios de Radio y Televisi\u00f3n (CERT). Ha integrado los tribunales de aptitud para Cursos de Habilitaci\u00f3n de Locuci\u00f3n. Posee las Medallas Ra\u00fal G\u00f3mez Garc\u00eda, Aniversario 90 y 95 de la Radio, y Aniversario 65 de la Televisi\u00f3n Cubana.<\/p>\n\n\n\n<p><strong>JOS\u00c9 AGUST\u00cdN TU\u00d1\u00d3N RIVERO<\/strong><\/p>\n\n\n<div class=\"wp-block-image\">\n<figure class=\"aligncenter size-full\"><img loading=\"lazy\" decoding=\"async\" width=\"720\" height=\"540\" src=\"https:\/\/www.ics.gob.cu\/wp-content\/uploads\/2025\/09\/IMG-20250923-WA0024.jpg\" alt=\"\" class=\"wp-image-8286\" srcset=\"https:\/\/www.ics.gob.cu\/wp-content\/uploads\/2025\/09\/IMG-20250923-WA0024.jpg 720w, https:\/\/www.ics.gob.cu\/wp-content\/uploads\/2025\/09\/IMG-20250923-WA0024-300x225.jpg 300w\" sizes=\"auto, (max-width: 720px) 100vw, 720px\" \/><\/figure>\n<\/div>\n\n\n<p>Graduado de Electr\u00f3nica, en el a\u00f1o 1982 entra en la Televisi\u00f3n, como editor primero y luego como camar\u00f3grafo y director de fotograf\u00eda. Form\u00f3 parte del Equipo Especial de los Servicios Informativos de la Televisi\u00f3n Nacional para cubrir las actividades nacionales e internacionales del Comandante en Jefe Fidel Castro. Tambi\u00e9n como camar\u00f3grafo estuvo reportando sobre la estancia de las tropas internacionalistas durante las guerras en Etiop\u00eda y Angola. Asimismo, form\u00f3 parte del equipo que asistiera, en 1998 a Nicaragua a ra\u00edz del cicl\u00f3n Mitch que afectara ese pa\u00eds. Como colaborador internacionalista, ha formado parte de los equipos de los Servicios Informativos del NTV encargados de difundir el trabajo de las misiones m\u00e9dicas y educativas en Guatemala, Bolivia, Ecuador, Brasil, Trinidad y Tobago, y Jamaica. Ha sido enviado especial a otras coberturas en el extranjero como a Venezuela para cubrir las actividades de la campa\u00f1a electoral del Comandante Hugo Ch\u00e1vez. Recibi\u00f3 el Sello al valor, otorgado por la direcci\u00f3n del PCC en Ciudad de La Habana, a ra\u00edz de los sucesos del 5 de agosto de 1994, las Medallas F\u00e9lix Elmuza, Proeza Laboral y Aniversario 50 de la UPEC.<\/p>\n\n\n\n<p><strong>RA\u00daL ESTEBAN VERDECIE FERN\u00c1NDEZ<\/strong><\/p>\n\n\n<div class=\"wp-block-image\">\n<figure class=\"aligncenter size-full\"><img loading=\"lazy\" decoding=\"async\" width=\"720\" height=\"429\" src=\"https:\/\/www.ics.gob.cu\/wp-content\/uploads\/2025\/09\/IMG-20250923-WA0023.jpg\" alt=\"\" class=\"wp-image-8288\" srcset=\"https:\/\/www.ics.gob.cu\/wp-content\/uploads\/2025\/09\/IMG-20250923-WA0023.jpg 720w, https:\/\/www.ics.gob.cu\/wp-content\/uploads\/2025\/09\/IMG-20250923-WA0023-300x179.jpg 300w\" sizes=\"auto, (max-width: 720px) 100vw, 720px\" \/><\/figure>\n<\/div>\n\n\n<p>Camar\u00f3grafo del telecentro TunasVisi\u00f3n desde 2002. Licenciado en Cultura F\u00edsica. Fue dise\u00f1ador y realizador gr\u00e1fico del PCC Provincial. Ha obtenido Menci\u00f3n Fotograf\u00eda en el concurso 26 de Julio y Premio del Festival Provincial de Televisi\u00f3n de 2004 hasta 2025 con m\u00faltiples materiales premiados. Diversos trabajos en los que interviene son publicados en los diferentes espacios informativos de la TV Nacional, incluyendo diferentes emisiones del Noticiero Nacional de TV y la revista Buenos D\u00edas. <\/p>\n\n\n\n<p><strong>EDDYS CRESPO VARGAS<\/strong><\/p>\n\n\n<div class=\"wp-block-image\">\n<figure class=\"aligncenter size-full\"><img loading=\"lazy\" decoding=\"async\" width=\"715\" height=\"536\" src=\"https:\/\/www.ics.gob.cu\/wp-content\/uploads\/2025\/09\/IMG-20250923-WA0018.jpg\" alt=\"\" class=\"wp-image-8289\" srcset=\"https:\/\/www.ics.gob.cu\/wp-content\/uploads\/2025\/09\/IMG-20250923-WA0018.jpg 715w, https:\/\/www.ics.gob.cu\/wp-content\/uploads\/2025\/09\/IMG-20250923-WA0018-300x225.jpg 300w\" sizes=\"auto, (max-width: 715px) 100vw, 715px\" \/><\/figure>\n<\/div>\n\n\n<p>Licenciado en Arte de los Medios de Comunicaci\u00f3n Audiovisuales. Especialidad en Direcci\u00f3n para cine, radio y televisi\u00f3n. Ha obtenido infinidad de Premios y Menciones en festivales provinciales y nacionales de la Televisi\u00f3n, Concurso y Taller Nacional de radio joven Antonio LLoga In Memoriam. Ha realizado diferentes programas para la Televisi\u00f3n nacional, entre ellos, Fresco y sin cortar de Cubavisi\u00f3n, Primera P\u00e1gina para el canal Caribe y Pr\u00e9stame tu color y Ac\u00e9rcate de Canal Educativo 2.<\/p>\n\n\n\n<p><strong>SALVADOR HECHAVARR\u00cdA GARCELL<\/strong><\/p>\n\n\n<div class=\"wp-block-image\">\n<figure class=\"aligncenter size-full\"><img loading=\"lazy\" decoding=\"async\" width=\"720\" height=\"540\" src=\"https:\/\/www.ics.gob.cu\/wp-content\/uploads\/2025\/09\/FB_IMG_1758698564969.jpg\" alt=\"\" class=\"wp-image-8298\" srcset=\"https:\/\/www.ics.gob.cu\/wp-content\/uploads\/2025\/09\/FB_IMG_1758698564969.jpg 720w, https:\/\/www.ics.gob.cu\/wp-content\/uploads\/2025\/09\/FB_IMG_1758698564969-300x225.jpg 300w\" sizes=\"auto, (max-width: 720px) 100vw, 720px\" \/><\/figure>\n<\/div>\n\n\n<p>Graduado de Licenciado en Periodismo en la Universidad de Oriente, 1983. Inici\u00f3 su trayectoria profesional ese mismo a\u00f1o en Telecristal, primero como reportero de prensa y a partir de 2000 como director de programas. Se desempe\u00f1\u00f3 durante 25 a\u00f1os como profesor de la Facultad de Medios Audiovisuales del Instituto Superior de Arte de Holgu\u00edn. Ejerci\u00f3 capacitaci\u00f3n de especialistas de TV en Granma, Las Tunas, Gibara, Moa y Holgu\u00edn, y en Venezuela. Es M\u00e1ster en Marketing y Comunicaci\u00f3n por el Instituto Superior de Marketing de Madrid, en 2008. Los programas que dirige han recibido premios en festivales provinciales y nacionales de la Televisi\u00f3n.<\/p>\n<div class=\"pld-like-dislike-wrap pld-template-1\">\r\n    <div class=\"pld-like-wrap  pld-common-wrap\">\r\n    <a href=\"javascript:void(0)\" class=\"pld-like-trigger pld-like-dislike-trigger\" title=\"\" data-post-id=\"8276\" data-trigger-type=\"like\" data-restriction=\"cookie\" data-already-liked=\"0\">\r\n                        <i class=\"fas fa-thumbs-up\"><\/i>\r\n                <\/a>\r\n    <span class=\"pld-like-count-wrap pld-count-wrap\">0    <\/span>\r\n<\/div><div class=\"pld-dislike-wrap  pld-common-wrap\">\r\n    <a href=\"javascript:void(0)\" class=\"pld-dislike-trigger pld-like-dislike-trigger\" title=\"\" data-post-id=\"8276\" data-trigger-type=\"dislike\" data-restriction=\"cookie\" data-already-liked=\"0\">\r\n                        <i class=\"fas fa-thumbs-down\"><\/i>\r\n                <\/a>\r\n    <span class=\"pld-dislike-count-wrap pld-count-wrap\">0<\/span>\r\n<\/div><\/div>","protected":false},"excerpt":{"rendered":"<p>Luego de analizar las trayectorias de los candidatos presentados por el Consejo de Direcci\u00f3n de la Televisi\u00f3n cubana para recibir la Condici\u00f3n Artista de M\u00e9rito 2025, los miembros del Consejo de Direcci\u00f3n del Instituto de Informaci\u00f3n y Comunicaci\u00f3n Social (ICS) aprobaron las propuestas, todos profesionales con una amplia y destacada labor en el medio televisivo. [&hellip;]<\/p>\n","protected":false},"author":2,"featured_media":8277,"comment_status":"open","ping_status":"closed","sticky":false,"template":"","format":"standard","meta":{"_bbp_topic_count":0,"_bbp_reply_count":0,"_bbp_total_topic_count":0,"_bbp_total_reply_count":0,"_bbp_voice_count":0,"_bbp_anonymous_reply_count":0,"_bbp_topic_count_hidden":0,"_bbp_reply_count_hidden":0,"_bbp_forum_subforum_count":0,"_glsr_average":0,"_glsr_ranking":0,"_glsr_reviews":0,"footnotes":""},"categories":[10],"tags":[47,7,39,76],"class_list":["post-8276","post","type-post","status-publish","format-standard","has-post-thumbnail","hentry","category-nacionales","tag-comunicacion-social","tag-cuba","tag-ics","tag-television-cubana"],"acf":[],"_links":{"self":[{"href":"https:\/\/www.ics.gob.cu\/en\/wp-json\/wp\/v2\/posts\/8276","targetHints":{"allow":["GET"]}}],"collection":[{"href":"https:\/\/www.ics.gob.cu\/en\/wp-json\/wp\/v2\/posts"}],"about":[{"href":"https:\/\/www.ics.gob.cu\/en\/wp-json\/wp\/v2\/types\/post"}],"author":[{"embeddable":true,"href":"https:\/\/www.ics.gob.cu\/en\/wp-json\/wp\/v2\/users\/2"}],"replies":[{"embeddable":true,"href":"https:\/\/www.ics.gob.cu\/en\/wp-json\/wp\/v2\/comments?post=8276"}],"version-history":[{"count":7,"href":"https:\/\/www.ics.gob.cu\/en\/wp-json\/wp\/v2\/posts\/8276\/revisions"}],"predecessor-version":[{"id":8299,"href":"https:\/\/www.ics.gob.cu\/en\/wp-json\/wp\/v2\/posts\/8276\/revisions\/8299"}],"wp:featuredmedia":[{"embeddable":true,"href":"https:\/\/www.ics.gob.cu\/en\/wp-json\/wp\/v2\/media\/8277"}],"wp:attachment":[{"href":"https:\/\/www.ics.gob.cu\/en\/wp-json\/wp\/v2\/media?parent=8276"}],"wp:term":[{"taxonomy":"category","embeddable":true,"href":"https:\/\/www.ics.gob.cu\/en\/wp-json\/wp\/v2\/categories?post=8276"},{"taxonomy":"post_tag","embeddable":true,"href":"https:\/\/www.ics.gob.cu\/en\/wp-json\/wp\/v2\/tags?post=8276"}],"curies":[{"name":"wp","href":"https:\/\/api.w.org\/{rel}","templated":true}]}}