{"id":8302,"date":"2025-09-29T03:12:08","date_gmt":"2025-09-29T03:12:08","guid":{"rendered":"https:\/\/www.ics.gob.cu\/?p=8302"},"modified":"2025-09-29T03:12:10","modified_gmt":"2025-09-29T03:12:10","slug":"tvmorfosis-cuba-2025-una-apuesta-al-futuro","status":"publish","type":"post","link":"https:\/\/www.ics.gob.cu\/en\/tvmorfosis-cuba-2025-una-apuesta-al-futuro\/","title":{"rendered":"TVMorfosis Cuba 2025: Una apuesta al futuro"},"content":{"rendered":"<div class=\"pdfprnt-buttons pdfprnt-buttons-post pdfprnt-top-right\"><a href=\"https:\/\/www.ics.gob.cu\/en\/wp-json\/wp\/v2\/posts\/8302?print=print\" class=\"pdfprnt-button pdfprnt-button-print\" target=\"_blank\" ><img decoding=\"async\" src=\"https:\/\/www.ics.gob.cu\/wp-content\/plugins\/pdf-print\/images\/print.png\" alt=\"image_print\" title=\"Print Content\" \/><\/a><\/div>\n<p>Del 30 de septiembre al 1. \u00ba de octubre pr\u00f3ximos, La Habana ser\u00e1 sede de TVMorfosis Cuba 2025, programa te\u00f3rico presencial que reunir\u00e1 a especialistas internacionales y cubanos para debatir y compartir ideas sobre el rol actual y futuro de la televisi\u00f3n cubana.<\/p>\n\n\n\n<p>Con sede en el Hotel Parque Central y bajo la premisa de \u00ab75 a\u00f1os de la Televisi\u00f3n cubana: Una apuesta al futuro\u00bb, mediante su realizaci\u00f3n como formato televisivo e interactivo combina presentaciones de puntuales estudios y transmisiones televisivas en vivo y online, en directo, que propician la interacci\u00f3n con los panelistas a trav\u00e9s de las redes sociales.<\/p>\n\n\n\n<p>El programa te\u00f3rico presencial de TVMorfosis Cuba 2025, que organiza en La Habana la Asociaci\u00f3n de las Televisiones Educativas y Culturales Iberoamericanas (ATEI), en tanto celebra la memoria de la pantalla chica en el pa\u00eds y el desaf\u00edo de renovarla en tiempos de profundas transformaciones tecnol\u00f3gicas y culturales, se propone como espacio para reflexionar, aprender y proyectar juntos la televisi\u00f3n que la naci\u00f3n y el mundo necesitan hoy.<\/p>\n\n\n<div class=\"wp-block-image\">\n<figure class=\"aligncenter size-large is-resized\"><img loading=\"lazy\" decoding=\"async\" width=\"1024\" height=\"563\" src=\"https:\/\/www.ics.gob.cu\/wp-content\/uploads\/2025\/09\/TVMORFOSIS-2-1024x563.jpeg\" alt=\"\" class=\"wp-image-8304\" style=\"width:534px;height:auto\" srcset=\"https:\/\/www.ics.gob.cu\/wp-content\/uploads\/2025\/09\/TVMORFOSIS-2-1024x563.jpeg 1024w, https:\/\/www.ics.gob.cu\/wp-content\/uploads\/2025\/09\/TVMORFOSIS-2-300x165.jpeg 300w, https:\/\/www.ics.gob.cu\/wp-content\/uploads\/2025\/09\/TVMORFOSIS-2-768x422.jpeg 768w, https:\/\/www.ics.gob.cu\/wp-content\/uploads\/2025\/09\/TVMORFOSIS-2.jpeg 1080w\" sizes=\"auto, (max-width: 1024px) 100vw, 1024px\" \/><\/figure>\n<\/div>\n\n\n<p>Hace tres cuartos de siglo, la pantalla de televisi\u00f3n se encendi\u00f3 por primera vez en el pa\u00eds, marcando el inicio de una nueva forma de comunicar, educar y entretener. Desde entonces, la TVC ha evolucionado profundamente, pasando del blanco y negro al color, de emisiones anal\u00f3gicas a se\u00f1ales digitales, adapt\u00e1ndose a los avances tecnol\u00f3gicos y a las nuevas formas de consumo audiovisual.<\/p>\n\n\n\n<p>Este encuentro representa una oportunidad \u00fanica para renovar el compromiso con un medio que no solo informa y entretiene, sino que tambi\u00e9n educa, inspira y contribuye al desarrollo social.<\/p>\n\n\n\n<p>TV Morfosis La Habana busca consolidar un proyecto visionario que impulse el desarrollo de la TVC, en sinton\u00eda con los tiempos actuales y siempre ligado a las profundas ra\u00edces que han marcado su trayectoria durante 75 a\u00f1os.<\/p>\n\n\n\n<figure class=\"wp-block-video\"><video height=\"720\" style=\"aspect-ratio: 1280 \/ 720;\" width=\"1280\" controls src=\"https:\/\/www.ics.gob.cu\/wp-content\/uploads\/2025\/09\/SPOT-TVMORFOSIS-CUBA-2025.mp4\"><\/video><\/figure>\n\n\n\n<p><\/p>\n<div class=\"pld-like-dislike-wrap pld-template-1\">\r\n    <div class=\"pld-like-wrap  pld-common-wrap\">\r\n    <a href=\"javascript:void(0)\" class=\"pld-like-trigger pld-like-dislike-trigger\" title=\"\" data-post-id=\"8302\" data-trigger-type=\"like\" data-restriction=\"cookie\" data-already-liked=\"0\">\r\n                        <i class=\"fas fa-thumbs-up\"><\/i>\r\n                <\/a>\r\n    <span class=\"pld-like-count-wrap pld-count-wrap\">0    <\/span>\r\n<\/div><div class=\"pld-dislike-wrap  pld-common-wrap\">\r\n    <a href=\"javascript:void(0)\" class=\"pld-dislike-trigger pld-like-dislike-trigger\" title=\"\" data-post-id=\"8302\" data-trigger-type=\"dislike\" data-restriction=\"cookie\" data-already-liked=\"0\">\r\n                        <i class=\"fas fa-thumbs-down\"><\/i>\r\n                <\/a>\r\n    <span class=\"pld-dislike-count-wrap pld-count-wrap\">0<\/span>\r\n<\/div><\/div>","protected":false},"excerpt":{"rendered":"<p>Del 30 de septiembre al 1. \u00ba de octubre pr\u00f3ximos, La Habana ser\u00e1 sede de TVMorfosis Cuba 2025, programa te\u00f3rico presencial que reunir\u00e1 a especialistas internacionales y cubanos para debatir y compartir ideas sobre el rol actual y futuro de la televisi\u00f3n cubana. Con sede en el Hotel Parque Central y bajo la premisa de [&hellip;]<\/p>\n","protected":false},"author":7,"featured_media":8303,"comment_status":"open","ping_status":"closed","sticky":false,"template":"","format":"standard","meta":{"_bbp_topic_count":0,"_bbp_reply_count":0,"_bbp_total_topic_count":0,"_bbp_total_reply_count":0,"_bbp_voice_count":0,"_bbp_anonymous_reply_count":0,"_bbp_topic_count_hidden":0,"_bbp_reply_count_hidden":0,"_bbp_forum_subforum_count":0,"_glsr_average":0,"_glsr_ranking":0,"_glsr_reviews":0,"footnotes":""},"categories":[11,10],"tags":[47,7,39,76],"class_list":["post-8302","post","type-post","status-publish","format-standard","has-post-thumbnail","hentry","category-internacionales","category-nacionales","tag-comunicacion-social","tag-cuba","tag-ics","tag-television-cubana"],"acf":[],"_links":{"self":[{"href":"https:\/\/www.ics.gob.cu\/en\/wp-json\/wp\/v2\/posts\/8302","targetHints":{"allow":["GET"]}}],"collection":[{"href":"https:\/\/www.ics.gob.cu\/en\/wp-json\/wp\/v2\/posts"}],"about":[{"href":"https:\/\/www.ics.gob.cu\/en\/wp-json\/wp\/v2\/types\/post"}],"author":[{"embeddable":true,"href":"https:\/\/www.ics.gob.cu\/en\/wp-json\/wp\/v2\/users\/7"}],"replies":[{"embeddable":true,"href":"https:\/\/www.ics.gob.cu\/en\/wp-json\/wp\/v2\/comments?post=8302"}],"version-history":[{"count":2,"href":"https:\/\/www.ics.gob.cu\/en\/wp-json\/wp\/v2\/posts\/8302\/revisions"}],"predecessor-version":[{"id":8307,"href":"https:\/\/www.ics.gob.cu\/en\/wp-json\/wp\/v2\/posts\/8302\/revisions\/8307"}],"wp:featuredmedia":[{"embeddable":true,"href":"https:\/\/www.ics.gob.cu\/en\/wp-json\/wp\/v2\/media\/8303"}],"wp:attachment":[{"href":"https:\/\/www.ics.gob.cu\/en\/wp-json\/wp\/v2\/media?parent=8302"}],"wp:term":[{"taxonomy":"category","embeddable":true,"href":"https:\/\/www.ics.gob.cu\/en\/wp-json\/wp\/v2\/categories?post=8302"},{"taxonomy":"post_tag","embeddable":true,"href":"https:\/\/www.ics.gob.cu\/en\/wp-json\/wp\/v2\/tags?post=8302"}],"curies":[{"name":"wp","href":"https:\/\/api.w.org\/{rel}","templated":true}]}}