{"id":8363,"date":"2025-09-30T21:31:09","date_gmt":"2025-09-30T21:31:09","guid":{"rendered":"https:\/\/www.ics.gob.cu\/?p=8363"},"modified":"2025-09-30T22:01:13","modified_gmt":"2025-09-30T22:01:13","slug":"cuba-tv-morfosis-2025-apuesta-por-una-mejor-tv-por-y-para-nuestros-pueblos","status":"publish","type":"post","link":"https:\/\/www.ics.gob.cu\/en\/cuba-tv-morfosis-2025-apuesta-por-una-mejor-tv-por-y-para-nuestros-pueblos\/","title":{"rendered":"Sesiona Cuba TV Morfosis 2025: por una mejor TV por y para nuestros pueblos"},"content":{"rendered":"<div class=\"pdfprnt-buttons pdfprnt-buttons-post pdfprnt-top-right\"><a href=\"https:\/\/www.ics.gob.cu\/en\/wp-json\/wp\/v2\/posts\/8363?print=print\" class=\"pdfprnt-button pdfprnt-button-print\" target=\"_blank\" ><img decoding=\"async\" src=\"https:\/\/www.ics.gob.cu\/wp-content\/plugins\/pdf-print\/images\/print.png\" alt=\"image_print\" title=\"Print Content\" \/><\/a><\/div>\n<p>Como una oportunidad y una apuesta por continuar desarrollando la televisi\u00f3n en medio de obst\u00e1culos y adversidades sin precedentes y continuar articulando esfuerzos en defensa de Am\u00e9rica Latina y el Caribe, calific\u00f3 el Director General de la Televisi\u00f3n Cubana, Jos\u00e9 Carlos Zaragoza, la realizaci\u00f3n en la Habana de Cuba TV Morfosis 2025, que tuvo su sesi\u00f3n inaugural en la ma\u00f1ana de este martes con la presencia del vicepresidente primero del ICS, Onelio Castillo Corder\u00ed.<\/p>\n\n\n\n<p>En el encuentro, que en esta ocasi\u00f3n rinde homenaje al aniversario 75 de la televisi\u00f3n cubana, participan te\u00f3ricos y especialistas de varios pa\u00edses para intercambiar, dialogar, construir colectivamente y \u2013 al decir de Zaragoza \u2013 compartir saberes y afectos. <\/p>\n\n\n\n<p>Al dar la bienvenida a los participantes, el Director de la TV cubana, asegur\u00f3 que en las \u00faltimas d\u00e9cadas el sector audiovisual ha experimentado diversos cambios con el prop\u00f3sito de recolocarse en el entorno de los imparables avances de las tecnolog\u00edas de la informaci\u00f3n y la comunicaci\u00f3n y ha resultado impostergable reajustar los modelos tradicionales de gesti\u00f3n de la comunicaci\u00f3n a un modelo de convergencia medi\u00e1tica y reconfiguraci\u00f3n de incontables facilidades de comunicaci\u00f3n v\u00eda digital.<\/p>\n\n\n\n<figure class=\"wp-block-image size-full\"><img loading=\"lazy\" decoding=\"async\" width=\"1020\" height=\"460\" src=\"https:\/\/www.ics.gob.cu\/wp-content\/uploads\/2025\/09\/1000514004.jpg\" alt=\"\" class=\"wp-image-8369\" srcset=\"https:\/\/www.ics.gob.cu\/wp-content\/uploads\/2025\/09\/1000514004.jpg 1020w, https:\/\/www.ics.gob.cu\/wp-content\/uploads\/2025\/09\/1000514004-300x135.jpg 300w, https:\/\/www.ics.gob.cu\/wp-content\/uploads\/2025\/09\/1000514004-768x346.jpg 768w\" sizes=\"auto, (max-width: 1020px) 100vw, 1020px\" \/><\/figure>\n\n\n\n<p>\u201cEn el actual escenario, la comunicaci\u00f3n irrumpen nuevas narrativas que rompen canones y proponen est\u00e9ticas diferentes signadas por la transmedialidad. La era digital nos impone urgencias m\u00e1s all\u00e1 del contexto f\u00edsico, por lo que se hace imprescindible el uso \u00e9tico y responsable de las tecnolog\u00edas de la comunicaci\u00f3n y la informaci\u00f3n. Los formatos televisivos no han caducado, migran en otros espacios y plataformas, con esquemas mejor acotados por los p\u00fablicos consumidores\u201d, se\u00f1al\u00f3.<\/p>\n\n\n\n<p>Record\u00f3, adem\u00e1s, que Cuba enfrenta una complej\u00edsima situaci\u00f3n como consecuencia del bloqueo econ\u00f3mico, comercial y financiero impuesto por Estados Unidos hace m\u00e1s de 60 a\u00f1os, una pol\u00edtica injusta que afecta el nivel de vida de nuestro pueblo y su desarrollo, acompa\u00f1ado de una intensa guerra medi\u00e1tica que manipula nuestra realidad e intenta imponer patrones y desestabilizar internamente al pa\u00eds y con ello, al modelo pol\u00edtico y econ\u00f3mico por el que hemos apostado soberanamente.<\/p>\n\n\n\n<p>Asimismo, agradeci\u00f3 la elecci\u00f3n de Cuba para este tipo de encuentro, lo cual denota la dosis de confianza y reconocimiento hacia nuestro pa\u00eds, tambi\u00e9n a los que lo presenciar\u00e1n por streaming, a canales de la televisi\u00f3n iberoamericana que participar\u00e1n desde la distancia, as\u00ed como a la Universidad de Guadalajara en M\u00e9xico y la Asociaci\u00f3n de televisiones Educativas y Culturales y Iberoamericanas, impulsores de TV Morfosis desde su primera edici\u00f3n. <\/p>\n\n\n\n<p>Por su parte, la Presidenta de la Asociaci\u00f3n de las Televisiones Educativas y Culturales Iberoamericanas (ATEI), Alexandra Falla, al hacer uso de la palabra, dijo que ha sido muy importante la revitalizaci\u00f3n de Cuba en este espacio de cooperaci\u00f3n internacional en el que se logran fortalecer parrillas de programaci\u00f3n a trav\u00e9s de intercambios, coproducciones y \u201ctambi\u00e9n nos unimos para hacer investigaciones, para generar espacios acad\u00e9micos como el que hoy nos da cita nuevamente\u201d.<\/p>\n\n\n\n<figure class=\"wp-block-embed is-type-rich is-provider-x-formerly-twitter wp-block-embed-x-formerly-twitter\"><div class=\"wp-block-embed__wrapper\">\n<blockquote class=\"embedly-card\" data-card-controls=\"1\" data-card-align=\"center\" data-card-theme=\"light\"><h4><a href=\"https:\/\/twitter.com\/IcsCuba\/status\/1973051745317060852?t=WMyRYHdcjlGyluoMMAKcvA&#038;s=19\">Instituto de Informaci\u00f3n y Comunicaci\u00f3n Social on X (formerly Twitter): \u00abEn esta primera jornada, la presidente de ATEI entreg\u00f3 una Placa Conmemorativa en homenaje al aniversario 75 de la @tv_cubana y a su vez, recibi\u00f3 el Sello que entrega nuestra televisi\u00f3n a personalidades e instituciones que han contribuido o colaborado con ella en estos a\u00f1os pic.twitter.com\/I4vOPvf3he \/ X\u00bb<\/a><\/h4><p>En esta primera jornada, la presidente de ATEI entreg\u00f3 una Placa Conmemorativa en homenaje al aniversario 75 de la @tv_cubana y a su vez, recibi\u00f3 el Sello que entrega nuestra televisi\u00f3n a personalidades e instituciones que han contribuido o colaborado con ella en estos a\u00f1os pic.twitter.com\/I4vOPvf3he<\/p><\/blockquote><script async src=\"\/\/cdn.embedly.com\/widgets\/platform.js\" charset=\"UTF-8\"><\/script>\n<\/div><\/figure>\n\n\n\n<p>Falla signific\u00f3 la labor del ICS en materia comunicacional e hizo entrega \u2013en nombre de ATEI &#8211; de una tarja conmemorativa por el aniversario 75 de la televisi\u00f3n cubana, \u201cun homenaje a su compromiso hist\u00f3rico con la cultura y con la educaci\u00f3n de nuestros pueblos\u201d. <\/p>\n\n\n\n<p>El hecho fue reciprocado con la entrega a la Presidenta de la Asociaci\u00f3n de las Televisiones Educativas y Culturales Iberoamericanas, del Sello conmemorativo que durante estas jornadas de celebraci\u00f3n est\u00e1 entregado la TV cubana a personalidades e instituciones que han apoyado o colaborado por a\u00f1os en su decisiva labor. <\/p>\n\n\n\n<p>Durante esta primera jornada tuvo lugar la Conferencia Magistral sobre los aportes de la televisi\u00f3n cubana a la colombiana, as\u00ed como un panel dedicado a la historia que nos ha traido hasta aqu\u00ed: \u201cDe la TV anal\u00f3gica a la digital\u201d. <\/p>\n\n\n\n<p>Estos y otros temas centrar\u00e1n los dos d\u00edas de este encuentro en el que tambi\u00e9n se dialogar\u00e1 sobre nuevos formatos, las fake news en la narrativa transmedi\u00e1tica, la inteligencia artificial, la TV como instrumento de divulgaci\u00f3n cient\u00edfica, entre otros.Los asistentes visitar\u00e1n tambi\u00e9n lugares hist\u00f3ricos y culturales de la capital cubana y se firmar\u00e1n nuevos convenios de colaboraci\u00f3n.<\/p>\n<div class=\"pld-like-dislike-wrap pld-template-1\">\r\n    <div class=\"pld-like-wrap  pld-common-wrap\">\r\n    <a href=\"javascript:void(0)\" class=\"pld-like-trigger pld-like-dislike-trigger\" title=\"\" data-post-id=\"8363\" data-trigger-type=\"like\" data-restriction=\"cookie\" data-already-liked=\"0\">\r\n                        <i class=\"fas fa-thumbs-up\"><\/i>\r\n                <\/a>\r\n    <span class=\"pld-like-count-wrap pld-count-wrap\">0    <\/span>\r\n<\/div><div class=\"pld-dislike-wrap  pld-common-wrap\">\r\n    <a href=\"javascript:void(0)\" class=\"pld-dislike-trigger pld-like-dislike-trigger\" title=\"\" data-post-id=\"8363\" data-trigger-type=\"dislike\" data-restriction=\"cookie\" data-already-liked=\"0\">\r\n                        <i class=\"fas fa-thumbs-down\"><\/i>\r\n                <\/a>\r\n    <span class=\"pld-dislike-count-wrap pld-count-wrap\">0<\/span>\r\n<\/div><\/div>","protected":false},"excerpt":{"rendered":"<p>Como una oportunidad y una apuesta por continuar desarrollando la televisi\u00f3n en medio de obst\u00e1culos y adversidades sin precedentes y continuar articulando esfuerzos en defensa de Am\u00e9rica Latina y el Caribe, calific\u00f3 el Director General de la Televisi\u00f3n Cubana, Jos\u00e9 Carlos Zaragoza, la realizaci\u00f3n en la Habana de Cuba TV Morfosis 2025, que tuvo su [&hellip;]<\/p>\n","protected":false},"author":7,"featured_media":8364,"comment_status":"open","ping_status":"closed","sticky":false,"template":"","format":"standard","meta":{"_bbp_topic_count":0,"_bbp_reply_count":0,"_bbp_total_topic_count":0,"_bbp_total_reply_count":0,"_bbp_voice_count":0,"_bbp_anonymous_reply_count":0,"_bbp_topic_count_hidden":0,"_bbp_reply_count_hidden":0,"_bbp_forum_subforum_count":0,"_glsr_average":0,"_glsr_ranking":0,"_glsr_reviews":0,"footnotes":""},"categories":[1],"tags":[47,7,39,76],"class_list":["post-8363","post","type-post","status-publish","format-standard","has-post-thumbnail","hentry","category-uncategorized","tag-comunicacion-social","tag-cuba","tag-ics","tag-television-cubana"],"acf":[],"_links":{"self":[{"href":"https:\/\/www.ics.gob.cu\/en\/wp-json\/wp\/v2\/posts\/8363","targetHints":{"allow":["GET"]}}],"collection":[{"href":"https:\/\/www.ics.gob.cu\/en\/wp-json\/wp\/v2\/posts"}],"about":[{"href":"https:\/\/www.ics.gob.cu\/en\/wp-json\/wp\/v2\/types\/post"}],"author":[{"embeddable":true,"href":"https:\/\/www.ics.gob.cu\/en\/wp-json\/wp\/v2\/users\/7"}],"replies":[{"embeddable":true,"href":"https:\/\/www.ics.gob.cu\/en\/wp-json\/wp\/v2\/comments?post=8363"}],"version-history":[{"count":4,"href":"https:\/\/www.ics.gob.cu\/en\/wp-json\/wp\/v2\/posts\/8363\/revisions"}],"predecessor-version":[{"id":8371,"href":"https:\/\/www.ics.gob.cu\/en\/wp-json\/wp\/v2\/posts\/8363\/revisions\/8371"}],"wp:featuredmedia":[{"embeddable":true,"href":"https:\/\/www.ics.gob.cu\/en\/wp-json\/wp\/v2\/media\/8364"}],"wp:attachment":[{"href":"https:\/\/www.ics.gob.cu\/en\/wp-json\/wp\/v2\/media?parent=8363"}],"wp:term":[{"taxonomy":"category","embeddable":true,"href":"https:\/\/www.ics.gob.cu\/en\/wp-json\/wp\/v2\/categories?post=8363"},{"taxonomy":"post_tag","embeddable":true,"href":"https:\/\/www.ics.gob.cu\/en\/wp-json\/wp\/v2\/tags?post=8363"}],"curies":[{"name":"wp","href":"https:\/\/api.w.org\/{rel}","templated":true}]}}