{"id":8375,"date":"2025-10-02T17:23:41","date_gmt":"2025-10-02T17:23:41","guid":{"rendered":"https:\/\/www.ics.gob.cu\/?p=8375"},"modified":"2025-10-02T18:02:21","modified_gmt":"2025-10-02T18:02:21","slug":"municipio-cotorro-sede-de-intercambio-de-buenas-practicas-sobre-publicidad-y-el-patrocinio","status":"publish","type":"post","link":"https:\/\/www.ics.gob.cu\/en\/municipio-cotorro-sede-de-intercambio-de-buenas-practicas-sobre-publicidad-y-el-patrocinio\/","title":{"rendered":"Municipio Cotorro: sede de intercambio de buenas pr\u00e1cticas sobre publicidad\u00a0y\u00a0el\u00a0patrocinio"},"content":{"rendered":"<div class=\"pdfprnt-buttons pdfprnt-buttons-post pdfprnt-top-right\"><a href=\"https:\/\/www.ics.gob.cu\/en\/wp-json\/wp\/v2\/posts\/8375?print=print\" class=\"pdfprnt-button pdfprnt-button-print\" target=\"_blank\" ><img decoding=\"async\" src=\"https:\/\/www.ics.gob.cu\/wp-content\/plugins\/pdf-print\/images\/print.png\" alt=\"image_print\" title=\"Print Content\" \/><\/a><\/div>\n<p>Los encuentros con los actores econ\u00f3micos no estatales de la capital, se han consolidado como espacios de di\u00e1logo y consulta para abordar las principales inquietudes y temas relacionados con la regulaci\u00f3n<br>publicitaria y el patrocinio en Cuba.<\/p>\n\n\n\n<p><br>Esta semana en el municipio Cotorro el intercambio se centr\u00f3 en los temas relacionados con el patrocinio y sus particularidades en los eventos, los procesos de contrataci\u00f3n y la publicidad en la v\u00eda p\u00fablica.<\/p>\n\n\n\n<p><br>Sobre esto \u00faltimo se enfatiz\u00f3 en la necesidad de una mayor articulaci\u00f3n entre los organismos que intervienen en la aprobaci\u00f3n de carteles en exteriores.<\/p>\n\n\n\n<figure class=\"wp-block-image size-large\"><img loading=\"lazy\" decoding=\"async\" width=\"1024\" height=\"450\" src=\"https:\/\/www.ics.gob.cu\/wp-content\/uploads\/2025\/10\/Imagen-de-WhatsApp-2025-10-02-a-las-12.51.53_5559e869-1024x450.jpg\" alt=\"\" class=\"wp-image-8376\" srcset=\"https:\/\/www.ics.gob.cu\/wp-content\/uploads\/2025\/10\/Imagen-de-WhatsApp-2025-10-02-a-las-12.51.53_5559e869-1024x450.jpg 1024w, https:\/\/www.ics.gob.cu\/wp-content\/uploads\/2025\/10\/Imagen-de-WhatsApp-2025-10-02-a-las-12.51.53_5559e869-300x132.jpg 300w, https:\/\/www.ics.gob.cu\/wp-content\/uploads\/2025\/10\/Imagen-de-WhatsApp-2025-10-02-a-las-12.51.53_5559e869-768x337.jpg 768w, https:\/\/www.ics.gob.cu\/wp-content\/uploads\/2025\/10\/Imagen-de-WhatsApp-2025-10-02-a-las-12.51.53_5559e869.jpg 1040w\" sizes=\"auto, (max-width: 1024px) 100vw, 1024px\" \/><\/figure>\n\n\n\n<p><br>De esta forma no solo se gana en claridad en lo regulado, sino tambi\u00e9n se comparten y socializan ejemplos de buenas pr\u00e1cticas y se orienta a los distintos actores econ\u00f3micos sobre c\u00f3mo operar dentro del marco legal establecido por la Ley 162\/2023 \u201cDe Comunicaci\u00f3n Social\u201d y el Decreto 102\/2024 Reglamento para el ejercicio de la publicidad y el patrocinio.<\/p>\n\n\n\n<p><br>El intercambio sistem\u00e1tico fortalece la transparencia, el conocimiento de la ley y la cultura del sector en estas pr\u00e1cticas comunicativas, contribuyendo a un desarrollo ordenado, paulatino y responsable de la publicidad y&nbsp;el&nbsp;patrocinio.<\/p>\n\n\n\n<figure class=\"wp-block-image size-full\"><img loading=\"lazy\" decoding=\"async\" width=\"2048\" height=\"1536\" src=\"https:\/\/www.ics.gob.cu\/wp-content\/uploads\/2025\/10\/Imagen-de-WhatsApp-2025-10-02-a-las-13.05.54_7f56f1dd.jpg\" alt=\"\" class=\"wp-image-8378\" srcset=\"https:\/\/www.ics.gob.cu\/wp-content\/uploads\/2025\/10\/Imagen-de-WhatsApp-2025-10-02-a-las-13.05.54_7f56f1dd.jpg 2048w, https:\/\/www.ics.gob.cu\/wp-content\/uploads\/2025\/10\/Imagen-de-WhatsApp-2025-10-02-a-las-13.05.54_7f56f1dd-300x225.jpg 300w, https:\/\/www.ics.gob.cu\/wp-content\/uploads\/2025\/10\/Imagen-de-WhatsApp-2025-10-02-a-las-13.05.54_7f56f1dd-1024x768.jpg 1024w, https:\/\/www.ics.gob.cu\/wp-content\/uploads\/2025\/10\/Imagen-de-WhatsApp-2025-10-02-a-las-13.05.54_7f56f1dd-768x576.jpg 768w, https:\/\/www.ics.gob.cu\/wp-content\/uploads\/2025\/10\/Imagen-de-WhatsApp-2025-10-02-a-las-13.05.54_7f56f1dd-1536x1152.jpg 1536w\" sizes=\"auto, (max-width: 2048px) 100vw, 2048px\" \/><\/figure>\n<div class=\"pld-like-dislike-wrap pld-template-1\">\r\n    <div class=\"pld-like-wrap  pld-common-wrap\">\r\n    <a href=\"javascript:void(0)\" class=\"pld-like-trigger pld-like-dislike-trigger\" title=\"\" data-post-id=\"8375\" data-trigger-type=\"like\" data-restriction=\"cookie\" data-already-liked=\"0\">\r\n                        <i class=\"fas fa-thumbs-up\"><\/i>\r\n                <\/a>\r\n    <span class=\"pld-like-count-wrap pld-count-wrap\">0    <\/span>\r\n<\/div><div class=\"pld-dislike-wrap  pld-common-wrap\">\r\n    <a href=\"javascript:void(0)\" class=\"pld-dislike-trigger pld-like-dislike-trigger\" title=\"\" data-post-id=\"8375\" data-trigger-type=\"dislike\" data-restriction=\"cookie\" data-already-liked=\"0\">\r\n                        <i class=\"fas fa-thumbs-down\"><\/i>\r\n                <\/a>\r\n    <span class=\"pld-dislike-count-wrap pld-count-wrap\">0<\/span>\r\n<\/div><\/div>","protected":false},"excerpt":{"rendered":"<p>Los encuentros con los actores econ\u00f3micos no estatales de la capital, se han consolidado como espacios de di\u00e1logo y consulta para abordar las principales inquietudes y temas relacionados con la regulaci\u00f3npublicitaria y el patrocinio en Cuba. Esta semana en el municipio Cotorro el intercambio se centr\u00f3 en los temas relacionados con el patrocinio y sus [&hellip;]<\/p>\n","protected":false},"author":7,"featured_media":8377,"comment_status":"open","ping_status":"closed","sticky":false,"template":"","format":"standard","meta":{"_bbp_topic_count":0,"_bbp_reply_count":0,"_bbp_total_topic_count":0,"_bbp_total_reply_count":0,"_bbp_voice_count":0,"_bbp_anonymous_reply_count":0,"_bbp_topic_count_hidden":0,"_bbp_reply_count_hidden":0,"_bbp_forum_subforum_count":0,"_glsr_average":0,"_glsr_ranking":0,"_glsr_reviews":0,"footnotes":""},"categories":[10],"tags":[65],"class_list":["post-8375","post","type-post","status-publish","format-standard","has-post-thumbnail","hentry","category-nacionales","tag-publicidad-y-patrocinio"],"acf":[],"_links":{"self":[{"href":"https:\/\/www.ics.gob.cu\/en\/wp-json\/wp\/v2\/posts\/8375","targetHints":{"allow":["GET"]}}],"collection":[{"href":"https:\/\/www.ics.gob.cu\/en\/wp-json\/wp\/v2\/posts"}],"about":[{"href":"https:\/\/www.ics.gob.cu\/en\/wp-json\/wp\/v2\/types\/post"}],"author":[{"embeddable":true,"href":"https:\/\/www.ics.gob.cu\/en\/wp-json\/wp\/v2\/users\/7"}],"replies":[{"embeddable":true,"href":"https:\/\/www.ics.gob.cu\/en\/wp-json\/wp\/v2\/comments?post=8375"}],"version-history":[{"count":7,"href":"https:\/\/www.ics.gob.cu\/en\/wp-json\/wp\/v2\/posts\/8375\/revisions"}],"predecessor-version":[{"id":8385,"href":"https:\/\/www.ics.gob.cu\/en\/wp-json\/wp\/v2\/posts\/8375\/revisions\/8385"}],"wp:featuredmedia":[{"embeddable":true,"href":"https:\/\/www.ics.gob.cu\/en\/wp-json\/wp\/v2\/media\/8377"}],"wp:attachment":[{"href":"https:\/\/www.ics.gob.cu\/en\/wp-json\/wp\/v2\/media?parent=8375"}],"wp:term":[{"taxonomy":"category","embeddable":true,"href":"https:\/\/www.ics.gob.cu\/en\/wp-json\/wp\/v2\/categories?post=8375"},{"taxonomy":"post_tag","embeddable":true,"href":"https:\/\/www.ics.gob.cu\/en\/wp-json\/wp\/v2\/tags?post=8375"}],"curies":[{"name":"wp","href":"https:\/\/api.w.org\/{rel}","templated":true}]}}