{"id":8410,"date":"2025-10-03T19:39:42","date_gmt":"2025-10-03T19:39:42","guid":{"rendered":"https:\/\/www.ics.gob.cu\/?p=8410"},"modified":"2025-10-06T14:58:12","modified_gmt":"2025-10-06T14:58:12","slug":"pensar-la-comunicacion-desde-la-ciencia-y-la-innovacion","status":"publish","type":"post","link":"https:\/\/www.ics.gob.cu\/en\/pensar-la-comunicacion-desde-la-ciencia-y-la-innovacion\/","title":{"rendered":"Pensar  la comunicaci\u00f3n desde la ciencia y la innovaci\u00f3n"},"content":{"rendered":"<div class=\"pdfprnt-buttons pdfprnt-buttons-post pdfprnt-top-right\"><a href=\"https:\/\/www.ics.gob.cu\/en\/wp-json\/wp\/v2\/posts\/8410?print=print\" class=\"pdfprnt-button pdfprnt-button-print\" target=\"_blank\" ><img decoding=\"async\" src=\"https:\/\/www.ics.gob.cu\/wp-content\/plugins\/pdf-print\/images\/print.png\" alt=\"image_print\" title=\"Print Content\" \/><\/a><\/div>\n<p>El Primer Programa de Investigaci\u00f3n Cient\u00edfica que se aprueba en Cuba para investigar e innovar en Comunicaci\u00f3n Social ya es un hecho. <\/p>\n\n\n\n<p>En la ma\u00f1ana de este viernes, en la Sala Che del Instituto de Informaci\u00f3n y Comunicaci\u00f3n Social (ICS) tuvo lugar la conferencia de prensa para explicar a los medios fundamentales de comunicaci\u00f3n lo referente al <a href=\"https:\/\/www.ics.gob.cu\/en\/programa-sectorial-de-ciencia-e-innovacion\/\">Programa Sectorial de Ciencia, Tecnolog\u00eda e Innovaci\u00f3n: La Comunicaci\u00f3n Social como pilar de la gesti\u00f3n de gobierno en Cuba<\/a>.<\/p>\n\n\n\n<p>Presentes all\u00ed el Vicepresidente Primero del ICS Onelio Castillo Corder\u00ed, la Directora de Ciencia e Innovaci\u00f3n Mariluz Le\u00f3n \u00c1vila y la Doctora en Ciencias de la Comunicaci\u00f3n Hilda Saldrigas.<\/p>\n\n\n\n<p>Dirigido por el ICS y gestionado por su Escuela Ramal, el Programa demuestra el trabajo de un colectivo de profesionales de la Comunicaci\u00f3n Social comprometidos con el desarrollo del pa\u00eds; al brindar una herramienta cient\u00edfica de participaci\u00f3n nacional.<\/p>\n\n\n\n<figure class=\"wp-block-gallery has-nested-images columns-default is-cropped wp-block-gallery-1 is-layout-flex wp-block-gallery-is-layout-flex\">\n<figure class=\"wp-block-image size-large\"><img loading=\"lazy\" decoding=\"async\" width=\"1024\" height=\"462\" data-id=\"8616\" src=\"https:\/\/www.ics.gob.cu\/wp-content\/uploads\/2025\/10\/50782-1024x462.jpg\" alt=\"\" class=\"wp-image-8616\" srcset=\"https:\/\/www.ics.gob.cu\/wp-content\/uploads\/2025\/10\/50782-1024x462.jpg 1024w, https:\/\/www.ics.gob.cu\/wp-content\/uploads\/2025\/10\/50782-300x135.jpg 300w, https:\/\/www.ics.gob.cu\/wp-content\/uploads\/2025\/10\/50782-768x346.jpg 768w, https:\/\/www.ics.gob.cu\/wp-content\/uploads\/2025\/10\/50782.jpg 1080w\" sizes=\"auto, (max-width: 1024px) 100vw, 1024px\" \/><\/figure>\n<\/figure>\n\n\n\n<p>\u00abEste proyecto se inscribe en una prioridad definida en la Ley de Comunicaci\u00f3n Social, en su cap\u00edtulo 12 que establece la necesidad de fomentar el desarrollo de la comunicaci\u00f3n social en el pa\u00eds en di\u00e1logo con la ciencia, la tecnolog\u00eda y la innovaci\u00f3n, (&#8230;) estamos hablando de la necesidad en la Cuba de hoy de pensar la comunicaci\u00f3n desde la ciencia y la innovaci\u00f3n. Es un imperativo ante los grandes cambios que se est\u00e1n produciendo en el ecosistema medi\u00e1tico as\u00ed como el devenir de la tecnolog\u00eda que hace obligatorio el desarrollo en este campo\u00bb, expres\u00f3 Castillo Corder\u00ed.<\/p>\n\n\n\n<p>Dirigir proyectos de investigaci\u00f3n, desarrollo e innovaci\u00f3n que con car\u00e1cter dial\u00e9ctico fundamenten propuestas de soluciones a los problemas planteados por los procesos comunicativos sociales transversales a la actividad econ\u00f3mica, pol\u00edtica y cultural del pa\u00eds en los diferentes \u00e1mbitos, niveles y espacios donde tienen lugar; mediante una gesti\u00f3n sist\u00e9mica, integrada y estrat\u00e9gica que consolide la Comunicaci\u00f3n Social como un pilar de la gesti\u00f3n de gobierno, son los objetivos espec\u00edficos del Programa Sectorial, que se convoca a solo un a\u00f1o de la entrada en vigor de la Ley 162\/2023 \u201cDe Comunicaci\u00f3n Social\u201d y sus disposiciones normativas complementarias.<\/p>\n\n\n\n<figure class=\"wp-block-gallery has-nested-images columns-default is-cropped wp-block-gallery-2 is-layout-flex wp-block-gallery-is-layout-flex\">\n<figure class=\"wp-block-image size-large\"><img loading=\"lazy\" decoding=\"async\" width=\"720\" height=\"824\" data-id=\"8617\" src=\"https:\/\/www.ics.gob.cu\/wp-content\/uploads\/2025\/10\/50780.jpg\" alt=\"\" class=\"wp-image-8617\" srcset=\"https:\/\/www.ics.gob.cu\/wp-content\/uploads\/2025\/10\/50780.jpg 720w, https:\/\/www.ics.gob.cu\/wp-content\/uploads\/2025\/10\/50780-262x300.jpg 262w\" sizes=\"auto, (max-width: 720px) 100vw, 720px\" \/><\/figure>\n<\/figure>\n\n\n\n<p>Sobre la significaci\u00f3n y la actualidad de este proyecto reflexiono la Directora de Ciencia e Innovaci\u00f3n del Instituto: \u00abEste programa sectorial es clave para el desarrollo de una sociedad cubana cada vez m\u00e1s plural en la que &#8211; atendiendo a m\u00e9todos de la ciencia y la innovaci\u00f3n &#8211; se pueden  intencionar proyectos que deriven en propuestas de una ciudadan\u00eda m\u00e1s activa, que participe como sujeto colectivo, que permita gestar e impulsar iniciativas transformadoras desde un activismo comprometido con el ejercicio pleno de sus derechos, desde la equidad y el desarrollo sostenible, dise\u00f1ar y evaluar mecanismos y espacios para participar en la toma de decisiones y exigir el buen funcionamiento de la institucionalidad\u00bb.<\/p>\n\n\n\n<p>\u00abAsimismo, permitir\u00e1  el despliegue de estrategias y capacidades de gobiernos, instituciones, organizaciones, actores econ\u00f3micos y la ciudadan\u00eda para asegurar que la toma de decisiones y la gesti\u00f3n sean procesos m\u00e1s efectivos, colaborativos, concertados y en consecuencia, m\u00e1s acertados y justos en su respuesta a las necesidades y las aspiraciones de la poblaci\u00f3n y a los retos de cada contexto\u00bb, agreg\u00f3 la directiva del ICS.<\/p>\n\n\n\n<p>Los Proyectos de Investigaci\u00f3n e Innovaci\u00f3n pueden ser presentados por una amplia gama de actores que incluye desde profesionales de los medios de comunicaci\u00f3n social, organismos, organizaciones y entidades relacionadas con la comunicaci\u00f3n social, centros de estudio e investigaci\u00f3n, universidades de todo el pa\u00eds y hasta representantes de diversas formas de gesti\u00f3n econ\u00f3mica.<\/p>\n\n\n\n<p>Al respecto, la Dra en Ciencias Hilda Saladrigas Medina, quien tendr\u00e1 a su cargo la direcci\u00f3n de este Programa Sectorial, coment\u00f3 la necesidad de consultar la convocatoria y los documentos que rigen las normas para la presentaci\u00f3n y aprobaci\u00f3n de proyectos de investigaci\u00f3n.<\/p>\n\n\n\n<p>\u00abCon este Programa no estamos hablando de un inicio, estamos hablando de una continuidad si entendemos que tanto la academia como el antiguo ICRT con sus estudios de medios ya hab\u00edan creado un precedente en temas de investigaci\u00f3n sobre la comunicaci\u00f3n social, implicando tambi\u00e9n otros campos y otras esferas de la sociedad, pero a este nivel de rango y de importancia es el primero que existe en el pa\u00eds\u00bb, expres\u00f3.<\/p>\n\n\n\n<p>La Premio Nacional de Comunicaci\u00f3n Social a\u00f1adi\u00f3 que \u00abeste es un programa sectorial que responde a las directivas que desde el 2019 lanz\u00f3 el Ministerio de Ciencia Tecnolog\u00eda y Medio Ambiente para crear un sistema de ciencia nacional que por primera vez atendiera y retribuyera en cuesti\u00f3n material y espiritual a quienes hicieran investigaciones con prioridades en diversos campod.<\/p>\n\n\n\n<figure class=\"wp-block-gallery has-nested-images columns-default is-cropped wp-block-gallery-3 is-layout-flex wp-block-gallery-is-layout-flex\">\n<figure class=\"wp-block-image size-large\"><img loading=\"lazy\" decoding=\"async\" width=\"1024\" height=\"768\" data-id=\"8411\" src=\"https:\/\/www.ics.gob.cu\/wp-content\/uploads\/2025\/10\/20251003_100821-1024x768.jpg\" alt=\"\" class=\"wp-image-8411\" srcset=\"https:\/\/www.ics.gob.cu\/wp-content\/uploads\/2025\/10\/20251003_100821-1024x768.jpg 1024w, https:\/\/www.ics.gob.cu\/wp-content\/uploads\/2025\/10\/20251003_100821-300x225.jpg 300w, https:\/\/www.ics.gob.cu\/wp-content\/uploads\/2025\/10\/20251003_100821-768x576.jpg 768w, https:\/\/www.ics.gob.cu\/wp-content\/uploads\/2025\/10\/20251003_100821-1536x1152.jpg 1536w, https:\/\/www.ics.gob.cu\/wp-content\/uploads\/2025\/10\/20251003_100821-2048x1536.jpg 2048w\" sizes=\"auto, (max-width: 1024px) 100vw, 1024px\" \/><\/figure>\n<\/figure>\n\n\n\n<p>Destac\u00f3  el papel del ICS  y su papel rector, sobre todo en un escenario nacional e internacional tan complejo,  as\u00ed como su compromiso para determinar, organizar, impulsar y dar soluci\u00f3n a necesidades de corte material pero tambi\u00e9n espiritual con diagn\u00f3sticos bien sustentados, mayor preparaci\u00f3n, capacitaci\u00f3n y que las investigaciones acompa\u00f1en los procesos comunicativos con propuestas reales, concretas, realizables. <\/p>\n\n\n\n<p>\u00abHoy las investigaciones y los estudios sobre comunicaci\u00f3n social son una fortaleza para nuestro pa\u00eds\u00bb, refiri\u00f3. <\/p>\n\n\n\n<p>Saladrigas dijo que el Programa incluye adem\u00e1s del grupo de direcci\u00f3n, a 25 expertos que representan las carreras afines a la comunicaci\u00f3n y a las organizaciones del gremio, lo que demuestra la interdisciplinariedad en el acompa\u00f1amiento a cada proyecto presentado.<\/p>\n\n\n\n<p>Ya esta abierta la convocatoria para la presentaci\u00f3n de proyectos hasta el proximo 9 de enero, que una vez que sean aprobados por la comision de expertos podran contar con respaldo econ\u00f3mico para su desarrollo en el a\u00f1o 2026.<\/p>\n<div class=\"pld-like-dislike-wrap pld-template-1\">\r\n    <div class=\"pld-like-wrap  pld-common-wrap\">\r\n    <a href=\"javascript:void(0)\" class=\"pld-like-trigger pld-like-dislike-trigger\" title=\"\" data-post-id=\"8410\" data-trigger-type=\"like\" data-restriction=\"cookie\" data-already-liked=\"0\">\r\n                        <i class=\"fas fa-thumbs-up\"><\/i>\r\n                <\/a>\r\n    <span class=\"pld-like-count-wrap pld-count-wrap\">1    <\/span>\r\n<\/div><div class=\"pld-dislike-wrap  pld-common-wrap\">\r\n    <a href=\"javascript:void(0)\" class=\"pld-dislike-trigger pld-like-dislike-trigger\" title=\"\" data-post-id=\"8410\" data-trigger-type=\"dislike\" data-restriction=\"cookie\" data-already-liked=\"0\">\r\n                        <i class=\"fas fa-thumbs-down\"><\/i>\r\n                <\/a>\r\n    <span class=\"pld-dislike-count-wrap pld-count-wrap\">0<\/span>\r\n<\/div><\/div>","protected":false},"excerpt":{"rendered":"<p>El Primer Programa de Investigaci\u00f3n Cient\u00edfica que se aprueba en Cuba para investigar e innovar en Comunicaci\u00f3n Social ya es un hecho. En la ma\u00f1ana de este viernes, en la Sala Che del Instituto de Informaci\u00f3n y Comunicaci\u00f3n Social (ICS) tuvo lugar la conferencia de prensa para explicar a los medios fundamentales de comunicaci\u00f3n lo [&hellip;]<\/p>\n","protected":false},"author":10,"featured_media":8618,"comment_status":"open","ping_status":"closed","sticky":false,"template":"","format":"standard","meta":{"_bbp_topic_count":0,"_bbp_reply_count":0,"_bbp_total_topic_count":0,"_bbp_total_reply_count":0,"_bbp_voice_count":0,"_bbp_anonymous_reply_count":0,"_bbp_topic_count_hidden":0,"_bbp_reply_count_hidden":0,"_bbp_forum_subforum_count":0,"_glsr_average":0,"_glsr_ranking":0,"_glsr_reviews":0,"footnotes":""},"categories":[10],"tags":[47,7,39],"class_list":["post-8410","post","type-post","status-publish","format-standard","has-post-thumbnail","hentry","category-nacionales","tag-comunicacion-social","tag-cuba","tag-ics"],"acf":[],"_links":{"self":[{"href":"https:\/\/www.ics.gob.cu\/en\/wp-json\/wp\/v2\/posts\/8410","targetHints":{"allow":["GET"]}}],"collection":[{"href":"https:\/\/www.ics.gob.cu\/en\/wp-json\/wp\/v2\/posts"}],"about":[{"href":"https:\/\/www.ics.gob.cu\/en\/wp-json\/wp\/v2\/types\/post"}],"author":[{"embeddable":true,"href":"https:\/\/www.ics.gob.cu\/en\/wp-json\/wp\/v2\/users\/10"}],"replies":[{"embeddable":true,"href":"https:\/\/www.ics.gob.cu\/en\/wp-json\/wp\/v2\/comments?post=8410"}],"version-history":[{"count":6,"href":"https:\/\/www.ics.gob.cu\/en\/wp-json\/wp\/v2\/posts\/8410\/revisions"}],"predecessor-version":[{"id":8622,"href":"https:\/\/www.ics.gob.cu\/en\/wp-json\/wp\/v2\/posts\/8410\/revisions\/8622"}],"wp:featuredmedia":[{"embeddable":true,"href":"https:\/\/www.ics.gob.cu\/en\/wp-json\/wp\/v2\/media\/8618"}],"wp:attachment":[{"href":"https:\/\/www.ics.gob.cu\/en\/wp-json\/wp\/v2\/media?parent=8410"}],"wp:term":[{"taxonomy":"category","embeddable":true,"href":"https:\/\/www.ics.gob.cu\/en\/wp-json\/wp\/v2\/categories?post=8410"},{"taxonomy":"post_tag","embeddable":true,"href":"https:\/\/www.ics.gob.cu\/en\/wp-json\/wp\/v2\/tags?post=8410"}],"curies":[{"name":"wp","href":"https:\/\/api.w.org\/{rel}","templated":true}]}}