{"id":8648,"date":"2025-10-15T12:37:08","date_gmt":"2025-10-15T12:37:08","guid":{"rendered":"https:\/\/www.ics.gob.cu\/?p=8648"},"modified":"2025-10-15T15:17:13","modified_gmt":"2025-10-15T15:17:13","slug":"una-mirada-al-interior-del-canal-cubano-de-noticias","status":"publish","type":"post","link":"https:\/\/www.ics.gob.cu\/en\/una-mirada-al-interior-del-canal-cubano-de-noticias\/","title":{"rendered":"Una mirada al interior del Canal Cubano de Noticias"},"content":{"rendered":"<div class=\"pdfprnt-buttons pdfprnt-buttons-post pdfprnt-top-right\"><a href=\"https:\/\/www.ics.gob.cu\/en\/wp-json\/wp\/v2\/posts\/8648?print=print\" class=\"pdfprnt-button pdfprnt-button-print\" target=\"_blank\" ><img decoding=\"async\" src=\"https:\/\/www.ics.gob.cu\/wp-content\/plugins\/pdf-print\/images\/print.png\" alt=\"image_print\" title=\"Print Content\" \/><\/a><\/div>\n<p>El presidente del ICS, Alfonso Noya Mart\u00ednez, junto a otros directivos del ICS, sostuvieron este martes un encuentro con una representaci\u00f3n de trabajadores del Canal Cubano de Noticias (Canal Caribe), quienes tienen a su cargo la parrilla informativa de la Televisi\u00f3n cubana. <\/p>\n\n\n\n<p>El periodista L\u00e1zaro Manuel Alonso, director de Pol\u00edtica Editorial del canal, present\u00f3 los avances en el perfeccionamiento del trabajo editorial, chequeado con sistematicidad por la direcci\u00f3n del Instituto. <\/p>\n\n\n\n<figure class=\"wp-block-image size-large\"><img loading=\"lazy\" decoding=\"async\" width=\"1024\" height=\"768\" src=\"https:\/\/www.ics.gob.cu\/wp-content\/uploads\/2025\/10\/IMG_20251014_101407-1024x768.jpg\" alt=\"\" class=\"wp-image-8650\" srcset=\"https:\/\/www.ics.gob.cu\/wp-content\/uploads\/2025\/10\/IMG_20251014_101407-1024x768.jpg 1024w, https:\/\/www.ics.gob.cu\/wp-content\/uploads\/2025\/10\/IMG_20251014_101407-300x225.jpg 300w, https:\/\/www.ics.gob.cu\/wp-content\/uploads\/2025\/10\/IMG_20251014_101407-768x576.jpg 768w, https:\/\/www.ics.gob.cu\/wp-content\/uploads\/2025\/10\/IMG_20251014_101407-1536x1152.jpg 1536w, https:\/\/www.ics.gob.cu\/wp-content\/uploads\/2025\/10\/IMG_20251014_101407-2048x1536.jpg 2048w\" sizes=\"auto, (max-width: 1024px) 100vw, 1024px\" \/><\/figure>\n\n\n\n<p>En el encuentro se insisti\u00f3 en la importancia de mejorar sistem\u00e1ticamente la calidad de los espacios informativos, potenciar los comentarios de temas nacionales e internacionales, as\u00ed como la importancia de una mayor comparecencia de expertos en las emisiones.<\/p>\n\n\n\n<p>Se resalt\u00f3 el esfuerzo del equipo de reporteros, el cual ha conseguido realizar algunos trabajos sobre temas de la agenda p\u00fablica. Sin embargo, se plante\u00f3 la necesidad de recuperar a los integrantes de esta \u00e1rea que constituye fuerza fundamental para que el medio se legitime como l\u00edder de noticias.<\/p>\n\n\n\n<figure class=\"wp-block-image size-large\"><img loading=\"lazy\" decoding=\"async\" width=\"1024\" height=\"768\" src=\"https:\/\/www.ics.gob.cu\/wp-content\/uploads\/2025\/10\/IMG_20251014_114435-1024x768.jpg\" alt=\"\" class=\"wp-image-8651\" srcset=\"https:\/\/www.ics.gob.cu\/wp-content\/uploads\/2025\/10\/IMG_20251014_114435-1024x768.jpg 1024w, https:\/\/www.ics.gob.cu\/wp-content\/uploads\/2025\/10\/IMG_20251014_114435-300x225.jpg 300w, https:\/\/www.ics.gob.cu\/wp-content\/uploads\/2025\/10\/IMG_20251014_114435-768x576.jpg 768w, https:\/\/www.ics.gob.cu\/wp-content\/uploads\/2025\/10\/IMG_20251014_114435-1536x1152.jpg 1536w, https:\/\/www.ics.gob.cu\/wp-content\/uploads\/2025\/10\/IMG_20251014_114435-2048x1536.jpg 2048w\" sizes=\"auto, (max-width: 1024px) 100vw, 1024px\" \/><\/figure>\n\n\n\n<p>La redacci\u00f3n cultural, seg\u00fan se inform\u00f3 y se percibe en cada entrega televisiva, avanza con buen paso, logrando dar cobertura a los principales eventos culturales del pa\u00eds y articular los intereses de las instituciones y manifestaciones del sector.<\/p>\n\n\n\n<p>Por otra parte, se reconoci\u00f3 la organizaci\u00f3n de la redacci\u00f3n deportiva, c\u00f3mo visibilizan los resultados del deporte desde la base, a nivel nacional, las actuaciones de nuestros atletas en la arena internacional y lo mejor del deporte mundial.<\/p>\n\n\n\n<p>Destacaron, adem\u00e1s, el trabajo de los corresponsales en todas las provincias del pa\u00eds, pues han sabido sortear los obst\u00e1culos para dar voz a los territorios e informar eventos que ocurren de \u00faltimo minuto. Estos profesionales tributan diariamente a las emisiones con trabajos period\u00edsticos que responden a la pol\u00edtica editorial del canal y contribuyen a que las provincias y municipios est\u00e9n reflejados en la pantalla.<\/p>\n\n\n\n<figure class=\"wp-block-image size-full\"><img loading=\"lazy\" decoding=\"async\" width=\"810\" height=\"778\" src=\"https:\/\/www.ics.gob.cu\/wp-content\/uploads\/2025\/10\/IMG_20251014_173434.jpg\" alt=\"\" class=\"wp-image-8652\" srcset=\"https:\/\/www.ics.gob.cu\/wp-content\/uploads\/2025\/10\/IMG_20251014_173434.jpg 810w, https:\/\/www.ics.gob.cu\/wp-content\/uploads\/2025\/10\/IMG_20251014_173434-300x288.jpg 300w, https:\/\/www.ics.gob.cu\/wp-content\/uploads\/2025\/10\/IMG_20251014_173434-768x738.jpg 768w\" sizes=\"auto, (max-width: 810px) 100vw, 810px\" \/><\/figure>\n\n\n\n<p>El debate, conducido tambi\u00e9n por el director general de la Televisi\u00f3n, Jos\u00e9 Carlos Zaragoza, y el director general de Canal Caribe, Jorge Luis Cruz Berm\u00fadez, fue una oportunidad id\u00f3nea para repensar las din\u00e1micas del principal canal de noticias cubano. <\/p>\n\n\n\n<p>El medio se encuentra inmerso en un proceso de transformaci\u00f3n editorial y estructural para facilitar los flujos y condiciones laborales y, lo m\u00e1s importante, reconectar con nuestras audiencias y cuando sea posible, aumentar la cantidad de horas de transmisi\u00f3n y diversidad de espacios. <\/p>\n\n\n\n<figure class=\"wp-block-image size-full\"><img loading=\"lazy\" decoding=\"async\" width=\"810\" height=\"700\" src=\"https:\/\/www.ics.gob.cu\/wp-content\/uploads\/2025\/10\/IMG_20251014_173505.jpg\" alt=\"\" class=\"wp-image-8665\" srcset=\"https:\/\/www.ics.gob.cu\/wp-content\/uploads\/2025\/10\/IMG_20251014_173505.jpg 810w, https:\/\/www.ics.gob.cu\/wp-content\/uploads\/2025\/10\/IMG_20251014_173505-300x259.jpg 300w, https:\/\/www.ics.gob.cu\/wp-content\/uploads\/2025\/10\/IMG_20251014_173505-768x664.jpg 768w\" sizes=\"auto, (max-width: 810px) 100vw, 810px\" \/><\/figure>\n\n\n\n<p>Espacios como estos son muy oportunos para realizar una mirada cr\u00edtica y autocr\u00edtica del quehacer de nuestras organizaciones medi\u00e1ticas y en medio de las complejas condiciones en que se labora, enrumbar los caminos y reconocer a los que siguen dando la batalla en funci\u00f3n de ofrecee una comunicaci\u00f3n veraz a nuestro pueblo.<\/p>\n<div class=\"pld-like-dislike-wrap pld-template-1\">\r\n    <div class=\"pld-like-wrap  pld-common-wrap\">\r\n    <a href=\"javascript:void(0)\" class=\"pld-like-trigger pld-like-dislike-trigger\" title=\"\" data-post-id=\"8648\" data-trigger-type=\"like\" data-restriction=\"cookie\" data-already-liked=\"0\">\r\n                        <i class=\"fas fa-thumbs-up\"><\/i>\r\n                <\/a>\r\n    <span class=\"pld-like-count-wrap pld-count-wrap\">0    <\/span>\r\n<\/div><div class=\"pld-dislike-wrap  pld-common-wrap\">\r\n    <a href=\"javascript:void(0)\" class=\"pld-dislike-trigger pld-like-dislike-trigger\" title=\"\" data-post-id=\"8648\" data-trigger-type=\"dislike\" data-restriction=\"cookie\" data-already-liked=\"0\">\r\n                        <i class=\"fas fa-thumbs-down\"><\/i>\r\n                <\/a>\r\n    <span class=\"pld-dislike-count-wrap pld-count-wrap\">0<\/span>\r\n<\/div><\/div>","protected":false},"excerpt":{"rendered":"<p>El presidente del ICS, Alfonso Noya Mart\u00ednez, junto a otros directivos del ICS, sostuvieron este martes un encuentro con una representaci\u00f3n de trabajadores del Canal Cubano de Noticias (Canal Caribe), quienes tienen a su cargo la parrilla informativa de la Televisi\u00f3n cubana. El periodista L\u00e1zaro Manuel Alonso, director de Pol\u00edtica Editorial del canal, present\u00f3 los [&hellip;]<\/p>\n","protected":false},"author":2,"featured_media":8653,"comment_status":"open","ping_status":"closed","sticky":false,"template":"","format":"standard","meta":{"_bbp_topic_count":0,"_bbp_reply_count":0,"_bbp_total_topic_count":0,"_bbp_total_reply_count":0,"_bbp_voice_count":0,"_bbp_anonymous_reply_count":0,"_bbp_topic_count_hidden":0,"_bbp_reply_count_hidden":0,"_bbp_forum_subforum_count":0,"_glsr_average":0,"_glsr_ranking":0,"_glsr_reviews":0,"footnotes":""},"categories":[10],"tags":[47,7,39,76],"class_list":["post-8648","post","type-post","status-publish","format-standard","has-post-thumbnail","hentry","category-nacionales","tag-comunicacion-social","tag-cuba","tag-ics","tag-television-cubana"],"acf":[],"_links":{"self":[{"href":"https:\/\/www.ics.gob.cu\/en\/wp-json\/wp\/v2\/posts\/8648","targetHints":{"allow":["GET"]}}],"collection":[{"href":"https:\/\/www.ics.gob.cu\/en\/wp-json\/wp\/v2\/posts"}],"about":[{"href":"https:\/\/www.ics.gob.cu\/en\/wp-json\/wp\/v2\/types\/post"}],"author":[{"embeddable":true,"href":"https:\/\/www.ics.gob.cu\/en\/wp-json\/wp\/v2\/users\/2"}],"replies":[{"embeddable":true,"href":"https:\/\/www.ics.gob.cu\/en\/wp-json\/wp\/v2\/comments?post=8648"}],"version-history":[{"count":3,"href":"https:\/\/www.ics.gob.cu\/en\/wp-json\/wp\/v2\/posts\/8648\/revisions"}],"predecessor-version":[{"id":8666,"href":"https:\/\/www.ics.gob.cu\/en\/wp-json\/wp\/v2\/posts\/8648\/revisions\/8666"}],"wp:featuredmedia":[{"embeddable":true,"href":"https:\/\/www.ics.gob.cu\/en\/wp-json\/wp\/v2\/media\/8653"}],"wp:attachment":[{"href":"https:\/\/www.ics.gob.cu\/en\/wp-json\/wp\/v2\/media?parent=8648"}],"wp:term":[{"taxonomy":"category","embeddable":true,"href":"https:\/\/www.ics.gob.cu\/en\/wp-json\/wp\/v2\/categories?post=8648"},{"taxonomy":"post_tag","embeddable":true,"href":"https:\/\/www.ics.gob.cu\/en\/wp-json\/wp\/v2\/tags?post=8648"}],"curies":[{"name":"wp","href":"https:\/\/api.w.org\/{rel}","templated":true}]}}