{"id":8655,"date":"2025-10-15T14:58:08","date_gmt":"2025-10-15T14:58:08","guid":{"rendered":"https:\/\/www.ics.gob.cu\/?p=8655"},"modified":"2025-10-15T15:21:44","modified_gmt":"2025-10-15T15:21:44","slug":"designado-jorge-leganoa-alonso-como-nuevo-presidente-de-prensa-latina","status":"publish","type":"post","link":"https:\/\/www.ics.gob.cu\/en\/designado-jorge-leganoa-alonso-como-nuevo-presidente-de-prensa-latina\/","title":{"rendered":"Designado Jorge Lega\u00f1oa Alonso como nuevo presidente de Prensa Latina"},"content":{"rendered":"<div class=\"pdfprnt-buttons pdfprnt-buttons-post pdfprnt-top-right\"><a href=\"https:\/\/www.ics.gob.cu\/en\/wp-json\/wp\/v2\/posts\/8655?print=print\" class=\"pdfprnt-button pdfprnt-button-print\" target=\"_blank\" ><img decoding=\"async\" src=\"https:\/\/www.ics.gob.cu\/wp-content\/plugins\/pdf-print\/images\/print.png\" alt=\"image_print\" title=\"Print Content\" \/><\/a><\/div>\n<p>El periodista Jorge Lega\u00f1oa Alonso, quien se desempe\u00f1aba como vicepresidente del Instituto de Informaci\u00f3n y Comunicaci\u00f3n Social (ICS) fue designado como nuevo presidente de la Agencia Informativa Latinoamericana Prensa Latina.<\/p>\n\n\n\n<p>En nota publicada por la propia Agencia este mi\u00e9rcoles, se refiere que Lega\u00f1oa Alonso tiene 43 a\u00f1os, es graduado de Periodismo en la Universidad de La Habana desde el a\u00f1o 2007 y ha transitado por diferentes responsabilidades, entre ellas, especialista y analista de medios de comunicaci\u00f3n social en el Comit\u00e9 Central del Partido Comunista de Cuba, subdirector de la Agencia Cubana de Noticias de 2014 a 2018 y vicepresidente de la Uni\u00f3n de Periodistas de Cuba de 2018 a 2023.<\/p>\n\n\n\n<figure class=\"wp-block-gallery has-nested-images columns-default is-cropped wp-block-gallery-1 is-layout-flex wp-block-gallery-is-layout-flex\">\n<figure class=\"wp-block-image size-large\"><img loading=\"lazy\" decoding=\"async\" width=\"1024\" height=\"576\" data-id=\"8657\" src=\"https:\/\/www.ics.gob.cu\/wp-content\/uploads\/2025\/10\/60643-1024x576.jpg\" alt=\"\" class=\"wp-image-8657\" srcset=\"https:\/\/www.ics.gob.cu\/wp-content\/uploads\/2025\/10\/60643-1024x576.jpg 1024w, https:\/\/www.ics.gob.cu\/wp-content\/uploads\/2025\/10\/60643-300x169.jpg 300w, https:\/\/www.ics.gob.cu\/wp-content\/uploads\/2025\/10\/60643-768x432.jpg 768w, https:\/\/www.ics.gob.cu\/wp-content\/uploads\/2025\/10\/60643.jpg 1280w\" sizes=\"auto, (max-width: 1024px) 100vw, 1024px\" \/><\/figure>\n<\/figure>\n\n\n\n<p>Como profesional de la comunicaci\u00f3n social ha sido enviado especial a eventos internacionales en varios pa\u00edses, en especial a los di\u00e1logos entre Cuba y Estados Unidos que condujeron al restablecimiento de relaciones diplom\u00e1ticas en 2015.<\/p>\n\n\n\n<p>Ha sido, adem\u00e1s, colaborador de varias publicaciones, simultaneando sus responsabilidades de directivo con las de la profesi\u00f3n period\u00edstica, destac\u00e1ndose como analista de temas internacionales, comentarista en el Noticiero Nacional de Televisi\u00f3n y presentador del programa cinematogr\u00e1fico de corte pol\u00edtico \u00abSolo la Verdad\u00bb.<\/p>\n\n\n\n<figure class=\"wp-block-gallery has-nested-images columns-default is-cropped wp-block-gallery-2 is-layout-flex wp-block-gallery-is-layout-flex\">\n<figure class=\"wp-block-image size-large\"><img loading=\"lazy\" decoding=\"async\" width=\"836\" height=\"472\" data-id=\"8658\" src=\"https:\/\/www.ics.gob.cu\/wp-content\/uploads\/2025\/10\/60641.jpg\" alt=\"\" class=\"wp-image-8658\" srcset=\"https:\/\/www.ics.gob.cu\/wp-content\/uploads\/2025\/10\/60641.jpg 836w, https:\/\/www.ics.gob.cu\/wp-content\/uploads\/2025\/10\/60641-300x169.jpg 300w, https:\/\/www.ics.gob.cu\/wp-content\/uploads\/2025\/10\/60641-768x434.jpg 768w\" sizes=\"auto, (max-width: 836px) 100vw, 836px\" \/><\/figure>\n<\/figure>\n\n\n\n<p>Se precisa tambi\u00e9n que ha cursado estudios de posgrado en el Instituto Internacional de Periodismo Jos\u00e9 Mart\u00ed de La Habana, de administraci\u00f3n p\u00fablica y empresarial en la Escuela Superior de Cuadros del Estado y el Gobierno de Cuba, y el diplomado de Defensa y Seguridad Nacional en el Colegio de Defensa Nacional.<\/p>\n\n\n\n<p>La Agencia Latinoamericana Prensa Latina fue fundada en junio de 1959, poco despu\u00e9s del triunfo de la Revoluci\u00f3n cubana y tiene una labor ininterrumpida al servicio de la verdad  y frente a la narrativa hegem\u00f3nica de los grandes monopolios informativos y las campa\u00f1as medi\u00e1ticas contra Cuba y nuestro proceso revolucionario.<\/p>\n\n\n\n<p>Para el ICS significa un momento de regocijo y de mayor compromiso que uno de sus directivos m\u00e1s j\u00f3venes, quien ha acompa\u00f1ado el proceso de nacimiento y formaci\u00f3n de nuestro organismo, aportando y a la vez, creciendo como directivo y profesional de los medios de comunicaci\u00f3n social, contribuya ahora desde la direcci\u00f3n de un equipo de trabajo consagrado, de muchos a\u00f1os de experiencia, bandera en la defensa de las causas m\u00e1s justas mediante la informaci\u00f3n inmediata, veraz y oportuna.<\/p>\n<div class=\"pld-like-dislike-wrap pld-template-1\">\r\n    <div class=\"pld-like-wrap  pld-common-wrap\">\r\n    <a href=\"javascript:void(0)\" class=\"pld-like-trigger pld-like-dislike-trigger\" title=\"\" data-post-id=\"8655\" data-trigger-type=\"like\" data-restriction=\"cookie\" data-already-liked=\"0\">\r\n                        <i class=\"fas fa-thumbs-up\"><\/i>\r\n                <\/a>\r\n    <span class=\"pld-like-count-wrap pld-count-wrap\">5    <\/span>\r\n<\/div><div class=\"pld-dislike-wrap  pld-common-wrap\">\r\n    <a href=\"javascript:void(0)\" class=\"pld-dislike-trigger pld-like-dislike-trigger\" title=\"\" data-post-id=\"8655\" data-trigger-type=\"dislike\" data-restriction=\"cookie\" data-already-liked=\"0\">\r\n                        <i class=\"fas fa-thumbs-down\"><\/i>\r\n                <\/a>\r\n    <span class=\"pld-dislike-count-wrap pld-count-wrap\">0<\/span>\r\n<\/div><\/div>","protected":false},"excerpt":{"rendered":"<p>El periodista Jorge Lega\u00f1oa Alonso, quien se desempe\u00f1aba como vicepresidente del Instituto de Informaci\u00f3n y Comunicaci\u00f3n Social (ICS) fue designado como nuevo presidente de la Agencia Informativa Latinoamericana Prensa Latina. En nota publicada por la propia Agencia este mi\u00e9rcoles, se refiere que Lega\u00f1oa Alonso tiene 43 a\u00f1os, es graduado de Periodismo en la Universidad de [&hellip;]<\/p>\n","protected":false},"author":7,"featured_media":8656,"comment_status":"open","ping_status":"closed","sticky":false,"template":"","format":"standard","meta":{"_bbp_topic_count":0,"_bbp_reply_count":0,"_bbp_total_topic_count":0,"_bbp_total_reply_count":0,"_bbp_voice_count":0,"_bbp_anonymous_reply_count":0,"_bbp_topic_count_hidden":0,"_bbp_reply_count_hidden":0,"_bbp_forum_subforum_count":0,"_glsr_average":0,"_glsr_ranking":0,"_glsr_reviews":0,"footnotes":""},"categories":[10],"tags":[47,7,39],"class_list":["post-8655","post","type-post","status-publish","format-standard","has-post-thumbnail","hentry","category-nacionales","tag-comunicacion-social","tag-cuba","tag-ics"],"acf":[],"_links":{"self":[{"href":"https:\/\/www.ics.gob.cu\/en\/wp-json\/wp\/v2\/posts\/8655","targetHints":{"allow":["GET"]}}],"collection":[{"href":"https:\/\/www.ics.gob.cu\/en\/wp-json\/wp\/v2\/posts"}],"about":[{"href":"https:\/\/www.ics.gob.cu\/en\/wp-json\/wp\/v2\/types\/post"}],"author":[{"embeddable":true,"href":"https:\/\/www.ics.gob.cu\/en\/wp-json\/wp\/v2\/users\/7"}],"replies":[{"embeddable":true,"href":"https:\/\/www.ics.gob.cu\/en\/wp-json\/wp\/v2\/comments?post=8655"}],"version-history":[{"count":5,"href":"https:\/\/www.ics.gob.cu\/en\/wp-json\/wp\/v2\/posts\/8655\/revisions"}],"predecessor-version":[{"id":8669,"href":"https:\/\/www.ics.gob.cu\/en\/wp-json\/wp\/v2\/posts\/8655\/revisions\/8669"}],"wp:featuredmedia":[{"embeddable":true,"href":"https:\/\/www.ics.gob.cu\/en\/wp-json\/wp\/v2\/media\/8656"}],"wp:attachment":[{"href":"https:\/\/www.ics.gob.cu\/en\/wp-json\/wp\/v2\/media?parent=8655"}],"wp:term":[{"taxonomy":"category","embeddable":true,"href":"https:\/\/www.ics.gob.cu\/en\/wp-json\/wp\/v2\/categories?post=8655"},{"taxonomy":"post_tag","embeddable":true,"href":"https:\/\/www.ics.gob.cu\/en\/wp-json\/wp\/v2\/tags?post=8655"}],"curies":[{"name":"wp","href":"https:\/\/api.w.org\/{rel}","templated":true}]}}