{"id":8675,"date":"2025-10-22T20:01:09","date_gmt":"2025-10-22T20:01:09","guid":{"rendered":"https:\/\/www.ics.gob.cu\/?p=8675"},"modified":"2025-10-22T20:50:50","modified_gmt":"2025-10-22T20:50:50","slug":"entregaran-premio-pequena-pantalla-2025-a-destacados-profesionales-de-la-tvc","status":"publish","type":"post","link":"https:\/\/www.ics.gob.cu\/en\/entregaran-premio-pequena-pantalla-2025-a-destacados-profesionales-de-la-tvc\/","title":{"rendered":"ENTREGAR\u00c1N PREMIOS PEQUE\u00d1A PANTALLA 2025 A DESTACADOS PROFESIONALES DE LA TVC"},"content":{"rendered":"<div class=\"pdfprnt-buttons pdfprnt-buttons-post pdfprnt-top-right\"><a href=\"https:\/\/www.ics.gob.cu\/en\/wp-json\/wp\/v2\/posts\/8675?print=print\" class=\"pdfprnt-button pdfprnt-button-print\" target=\"_blank\" ><img decoding=\"async\" src=\"https:\/\/www.ics.gob.cu\/wp-content\/plugins\/pdf-print\/images\/print.png\" alt=\"image_print\" title=\"Print Content\" \/><\/a><\/div>\n<p>Luego de varias jornadas de trabajo evaluando la trayectoria, integralidad de la obra e impacto p\u00fablico de las propuestas del Consejo de Direcci\u00f3n de la Televisi\u00f3n Cubana para recibir el Premio Peque\u00f1a Pantalla 2025, el jurado del lauro seleccion\u00f3 a un grupo de profesionales de todo el pa\u00eds con un amplio y destacado recorrido en el medio televisivo.<\/p>\n\n\n\n<p>El galard\u00f3n se entregar\u00e1 \u2013junto a la Condici\u00f3n Artista de M\u00e9rito y los Premios Nacionales de TV 2025\u2013 en el acto por el aniversario 75 de la Televisi\u00f3n cubana, el jueves 23 de octubre, a las 11 de la ma\u00f1ana, en el Memorial Jos\u00e9 Mart\u00ed.<\/p>\n\n\n\n<p>Desde el ICS felicitamos a todos los premiados y agradecemos su total dedicaci\u00f3n a la TV y al p\u00fablico desde sus diversas funciones.<\/p>\n\n\n\n<p>Compartimos un resumen de sus trayectorias profesionales:<\/p>\n\n\n\n<p><strong>LIZETTE VILA ESPINA<\/strong><\/p>\n\n\n<div class=\"wp-block-image\">\n<figure class=\"aligncenter size-full\"><img loading=\"lazy\" decoding=\"async\" width=\"275\" height=\"183\" src=\"https:\/\/www.ics.gob.cu\/wp-content\/uploads\/2025\/10\/images-3.jpeg\" alt=\"\" class=\"wp-image-8676\"\/><\/figure>\n<\/div>\n\n\n<p>Destacada cineasta y documentalista cubana, reconocida por su labor en la lucha por la equidad de g\u00e9nero y la promoci\u00f3n del arte y el activismo social. Nacida en La Habana el 17 de diciembre de 1949, ha trabajado en diversas plataformas de comunicaci\u00f3n, incluyendo la Radio y la Televisi\u00f3n cubanas. Ha dirigido m\u00e1s de 30 documentales de temas humanistas e impartido cursos y conferencias en universidades y centros de arte en varios pa\u00edses. Su trabajo ha sido reconocido internacionalmente con m\u00faltiples premios, entre ellos el Premio Tina Modotti, de la Uni\u00f3n de Periodistas de Cuba, y la Medalla de Oro Mundial de la Educaci\u00f3n Especial. Ha sido jurado en festivales de cine en Cuba, Italia y Alemania. Fue presidenta de la Asociaci\u00f3n de Radio y TV de la Uni\u00f3n de Escritores y Artistas de Cuba. Su proyecto Palomas, que busca promover la igualdad de g\u00e9nero y el empoderamiento de las mujeres, ha sido un actor clave en la revelaci\u00f3n de problem\u00e1ticas cubanas como el envejecimiento poblacional y sus consecuencias.<\/p>\n\n\n\n<p><strong>ABDIEL BERM\u00daDEZ BERM\u00daDEZ<\/strong><\/p>\n\n\n<div class=\"wp-block-image\">\n<figure class=\"aligncenter size-large\"><img loading=\"lazy\" decoding=\"async\" width=\"1024\" height=\"683\" src=\"https:\/\/www.ics.gob.cu\/wp-content\/uploads\/2025\/10\/abdiel-Bermudez-1024x683.jpg\" alt=\"\" class=\"wp-image-8677\" srcset=\"https:\/\/www.ics.gob.cu\/wp-content\/uploads\/2025\/10\/abdiel-Bermudez-1024x683.jpg 1024w, https:\/\/www.ics.gob.cu\/wp-content\/uploads\/2025\/10\/abdiel-Bermudez-300x200.jpg 300w, https:\/\/www.ics.gob.cu\/wp-content\/uploads\/2025\/10\/abdiel-Bermudez-768x513.jpg 768w, https:\/\/www.ics.gob.cu\/wp-content\/uploads\/2025\/10\/abdiel-Bermudez-1536x1025.jpg 1536w, https:\/\/www.ics.gob.cu\/wp-content\/uploads\/2025\/10\/abdiel-Bermudez.jpg 1840w\" sizes=\"auto, (max-width: 1024px) 100vw, 1024px\" \/><\/figure>\n<\/div>\n\n\n<p>Natural de Mayar\u00ed, provincia de Holgu\u00edn. Comenz\u00f3 a hacer periodismo en prensa escrita, pero en el camino encontr\u00f3 otros que le ense\u00f1aron que una imagen es tan importante como las mil palabras que puedan describirla. Por eso es que llega a la televisi\u00f3n. Despu\u00e9s de cinco a\u00f1os de carrera universitaria, cuatro a\u00f1os como profesional y dos cursos como profesor de futuros periodistas, adem\u00e1s, de una muy consagrada misi\u00f3n en Hait\u00ed, este profesional considera que el periodismo, como casi todas las profesiones, se aprende haciendo. Ha sido reconocido con el Premio Nacional 26 de Julio en varias ediciones y en diversas categor\u00edas, el Premio Period\u00edstico Primero de Mayo que otorga la Central de Trabajadores de Cuba (CTC), Premios de la Ciudad de Holgu\u00edn, Premios en Festivales Nacionales de Telecentros y de Televisi\u00f3n, Premio Caracol de la UNEAC, tambi\u00e9n en el Concurso Nacional de Periodismo Hist\u00f3rico 2024 por la serie \u201cTras la ruta del Che\u201d en la categor\u00eda de Televisi\u00f3n.<\/p>\n\n\n\n<p><strong>TAL\u00cdA GONZ\u00c1LEZ P\u00c9REZ<\/strong> <\/p>\n\n\n<div class=\"wp-block-image\">\n<figure class=\"aligncenter size-full\"><img loading=\"lazy\" decoding=\"async\" width=\"512\" height=\"384\" src=\"https:\/\/www.ics.gob.cu\/wp-content\/uploads\/2025\/10\/unnamed-3.jpg\" alt=\"\" class=\"wp-image-8678\" srcset=\"https:\/\/www.ics.gob.cu\/wp-content\/uploads\/2025\/10\/unnamed-3.jpg 512w, https:\/\/www.ics.gob.cu\/wp-content\/uploads\/2025\/10\/unnamed-3-300x225.jpg 300w\" sizes=\"auto, (max-width: 512px) 100vw, 512px\" \/><\/figure>\n<\/div>\n\n\n<p>Naci\u00f3 el 13 de junio de 1975, en Las Tunas. Es licenciada en Periodismo y forma parte de la Uni\u00f3n de Periodistas de Cuba, reflejando su vinculaci\u00f3n profesional formal con el periodismo institucional cubano. Ha desarrollado gran parte de su carrera en la Televisi\u00f3n cubana, donde se ha destacado tanto como locutora del Noticiero Nacional de Televisi\u00f3n y coberturas de inter\u00e9s nacional, as\u00ed como coordinadora de espacios como Contexto Latinoamericano. Fue realizadora de Cuba Dice, espacio de actualidad con alta repercusi\u00f3n social. En 2014, recibi\u00f3 el Premio del Concurso Nacional de Periodismo 26 de Julio, destacando su contribuci\u00f3n al periodismo televisivo cubano.<\/p>\n\n\n\n<p><strong>TEHER\u00c1N AGUILAR MAURA<\/strong><\/p>\n\n\n<div class=\"wp-block-image\">\n<figure class=\"aligncenter size-large\"><img loading=\"lazy\" decoding=\"async\" width=\"683\" height=\"1024\" src=\"https:\/\/www.ics.gob.cu\/wp-content\/uploads\/2025\/10\/teheran3-683x1024.jpg\" alt=\"\" class=\"wp-image-8679\" srcset=\"https:\/\/www.ics.gob.cu\/wp-content\/uploads\/2025\/10\/teheran3-683x1024.jpg 683w, https:\/\/www.ics.gob.cu\/wp-content\/uploads\/2025\/10\/teheran3-200x300.jpg 200w, https:\/\/www.ics.gob.cu\/wp-content\/uploads\/2025\/10\/teheran3.jpg 720w\" sizes=\"auto, (max-width: 683px) 100vw, 683px\" \/><\/figure>\n<\/div>\n\n\n<p>Desde joven mostr\u00f3 inter\u00e9s por el mundo del arte. Aunque inicialmente explor\u00f3 la posibilidad de ser modelo y pintor, fue el teatro lo que finalmente le conquist\u00f3 y comenz\u00f3 a estudiar en el Instituto Superior de Arte, donde destac\u00f3 por su talento. Siendo estudiante inici\u00f3 su carrera en el grupo teatral \u00abTeatro Eclipse\u00bb, donde trabaj\u00f3 con grandes figuras de la actuaci\u00f3n cubana. Su debut en televisi\u00f3n fue en un cuento dirigido por Alejandro Gil, lo que marc\u00f3 el inicio de una serie de personajes memorables en la pantalla chica. Tuvo la oportunidad de trabajar en telenovelas en Ecuador, como \u00abCholicienta\u00bb, lo que le permiti\u00f3 enriquecer su experiencia actoral y conocer a colegas de otros pa\u00edses. Aunque el personaje Jos\u00e9 Manuel en \u00abAsuntos Pendientes\u00bb fue uno de los m\u00e1s controversiales, ha interpretado a otros personajes ic\u00f3nicos en la televisi\u00f3n cubana como el capit\u00e1n Felipe en \u00abHistorias de Fuego\u00bb. Despu\u00e9s de su entrenamiento para \u00abHistorias de Fuego\u00bb, se involucr\u00f3 en acciones de rescate reales, como las labores de salvamento tras la explosi\u00f3n del Hotel Saratoga en La Habana. Realiz\u00f3 maestr\u00eda en estudios socioculturales de religi\u00f3n en la Universidad de La Habana. Tambi\u00e9n en el cine cubano ha participado en pel\u00edculas como \u00abUn para\u00edso bajo las estrellas\u00bb, \u00abRetrato del joven n\u00e1ufrago\u00bb y \u00abBailando chachach\u00e1\u00bb.<\/p>\n\n\n\n<p><strong>CONCEPCI\u00d3N (CONCHY) P\u00c9REZ FERN\u00c1NDEZ<\/strong><\/p>\n\n\n<div class=\"wp-block-image\">\n<figure class=\"aligncenter size-large\"><img loading=\"lazy\" decoding=\"async\" width=\"771\" height=\"1024\" src=\"https:\/\/www.ics.gob.cu\/wp-content\/uploads\/2025\/10\/IMG_20251022_141310-771x1024.jpg\" alt=\"\" class=\"wp-image-8680\" srcset=\"https:\/\/www.ics.gob.cu\/wp-content\/uploads\/2025\/10\/IMG_20251022_141310-771x1024.jpg 771w, https:\/\/www.ics.gob.cu\/wp-content\/uploads\/2025\/10\/IMG_20251022_141310-226x300.jpg 226w, https:\/\/www.ics.gob.cu\/wp-content\/uploads\/2025\/10\/IMG_20251022_141310-768x1020.jpg 768w, https:\/\/www.ics.gob.cu\/wp-content\/uploads\/2025\/10\/IMG_20251022_141310-1157x1536.jpg 1157w, https:\/\/www.ics.gob.cu\/wp-content\/uploads\/2025\/10\/IMG_20251022_141310.jpg 1378w\" sizes=\"auto, (max-width: 771px) 100vw, 771px\" \/><\/figure>\n<\/div>\n\n\n<p>Graduada de Periodismo, en 1984, cuenta con m\u00e1s de 40 a\u00f1os en el gremio. La primera vez que estuvo delante de una c\u00e1mara fue en 1979, solo seis meses despu\u00e9s de entrar a la carrera. Trabaj\u00f3 en la Revista de la ma\u00f1ana, hoy Buenos D\u00edas, en los boletines de por la noche y en el noticiero del mediod\u00eda. Tambi\u00e9n en el Noticiero Dominical, y luego como jefa de redacci\u00f3n cultural. A los 47 a\u00f1os, estudi\u00f3 una maestr\u00eda en Direcci\u00f3n de Programas y se vincul\u00f3 al Canal Educativo en la secci\u00f3n cultural de Hora 12 durante siete a\u00f1os, saliendo todos los d\u00edas al aire. Actualmente labora como reportera en el Noticiero Cultural, haciendo trabajos profundos y cr\u00edticos sobre nuestra cultura.<\/p>\n\n\n\n<p><strong>VANIA HIDALGO BERM\u00daDEZ<\/strong><\/p>\n\n\n<div class=\"wp-block-image\">\n<figure class=\"aligncenter size-full\"><img loading=\"lazy\" decoding=\"async\" width=\"788\" height=\"829\" src=\"https:\/\/www.ics.gob.cu\/wp-content\/uploads\/2025\/10\/IMG_20251022_143023.jpg\" alt=\"\" class=\"wp-image-8681\" srcset=\"https:\/\/www.ics.gob.cu\/wp-content\/uploads\/2025\/10\/IMG_20251022_143023.jpg 788w, https:\/\/www.ics.gob.cu\/wp-content\/uploads\/2025\/10\/IMG_20251022_143023-285x300.jpg 285w, https:\/\/www.ics.gob.cu\/wp-content\/uploads\/2025\/10\/IMG_20251022_143023-768x808.jpg 768w\" sizes=\"auto, (max-width: 788px) 100vw, 788px\" \/><\/figure>\n<\/div>\n\n\n<p>Productora de televisi\u00f3n de Canal Habana. Se inici\u00f3 en el 2004 como productora general de los servicios informativos. Ha realizado varios documentales como Espiral, Del Alba, Cinco H\u00e9roes, entre otros. Realiz\u00f3 la producci\u00f3n de los programas Sitio de Arte y de revistas especiales en la cobertura de huracanes, primero de mayo y del verano, as\u00ed como Cumbres del Alba. En 2006 comienza a trabajar en la fundaci\u00f3n del Canal Habana como coordinadora general de la producci\u00f3n de programas informativos, entre ellos Habana Noticiario y Libre Acceso. Le fue otorgada la Medalla F\u00e9lix Elmuza.<\/p>\n\n\n\n<p><strong>CARIDAD HERN\u00c1NDEZ FERRO  <\/strong><\/p>\n\n\n<div class=\"wp-block-image\">\n<figure class=\"aligncenter size-large\"><img loading=\"lazy\" decoding=\"async\" width=\"1024\" height=\"878\" src=\"https:\/\/www.ics.gob.cu\/wp-content\/uploads\/2025\/10\/IMG_20251022_145300-1024x878.jpg\" alt=\"\" class=\"wp-image-8682\" srcset=\"https:\/\/www.ics.gob.cu\/wp-content\/uploads\/2025\/10\/IMG_20251022_145300-1024x878.jpg 1024w, https:\/\/www.ics.gob.cu\/wp-content\/uploads\/2025\/10\/IMG_20251022_145300-300x257.jpg 300w, https:\/\/www.ics.gob.cu\/wp-content\/uploads\/2025\/10\/IMG_20251022_145300-768x659.jpg 768w, https:\/\/www.ics.gob.cu\/wp-content\/uploads\/2025\/10\/IMG_20251022_145300.jpg 1405w\" sizes=\"auto, (max-width: 1024px) 100vw, 1024px\" \/><\/figure>\n<\/div>\n\n\n<p>Editora de Televisi\u00f3n de Canal Habana. Inici\u00f3 en la Televisi\u00f3n como T\u00e9cnico Medio en la especialidad de Transmisiones. Realiz\u00f3 curso de Edici\u00f3n y por sus resultados alcanza la evaluaci\u00f3n de primer nivel en esa especialidad. A lo largo de sus m\u00e1s de 25 a\u00f1os de carrera, ha realizado numerosos programas como la Revista Hola Habana, Habana Noticiario y Libre Acceso, as\u00ed como en Canal Habana Deportes, La Jugada Perfecta y las transmisiones del Beisbol. Adem\u00e1s, ha trabajado en los musicales M\u00fasica del Mundo, Latinos, Banda Sonora y Entre Manos. Tambi\u00e9n en los espacios X Distante y Pini Pini. Acumula m\u00e9ritos, reconocimientos y lauros ganados por su alta profesionalidad y conocimientos en la realizaci\u00f3n audiovisual. <\/p>\n\n\n\n<p><strong>RAM\u00d3N ALFREDO BRITO \u00c1LVAREZ<\/strong><\/p>\n\n\n<div class=\"wp-block-image\">\n<figure class=\"aligncenter size-full\"><img loading=\"lazy\" decoding=\"async\" width=\"1024\" height=\"590\" src=\"https:\/\/www.ics.gob.cu\/wp-content\/uploads\/2025\/10\/vlcsnap-2025-03-25-12h52m05s156-1024x590-1.png\" alt=\"\" class=\"wp-image-8684\" srcset=\"https:\/\/www.ics.gob.cu\/wp-content\/uploads\/2025\/10\/vlcsnap-2025-03-25-12h52m05s156-1024x590-1.png 1024w, https:\/\/www.ics.gob.cu\/wp-content\/uploads\/2025\/10\/vlcsnap-2025-03-25-12h52m05s156-1024x590-1-300x173.png 300w, https:\/\/www.ics.gob.cu\/wp-content\/uploads\/2025\/10\/vlcsnap-2025-03-25-12h52m05s156-1024x590-1-768x443.png 768w\" sizes=\"auto, (max-width: 1024px) 100vw, 1024px\" \/><\/figure>\n<\/div>\n\n\n<p>Realizador y director de Programas del telecentro CNC, en Granma. Su labor sostiene parte importante de la parrilla habitual de la programaci\u00f3n del canal. Sus obras han alcanzado premios en eventos provinciales y nacionales. Se reconocen sus aportes consolidados con estrategias, modos y buenas pr\u00e1cticas, que le caracterizan tanto como periodista y como realizador de televisi\u00f3n con 28 a\u00f1os de experiencia en el medio. Suma a ello su valiosa actitud como militante del PCC, ante las actividades y acciones organizadas y dirigidas por el n\u00facleo y que conforman la realizaci\u00f3n del canal. Ha sido motor impulsor en m\u00faltiples acciones que le han merecido resultar mejor trabajador por varios a\u00f1os consecutivos. <\/p>\n\n\n\n<p><strong>AURORA L\u00d3PEZ HERRERA <\/strong><\/p>\n\n\n<div class=\"wp-block-image\">\n<figure class=\"aligncenter size-full\"><img loading=\"lazy\" decoding=\"async\" width=\"730\" height=\"730\" src=\"https:\/\/www.ics.gob.cu\/wp-content\/uploads\/2025\/10\/aurora-lopez.jpg\" alt=\"\" class=\"wp-image-8683\" srcset=\"https:\/\/www.ics.gob.cu\/wp-content\/uploads\/2025\/10\/aurora-lopez.jpg 730w, https:\/\/www.ics.gob.cu\/wp-content\/uploads\/2025\/10\/aurora-lopez-300x300.jpg 300w, https:\/\/www.ics.gob.cu\/wp-content\/uploads\/2025\/10\/aurora-lopez-150x150.jpg 150w\" sizes=\"auto, (max-width: 730px) 100vw, 730px\" \/><\/figure>\n<\/div>\n\n\n<p>Nacida en 1949, en Matanzas, estudi\u00f3 en la Escuela Anexa a la Normal para maestros. Y luego se grad\u00faa de Periodismo en la Escuela Nacional del Partido \u00d1ico L\u00f3pez, egresada de la Universidad de La Habana, y Ciencias Jur\u00eddicas en la Universidad de Matanzas Camilo Cienfuegos. Trabaj\u00f3 en el peri\u00f3dico Gir\u00f3n y luego en el Victoria, de la Isla de la Juventud. En 1999 se incorpora al telecentro TV Yumur\u00ed. Ha ocupado diferentes responsabilidades como Jefa del Equipo Econ\u00f3mico, Jefa de Redacci\u00f3n, de Informaci\u00f3n y Subdirectora en el peri\u00f3dico matancero, fue tambi\u00e9n Jefa de los servicios informativos del canal TV Yumur\u00ed. Le han sido otorgados diversos reconocimientos  entre los que sobresalen,  Sello de los CDR, Medalla Fundadora de TV Yumur\u00ed, F\u00e9lix Elmuza de la UPEC, la Medalla Ra\u00fal G\u00f3mez del Sindicato de la Cultura, Periodista Destacada por varios a\u00f1os, Diploma por 25 a\u00f1os de servicio en el Partido, Sello 65 Aniversario de la Televisi\u00f3n cubana, Premio provincial de Periodismo por la obra de la vida Bonifacio Byrne, Diploma por el M\u00e9rito Excepcional Laboral, as\u00ed como diversos premios en los Festivales Nacionales de Telecentros. Despu\u00e9s de jubilada, trabaja en el sitio web y en el noticiero. Funge como editora del sitio web de TV Yumur\u00ed. <\/p>\n\n\n\n<p><strong>ANA CARIDAD VALD\u00c9S PORTILLO<\/strong><\/p>\n\n\n<div class=\"wp-block-image\">\n<figure class=\"aligncenter size-large\"><img loading=\"lazy\" decoding=\"async\" width=\"747\" height=\"1024\" src=\"https:\/\/www.ics.gob.cu\/wp-content\/uploads\/2025\/10\/IMG_20251022_152553-747x1024.jpg\" alt=\"\" class=\"wp-image-8685\" srcset=\"https:\/\/www.ics.gob.cu\/wp-content\/uploads\/2025\/10\/IMG_20251022_152553-747x1024.jpg 747w, https:\/\/www.ics.gob.cu\/wp-content\/uploads\/2025\/10\/IMG_20251022_152553-219x300.jpg 219w, https:\/\/www.ics.gob.cu\/wp-content\/uploads\/2025\/10\/IMG_20251022_152553-768x1052.jpg 768w, https:\/\/www.ics.gob.cu\/wp-content\/uploads\/2025\/10\/IMG_20251022_152553.jpg 918w\" sizes=\"auto, (max-width: 747px) 100vw, 747px\" \/><\/figure>\n<\/div>\n\n\n<p>Periodista y Realizadora de televisi\u00f3n. Desde 1973 ejerce el periodismo. Trabaj\u00f3 en la radio, en la Agencia de Informaci\u00f3n Nacional y desde 1980 en la Televisi\u00f3n Nacional y Provincial como corresponsal de Matanzas, y aunque atiende todos los sectores y g\u00e9neros period\u00edsticos se destaca por su especializaci\u00f3n en temas culturales. Es guionista y directora de programas, adem\u00e1s de ser editora y estar categorizada como Profesora Auxiliar Adjunta en la Universidad Camilo Cienfuegos de Matanzas. Tiene en su haber m\u00e1s de una veintena de documentales y trabajos especiales dedicados a personalidades, tem\u00e1ticas culturales y de inter\u00e9s nacional con premios en eventos y Festivales realizados tanto en la provincia como en el pa\u00eds. Ha sido Jurado de eventos como Festivales audiovisuales y culturales, en cinco ocasiones del Premio White. Labora como redactora reportera de TV Yumur\u00ed y corresponsal del Canal Cubano de Noticias y del Noticiero Cultural.                                     <\/p>\n\n\n\n<p><strong>JORGE DIONISIO JORGE TORRES<\/strong><\/p>\n\n\n\n<p>Director de fotograf\u00eda y realizador de Tunasvisi\u00f3n. Licenciado en estudios Socioculturales y M\u00e1ster en Ciencias de la Comunicaci\u00f3n. En raz\u00f3n de su labor creativa ha obtenido numerosos premios y reconocimientos en Festivales provinciales y nacionales de Televisi\u00f3n. Ha realizado musicales, spots de bien p\u00fablico, los documentales Peregrinos del tiempo- Gilberto Rodr\u00edguez y Esencia de Vivir, as\u00ed como los filmes Los Cuervos, Homorectus, Pasi\u00f3n de tormenta y Pinocha. Ha trabajado en distintos proyectos de realizaci\u00f3n de audiovisuales de la Uni\u00f3n de Escritores y Artistas en Las Tunas. Es miembro de la Asociaci\u00f3n de Comunicadores Sociales y de la UNEAC.<\/p>\n\n\n\n<p><strong>XIOMARA AURORA CASTA\u00d1EDA MORALES <\/strong><\/p>\n\n\n<div class=\"wp-block-image\">\n<figure class=\"aligncenter size-full\"><img loading=\"lazy\" decoding=\"async\" width=\"900\" height=\"525\" src=\"https:\/\/www.ics.gob.cu\/wp-content\/uploads\/2025\/10\/xiomara-1-1-900x525-1.jpg\" alt=\"\" class=\"wp-image-8686\" srcset=\"https:\/\/www.ics.gob.cu\/wp-content\/uploads\/2025\/10\/xiomara-1-1-900x525-1.jpg 900w, https:\/\/www.ics.gob.cu\/wp-content\/uploads\/2025\/10\/xiomara-1-1-900x525-1-300x175.jpg 300w, https:\/\/www.ics.gob.cu\/wp-content\/uploads\/2025\/10\/xiomara-1-1-900x525-1-768x448.jpg 768w\" sizes=\"auto, (max-width: 900px) 100vw, 900px\" \/><\/figure>\n<\/div>\n\n\n<p>Comenz\u00f3 su vida laboral en 1993 en la Empresa Provincial de Cine y en 1994 en la Emisora Provincial Radio Sancti Sp\u00edritus, en el cargo de Ingeniera en sistemas de Radio. Tambi\u00e9n se ha desempe\u00f1ado como realizadora de sonido. Graduada del Instituto Polit\u00e9cnico de Kiev, en Ucrania, de Ingeniera en T\u00e9cnica de Audio y Video, en la especialidad de Telecomunicaciones, Televisi\u00f3n y Radiodifusi\u00f3n. Posee el Grado cient\u00edfico de M\u00e1ster en esa especialidad. Premio Provincial y Premio Nacional en los F\u00f3rum de Ciencia y T\u00e9cnica del 2000 hasta 2015. Ha participado en el Evento de Mujeres Creadoras en Holgu\u00edn, Santiago de Cuba, Guant\u00e1namo y la Habana. Con premios y reconocimientos en diferentes ediciones del Concurso de Periodismo Cient\u00edfico Gilberto Caballero, el Concurso Periodismo Agroecol\u00f3gico auspiciado por la ACTAF. Actualmente dirige el telecentro espirituano Centro Visi\u00f3n Yayabo.<\/p>\n\n\n\n<p><strong>VLADIMIR LADISLAO GONZ\u00c1LEZ MACHADO<\/strong><\/p>\n\n\n<div class=\"wp-block-image\">\n<figure class=\"aligncenter size-full\"><img loading=\"lazy\" decoding=\"async\" width=\"697\" height=\"530\" src=\"https:\/\/www.ics.gob.cu\/wp-content\/uploads\/2025\/10\/Screenshot_2025-10-22-15-47-58-034.jpg\" alt=\"\" class=\"wp-image-8687\" srcset=\"https:\/\/www.ics.gob.cu\/wp-content\/uploads\/2025\/10\/Screenshot_2025-10-22-15-47-58-034.jpg 697w, https:\/\/www.ics.gob.cu\/wp-content\/uploads\/2025\/10\/Screenshot_2025-10-22-15-47-58-034-300x228.jpg 300w\" sizes=\"auto, (max-width: 697px) 100vw, 697px\" \/><\/figure>\n<\/div>\n\n\n<p>Acumula m\u00e1s de 34 a\u00f1os de servicios con relevante trayectoria profesional como Ingeniero y en las especialidades de camar\u00f3grafo y realizador de imagen del canal Centro Visi\u00f3n Yayabo, Sancti Sp\u00edritus. Graduado del Instituto Polit\u00e9cnico de Kiev, Ucrania, de Ingeniero en T\u00e9cnica de Audio y Video, en la especialidad de Telecomunicaciones, Televisi\u00f3n y Radiodifusi\u00f3n. Posee el Grado cient\u00edfico de M\u00e1ster en esa especialidad. Ha obtenido varios premios en diferentes Concursos Cient\u00edfico T\u00e9cnicos y reconocido con el Sello Forjadores del Futuro. Ha sido Jurado en diferentes eventos del F\u00f3rum de Ciencia y T\u00e9cnica del CITMA, de las Exposiciones Forjadores del Futuro y de las Brigadas T\u00e9cnicas Juveniles. Tambi\u00e9n Jurado de Festivales de la televisi\u00f3n en diferentes telecentros del pa\u00eds. Es Autor de innovaciones con las que particip\u00f3 en diferentes eventos cient\u00edficos del pa\u00eds. Ha sido reconocido por el ICRT como representante destacado del XIII, XIV, XV XVI F\u00f3rum de Ciencia Y T\u00e9cnica. Vanguardia Nacional de la ANIR por 7 a\u00f1os consecutivos 2002-2009 y Vanguardia Nacional de la CTC por siete a\u00f1os consecutivos de 2000 a 2007. Posee la Medalla Ra\u00fal G\u00f3mez Garc\u00eda. Ha obtenido diversos Premios en los Festivales de telecentros.<\/p>\n\n\n\n<p><strong>JOS\u00c9 AGUST\u00cdN TU\u00d1\u00d3N RIVERO<\/strong><\/p>\n\n\n<div class=\"wp-block-image\">\n<figure class=\"aligncenter size-large\"><img loading=\"lazy\" decoding=\"async\" width=\"841\" height=\"1024\" src=\"https:\/\/www.ics.gob.cu\/wp-content\/uploads\/2025\/10\/IMG_20251022_155259-841x1024.jpg\" alt=\"\" class=\"wp-image-8688\" srcset=\"https:\/\/www.ics.gob.cu\/wp-content\/uploads\/2025\/10\/IMG_20251022_155259-841x1024.jpg 841w, https:\/\/www.ics.gob.cu\/wp-content\/uploads\/2025\/10\/IMG_20251022_155259-246x300.jpg 246w, https:\/\/www.ics.gob.cu\/wp-content\/uploads\/2025\/10\/IMG_20251022_155259-768x935.jpg 768w, https:\/\/www.ics.gob.cu\/wp-content\/uploads\/2025\/10\/IMG_20251022_155259.jpg 935w\" sizes=\"auto, (max-width: 841px) 100vw, 841px\" \/><\/figure>\n<\/div>\n\n\n<p>Camar\u00f3grafo y Director de Fotograf\u00eda. Graduado de Electr\u00f3nica, en el a\u00f1o 1982 se inicia en la Televisi\u00f3n, como editor primero y luego como camar\u00f3grafo y director de fotograf\u00eda. A lo largo de su trayectoria ha cumplido numerosas misiones formando parte del Equipo Especial de los Servicios Informativos de la Televisi\u00f3n para cubrir las actividades nacionales e internacionales del Comandante en Jefe Fidel Castro. Igualmente, en la cobertura de las acciones de las tropas internacionalistas durante las guerras de Etiop\u00eda y Angola; as\u00ed mismo, en Nicaragua a ra\u00edz del cicl\u00f3n Mitch de las misiones m\u00e9dicas y educativas en Guatemala, Bolivia, Ecuador, Brasil, Trinidad y Tobago, Jamaica, y Venezuela, esta \u00faltima para la cobertura de la campa\u00f1a electoral del Comandante Hugo Ch\u00e1vez. En su labor como director de fotograf\u00eda ha intervenido en infinidad de documentales, gran parte de ellos, premiados en Festivales de la Televisi\u00f3n y del CUBADISCO, as\u00ed como en el Concurso Nacional de Periodismo 26 de Julio. Por su experiencia y los resultados alcanzados en su trabajo, ha formado, como camar\u00f3grafos, a varios de los actuales profesionales de la televisi\u00f3n. Fue miembro del Comit\u00e9 Nacional del Sindicato de los Trabajadores de la Cultura en el per\u00edodo 2000-2004. Durante estos 25 a\u00f1os en la Televisi\u00f3n ha tenido la oportunidad de ser parte del equipo fundador de la Corresponsal\u00eda del Noticiero Nacional de TV en Provincia Habana en 1983, Canal CHTV, Canales Educativos (1 y 2) y Canal Habana. A lo largo de su trayectoria ha recibido varios premios y reconocimientos.<\/p>\n<div class=\"pld-like-dislike-wrap pld-template-1\">\r\n    <div class=\"pld-like-wrap  pld-common-wrap\">\r\n    <a href=\"javascript:void(0)\" class=\"pld-like-trigger pld-like-dislike-trigger\" title=\"\" data-post-id=\"8675\" data-trigger-type=\"like\" data-restriction=\"cookie\" data-already-liked=\"0\">\r\n                        <i class=\"fas fa-thumbs-up\"><\/i>\r\n                <\/a>\r\n    <span class=\"pld-like-count-wrap pld-count-wrap\">0    <\/span>\r\n<\/div><div class=\"pld-dislike-wrap  pld-common-wrap\">\r\n    <a href=\"javascript:void(0)\" class=\"pld-dislike-trigger pld-like-dislike-trigger\" title=\"\" data-post-id=\"8675\" data-trigger-type=\"dislike\" data-restriction=\"cookie\" data-already-liked=\"0\">\r\n                        <i class=\"fas fa-thumbs-down\"><\/i>\r\n                <\/a>\r\n    <span class=\"pld-dislike-count-wrap pld-count-wrap\">0<\/span>\r\n<\/div><\/div>","protected":false},"excerpt":{"rendered":"<p>Luego de varias jornadas de trabajo evaluando la trayectoria, integralidad de la obra e impacto p\u00fablico de las propuestas del Consejo de Direcci\u00f3n de la Televisi\u00f3n Cubana para recibir el Premio Peque\u00f1a Pantalla 2025, el jurado del lauro seleccion\u00f3 a un grupo de profesionales de todo el pa\u00eds con un amplio y destacado recorrido en [&hellip;]<\/p>\n","protected":false},"author":7,"featured_media":8690,"comment_status":"open","ping_status":"closed","sticky":false,"template":"","format":"standard","meta":{"_bbp_topic_count":0,"_bbp_reply_count":0,"_bbp_total_topic_count":0,"_bbp_total_reply_count":0,"_bbp_voice_count":0,"_bbp_anonymous_reply_count":0,"_bbp_topic_count_hidden":0,"_bbp_reply_count_hidden":0,"_bbp_forum_subforum_count":0,"_glsr_average":0,"_glsr_ranking":0,"_glsr_reviews":0,"footnotes":""},"categories":[10],"tags":[47,7,39,76],"class_list":["post-8675","post","type-post","status-publish","format-standard","has-post-thumbnail","hentry","category-nacionales","tag-comunicacion-social","tag-cuba","tag-ics","tag-television-cubana"],"acf":[],"_links":{"self":[{"href":"https:\/\/www.ics.gob.cu\/en\/wp-json\/wp\/v2\/posts\/8675","targetHints":{"allow":["GET"]}}],"collection":[{"href":"https:\/\/www.ics.gob.cu\/en\/wp-json\/wp\/v2\/posts"}],"about":[{"href":"https:\/\/www.ics.gob.cu\/en\/wp-json\/wp\/v2\/types\/post"}],"author":[{"embeddable":true,"href":"https:\/\/www.ics.gob.cu\/en\/wp-json\/wp\/v2\/users\/7"}],"replies":[{"embeddable":true,"href":"https:\/\/www.ics.gob.cu\/en\/wp-json\/wp\/v2\/comments?post=8675"}],"version-history":[{"count":4,"href":"https:\/\/www.ics.gob.cu\/en\/wp-json\/wp\/v2\/posts\/8675\/revisions"}],"predecessor-version":[{"id":8695,"href":"https:\/\/www.ics.gob.cu\/en\/wp-json\/wp\/v2\/posts\/8675\/revisions\/8695"}],"wp:featuredmedia":[{"embeddable":true,"href":"https:\/\/www.ics.gob.cu\/en\/wp-json\/wp\/v2\/media\/8690"}],"wp:attachment":[{"href":"https:\/\/www.ics.gob.cu\/en\/wp-json\/wp\/v2\/media?parent=8675"}],"wp:term":[{"taxonomy":"category","embeddable":true,"href":"https:\/\/www.ics.gob.cu\/en\/wp-json\/wp\/v2\/categories?post=8675"},{"taxonomy":"post_tag","embeddable":true,"href":"https:\/\/www.ics.gob.cu\/en\/wp-json\/wp\/v2\/tags?post=8675"}],"curies":[{"name":"wp","href":"https:\/\/api.w.org\/{rel}","templated":true}]}}