{"id":8717,"date":"2025-10-24T07:00:00","date_gmt":"2025-10-24T07:00:00","guid":{"rendered":"https:\/\/www.ics.gob.cu\/?p=8717"},"modified":"2025-10-24T00:30:07","modified_gmt":"2025-10-24T00:30:07","slug":"tv-cubana-75-anos-en-sus-hogares","status":"publish","type":"post","link":"https:\/\/www.ics.gob.cu\/en\/tv-cubana-75-anos-en-sus-hogares\/","title":{"rendered":"TV Cubana: 75 a\u00f1os en sus hogares"},"content":{"rendered":"<div class=\"pdfprnt-buttons pdfprnt-buttons-post pdfprnt-top-right\"><a href=\"https:\/\/www.ics.gob.cu\/en\/wp-json\/wp\/v2\/posts\/8717?print=print\" class=\"pdfprnt-button pdfprnt-button-print\" target=\"_blank\" ><img decoding=\"async\" src=\"https:\/\/www.ics.gob.cu\/wp-content\/plugins\/pdf-print\/images\/print.png\" alt=\"image_print\" title=\"Print Content\" \/><\/a><\/div>\n<p>El 24 de octubre de 1950 llegaron las primeras im\u00e1genes y sonidos a los telereceptores en La Habana, Cuba, aunque desde hac\u00eda doce d\u00edas hab\u00eda comenzado el per\u00edodo de experimentaci\u00f3n con vistas fijas y entrevistas.<\/p>\n\n\n\n<p>Junto a Brasil y M\u00e9xico, Cuba fue pionera en Am\u00e9rica Latina en introducir la televisi\u00f3n. Dicta la historia que desde 1946 ya se hac\u00edan pruebas de circuito cerrado, igualmente en la capital nacional.<\/p>\n\n\n\n<p>Poco a poco, el novedoso sistema de trasmisi\u00f3n fue ganando potencia y llegando a m\u00e1s territorios cubanos. No obstante, la televisi\u00f3n adquiri\u00f3 su verdadero papel transformador despu\u00e9s de 1959 con el triunfo de la Revoluci\u00f3n.<\/p>\n\n\n\n<p>Desde esa fecha y hasta 1962 en la radio y la televisi\u00f3n cubanas hubo profundos cambios, proceso que tuvo que ver con el tr\u00e1nsito de la propiedad privada a la estatal, impulsado por el gobierno revolucionario.<\/p>\n\n\n\n<p>Con la creaci\u00f3n del ICR en 1962 inicia un profundo perfeccionamiento y consolidaci\u00f3n de este medio y su funci\u00f3n de desarrollo social. En el Informe Central presentado en el primer Congreso del Partido Comunista de Cuba, en 1975, el presidente cubano expres\u00f3:<\/p>\n\n\n\n<p>\u201cEn 1959 el monopolio de la radio y la televisi\u00f3n, con el respaldo de firmas norteamericanas y capitales nacionales, mostraban un s\u00f3lido andamiaje. Se hab\u00eda iniciado la venta de libretos y cintas grabadas de programas a m\u00e1s de diez pa\u00edses de Am\u00e9rica Latina, y con esto la radio capitalista de Cuba era una fuente de deformaci\u00f3n y penetraci\u00f3n ideol\u00f3gica no solo para Cuba, sino que se extend\u00eda a otros pueblos. Siete canales de televisi\u00f3n, seis de ellos en La Habana, de los cuales dos ten\u00edan te\u00f3ricamente alcance nacional, cinco cadenas nacionales de radio, quince emisoras provinciales y noventa locales, constitu\u00edan el r\u00e9gimen an\u00e1rquico que bajo la libre prensa envolv\u00edan los medios de comunicaci\u00f3n masiva\u201d.<\/p>\n\n\n\n<p>En 1976, a propuesta de los acuerdos del primer Congreso del PCC, el ICR pasa a ser el Instituto Cubano de Radio y Televisi\u00f3n (ICRT). Esto impuso novedosas formas de trabajo al sistema ya establecido y un mayor compromiso con el p\u00fablico al que iba dirigida su producci\u00f3n.<\/p>\n\n\n\n<figure class=\"wp-block-image size-full\"><img loading=\"lazy\" decoding=\"async\" width=\"1000\" height=\"707\" src=\"https:\/\/www.ics.gob.cu\/wp-content\/uploads\/2025\/10\/IMG-20251023-WA0061.jpg\" alt=\"\" class=\"wp-image-8719\" srcset=\"https:\/\/www.ics.gob.cu\/wp-content\/uploads\/2025\/10\/IMG-20251023-WA0061.jpg 1000w, https:\/\/www.ics.gob.cu\/wp-content\/uploads\/2025\/10\/IMG-20251023-WA0061-300x212.jpg 300w, https:\/\/www.ics.gob.cu\/wp-content\/uploads\/2025\/10\/IMG-20251023-WA0061-768x543.jpg 768w, https:\/\/www.ics.gob.cu\/wp-content\/uploads\/2025\/10\/IMG-20251023-WA0061-18x12.jpg 18w\" sizes=\"auto, (max-width: 1000px) 100vw, 1000px\" \/><\/figure>\n\n\n\n<p>En 75 a\u00f1os de historia, sobre todo en los \u00faltimos 66, la televisi\u00f3n cubana ha sido la fiel compa\u00f1era de nuestro pueblo. Los momentos felices, tristes, trascendentales, nuestros \u00e9xitos en el deporte, la pol\u00edtica, la ciencia o la cultura han encontrado en ella la v\u00eda para llegar a los p\u00fablicos.<\/p>\n\n\n\n<p>La TV ha tenido y tiene hoy un papel fundamental en la educaci\u00f3n del pa\u00eds. El programa Universidad para Todos y las teleclases han sido puntal en este sentido. Estas \u00faltimas, sobre todo en la pandemia de Covid-19 fueron clave para mantener en marcha el sistema educativo en las diferentes ense\u00f1anzas.<\/p>\n\n\n\n<p>Miles de artistas, periodistas, comunicadores, locutores, guionistas, asesores, personal t\u00e9cnico y tambi\u00e9n directivos han pasado por el medio televisivo en estas siete d\u00e9cadas y media de existencia. Todos, absolutamente todos, han puesto su granito de arena y dejado su sello para poder disfrutar de una televisi\u00f3n m\u00e1s atractiva e instructiva, apegada a la verdad.<\/p>\n\n\n\n<p>Siempre ha existido la voluntad pol\u00edtica y el compromiso con el pueblo que ha permitido que en todas la provincias existan Telecentros y canales municipales en la mayor\u00eda de los territorios del pa\u00eds, as\u00ed como la se\u00f1al de Cubavisi\u00f3n Internacional, \u201cDe Cuba para el mundo\u201d. Adem\u00e1s, se han transformado en multimedios, con presencia en todos los espacios digitales.<\/p>\n\n\n\n<p>Muchas felicidades a quienes formaron parte de ella desde sus inicios, a quienes ya no est\u00e1n y a quienes permanecen. A los que ahora mismo son el sustento y el impulso de este maravilloso medio, s\u00e9panse continuadores de un legado que cada d\u00eda se enriquece.<\/p>\n<div class=\"pld-like-dislike-wrap pld-template-1\">\r\n    <div class=\"pld-like-wrap  pld-common-wrap\">\r\n    <a href=\"javascript:void(0)\" class=\"pld-like-trigger pld-like-dislike-trigger\" title=\"\" data-post-id=\"8717\" data-trigger-type=\"like\" data-restriction=\"cookie\" data-already-liked=\"0\">\r\n                        <i class=\"fas fa-thumbs-up\"><\/i>\r\n                <\/a>\r\n    <span class=\"pld-like-count-wrap pld-count-wrap\">0    <\/span>\r\n<\/div><div class=\"pld-dislike-wrap  pld-common-wrap\">\r\n    <a href=\"javascript:void(0)\" class=\"pld-dislike-trigger pld-like-dislike-trigger\" title=\"\" data-post-id=\"8717\" data-trigger-type=\"dislike\" data-restriction=\"cookie\" data-already-liked=\"0\">\r\n                        <i class=\"fas fa-thumbs-down\"><\/i>\r\n                <\/a>\r\n    <span class=\"pld-dislike-count-wrap pld-count-wrap\">0<\/span>\r\n<\/div><\/div>","protected":false},"excerpt":{"rendered":"<p>El 24 de octubre de 1950 llegaron las primeras im\u00e1genes y sonidos a los telereceptores en La Habana, Cuba, aunque desde hac\u00eda doce d\u00edas hab\u00eda comenzado el per\u00edodo de experimentaci\u00f3n con vistas fijas y entrevistas. Junto a Brasil y M\u00e9xico, Cuba fue pionera en Am\u00e9rica Latina en introducir la televisi\u00f3n. Dicta la historia que desde [&hellip;]<\/p>\n","protected":false},"author":6,"featured_media":8718,"comment_status":"open","ping_status":"closed","sticky":false,"template":"","format":"standard","meta":{"_bbp_topic_count":0,"_bbp_reply_count":0,"_bbp_total_topic_count":0,"_bbp_total_reply_count":0,"_bbp_voice_count":0,"_bbp_anonymous_reply_count":0,"_bbp_topic_count_hidden":0,"_bbp_reply_count_hidden":0,"_bbp_forum_subforum_count":0,"_glsr_average":0,"_glsr_ranking":0,"_glsr_reviews":0,"footnotes":""},"categories":[10],"tags":[47,7,59,39,64,76],"class_list":["post-8717","post","type-post","status-publish","format-standard","has-post-thumbnail","hentry","category-nacionales","tag-comunicacion-social","tag-cuba","tag-educacion-para-la-comunicacion","tag-ics","tag-revolucion-cubana","tag-television-cubana"],"acf":[],"_links":{"self":[{"href":"https:\/\/www.ics.gob.cu\/en\/wp-json\/wp\/v2\/posts\/8717","targetHints":{"allow":["GET"]}}],"collection":[{"href":"https:\/\/www.ics.gob.cu\/en\/wp-json\/wp\/v2\/posts"}],"about":[{"href":"https:\/\/www.ics.gob.cu\/en\/wp-json\/wp\/v2\/types\/post"}],"author":[{"embeddable":true,"href":"https:\/\/www.ics.gob.cu\/en\/wp-json\/wp\/v2\/users\/6"}],"replies":[{"embeddable":true,"href":"https:\/\/www.ics.gob.cu\/en\/wp-json\/wp\/v2\/comments?post=8717"}],"version-history":[{"count":2,"href":"https:\/\/www.ics.gob.cu\/en\/wp-json\/wp\/v2\/posts\/8717\/revisions"}],"predecessor-version":[{"id":8721,"href":"https:\/\/www.ics.gob.cu\/en\/wp-json\/wp\/v2\/posts\/8717\/revisions\/8721"}],"wp:featuredmedia":[{"embeddable":true,"href":"https:\/\/www.ics.gob.cu\/en\/wp-json\/wp\/v2\/media\/8718"}],"wp:attachment":[{"href":"https:\/\/www.ics.gob.cu\/en\/wp-json\/wp\/v2\/media?parent=8717"}],"wp:term":[{"taxonomy":"category","embeddable":true,"href":"https:\/\/www.ics.gob.cu\/en\/wp-json\/wp\/v2\/categories?post=8717"},{"taxonomy":"post_tag","embeddable":true,"href":"https:\/\/www.ics.gob.cu\/en\/wp-json\/wp\/v2\/tags?post=8717"}],"curies":[{"name":"wp","href":"https:\/\/api.w.org\/{rel}","templated":true}]}}