{"id":8722,"date":"2025-10-24T02:11:17","date_gmt":"2025-10-24T02:11:17","guid":{"rendered":"https:\/\/www.ics.gob.cu\/?p=8722"},"modified":"2025-10-24T02:13:07","modified_gmt":"2025-10-24T02:13:07","slug":"en-nuestra-television-late-el-pulso-de-la-nacion","status":"publish","type":"post","link":"https:\/\/www.ics.gob.cu\/en\/en-nuestra-television-late-el-pulso-de-la-nacion\/","title":{"rendered":"En nuestra televisi\u00f3n late el pulso de\u00a0la\u00a0naci\u00f3n"},"content":{"rendered":"<div class=\"pdfprnt-buttons pdfprnt-buttons-post pdfprnt-top-right\"><a href=\"https:\/\/www.ics.gob.cu\/en\/wp-json\/wp\/v2\/posts\/8722?print=print\" class=\"pdfprnt-button pdfprnt-button-print\" target=\"_blank\" ><img decoding=\"async\" src=\"https:\/\/www.ics.gob.cu\/wp-content\/plugins\/pdf-print\/images\/print.png\" alt=\"image_print\" title=\"Print Content\" \/><\/a><\/div>\n<p><strong>PALABRAS DE JOS\u00c9 CARLOS ZARAGOZA SU\u00c1REZ, DIRECTOR GENERAL DE LA TVC, EN EL ACTO POR EL ANIVERSARIO 75 DE LA TELEVISI\u00d3N CUBANA<\/strong><\/p>\n\n\n\n<p>Memorial Jos\u00e9 Mart\u00ed, 23 de octubre de 2025<\/p>\n\n\n\n<p>Compa\u00f1eros de la Presidencia<\/p>\n\n\n\n<p>Queridos invitados<\/p>\n\n\n\n<p>Estimados todos<\/p>\n\n\n\n<p>Cuando pensaba en el reto de dirigir la palabra a quienes a\u00fan tienen muchas an\u00e9cdotas que contar y han construido el d\u00eda a d\u00eda de la televisi\u00f3n en Cuba, y de manera especial los Premios Nacionales y otros profesionales aqu\u00ed presentes, que han dedicado a la TV la mayor parte de sus vidas, \u00a0me animaba el hecho de asumirlo como un acto de humildad, respeto, orgullo, y de compromiso.<\/p>\n\n\n\n<figure class=\"wp-block-image size-full\"><img loading=\"lazy\" decoding=\"async\" width=\"840\" height=\"560\" src=\"https:\/\/www.ics.gob.cu\/wp-content\/uploads\/2025\/10\/Imagen-de-WhatsApp-2025-10-23-a-las-19.05.27_edad1b69-1.jpg\" alt=\"\" class=\"wp-image-8731\" srcset=\"https:\/\/www.ics.gob.cu\/wp-content\/uploads\/2025\/10\/Imagen-de-WhatsApp-2025-10-23-a-las-19.05.27_edad1b69-1.jpg 840w, https:\/\/www.ics.gob.cu\/wp-content\/uploads\/2025\/10\/Imagen-de-WhatsApp-2025-10-23-a-las-19.05.27_edad1b69-1-300x200.jpg 300w, https:\/\/www.ics.gob.cu\/wp-content\/uploads\/2025\/10\/Imagen-de-WhatsApp-2025-10-23-a-las-19.05.27_edad1b69-1-768x512.jpg 768w, https:\/\/www.ics.gob.cu\/wp-content\/uploads\/2025\/10\/Imagen-de-WhatsApp-2025-10-23-a-las-19.05.27_edad1b69-1-18x12.jpg 18w\" sizes=\"auto, (max-width: 840px) 100vw, 840px\" \/><\/figure>\n\n\n\n<p>Vivimos en una era multimedial, pero la televisi\u00f3n en Cuba sigue llegando con fuerza a los hogares a trav\u00e9s de la pantalla tradicional. Frente al televisor se concentra la familia cuando hay productos audiovisuales de alta calidad que provocan el goce colectivo y convocan a todas las edades por igual.<\/p>\n\n\n\n<p>En su art\u00edculo \u00abLa televisi\u00f3n: lo m\u00e1s importante de lo menos importante\u00bb, el periodista y experto en comunicaci\u00f3n colombiano Omar Rinc\u00f3n, reconoce que sin la televisi\u00f3n, al pensar en ella como invento humano, ya no podr\u00edamos vivir, porque es incentivo para el crecimiento personal y social; de ah\u00ed que sea el catalizador tanto de mundos individuales en los que la imaginaci\u00f3n y el disfrute son protagonistas como de los actos m\u00e1s naturales (a veces hasta simb\u00f3licos) que la cotidianidad ofrece: hablamos de hechos de todos los d\u00edas como hablar por tel\u00e9fono, comunicarse con la pareja, comer, consentir a los ni\u00f1os, dormir, so\u00f1ar, llorar, aburrirse, divertirse. Es que, sin dudas, la televisi\u00f3n con el tiempo \u00abse convirti\u00f3 en s\u00edmbolo de prestigio y en el nuevo fuego en torno al cual reunirse\u00bb.<\/p>\n\n\n\n<p>Y en Cuba, a pesar de que pasamos mucho tiempo en Facebook o de que cada vez descubrimos m\u00e1s YouTube, a\u00fan la familia prefiere enterarse o confirmar las noticias por el Noticiero Estelar o esperar que suenen las notas del Himno Nacional a la medianoche junto a la programaci\u00f3n de fin de a\u00f1o.<\/p>\n\n\n\n<p>Eso, por solo mencionar dos momentos que nos enlazan desde la punta de Mais\u00ed hasta el cabo de San Antonio, a trav\u00e9s de ese equipo que, por lo general, ocupa una posici\u00f3n privilegiada en cada hogar cubano.<\/p>\n\n\n\n<p>Recientemente celebramos, por el aniversario 75, TV Morfosis, un evento cient\u00edfico para pensar la televisi\u00f3n del futuro y sentimos, con una de las ponencias presentadas sobre el nacimiento de la televisi\u00f3n en Colombia, el regocijo y el reconocimiento a los profesionales y t\u00e9cnicos cubanos que contribuyeron a hacerlo una realidad. Y es que, la televisi\u00f3n en Cuba entre las pioneras en Latinoam\u00e9rica, desde los a\u00f1os 50 a la actualidad, aunque no ha tenido f\u00e1cil el camino recorrido, no han sido pocos los compromisos que ha asumido y son inolvidables las mujeres y hombres que han hecho posible su crecimiento.<\/p>\n\n\n\n<figure class=\"wp-block-image size-full\"><img loading=\"lazy\" decoding=\"async\" width=\"1020\" height=\"460\" src=\"https:\/\/www.ics.gob.cu\/wp-content\/uploads\/2025\/10\/Imagen-de-WhatsApp-2025-10-23-a-las-20.04.58_b0f8d210-1.jpg\" alt=\"\" class=\"wp-image-8732\" srcset=\"https:\/\/www.ics.gob.cu\/wp-content\/uploads\/2025\/10\/Imagen-de-WhatsApp-2025-10-23-a-las-20.04.58_b0f8d210-1.jpg 1020w, https:\/\/www.ics.gob.cu\/wp-content\/uploads\/2025\/10\/Imagen-de-WhatsApp-2025-10-23-a-las-20.04.58_b0f8d210-1-300x135.jpg 300w, https:\/\/www.ics.gob.cu\/wp-content\/uploads\/2025\/10\/Imagen-de-WhatsApp-2025-10-23-a-las-20.04.58_b0f8d210-1-768x346.jpg 768w, https:\/\/www.ics.gob.cu\/wp-content\/uploads\/2025\/10\/Imagen-de-WhatsApp-2025-10-23-a-las-20.04.58_b0f8d210-1-18x8.jpg 18w\" sizes=\"auto, (max-width: 1020px) 100vw, 1020px\" \/><\/figure>\n\n\n\n<p>La televisi\u00f3n de los 50 tuvo marcado inter\u00e9s comercial y con el triunfo de la Revoluci\u00f3n cubana en 1959 comenz\u00f3 a transformarse, se fueron incorporando contenidos favorecedores de la formaci\u00f3n pol\u00edtica, educativa y cultural de la poblaci\u00f3n y en ese devenir hoy contamos con una televisi\u00f3n p\u00fablica que convoca a la participaci\u00f3n ciudadana desde las televisoras locales en todo el pa\u00eds hasta los canales nacionales, o la experiencia singular de la televisi\u00f3n Serrana.<\/p>\n\n\n\n<p>La televisi\u00f3n p\u00fablica intenta transformar su gesti\u00f3n en multimedios y multiplataformas, y ese no es un reto menor en un panorama global donde los algoritmos pujan por imponerse, en un escenario de alta complejidad econ\u00f3mica como el que vivimos, donde la obsolescencia tecnol\u00f3gica nos exige reinventar cada d\u00eda nuestras din\u00e1micas, donde las l\u00f3gicas productivas se encarecen y los recursos humanos necesitan capacitaci\u00f3n constante en un mundo que polemiza en torno a la inteligencia artificial.<\/p>\n\n\n\n<p>Por ello, en d\u00edas de celebraciones es obligado pensar no solo en el camino recorrido sino en los retos por venir. Y si queremos seguir defendiendo la televisi\u00f3n en Cuba deberemos trabajar para que siga pareci\u00e9ndose a la vida, deber\u00e1 ser tan divertida como somos los cubanos, tendr\u00e1 que seguir contando historias humanas y divinas, deber\u00e1 seguir abri\u00e9ndose como las p\u00e1ginas de un libro para intercambiar saberes, deber\u00e1 seguir como compa\u00f1era imprescindible de la gesta revolucionaria y continuar como ventana para escuchar las voces y ver los rostros de los pueblos.<\/p>\n\n\n\n<figure class=\"wp-block-image size-full\"><img loading=\"lazy\" decoding=\"async\" width=\"1020\" height=\"460\" src=\"https:\/\/www.ics.gob.cu\/wp-content\/uploads\/2025\/10\/Imagen-de-WhatsApp-2025-10-23-a-las-20.04.23_6071efbc-1.jpg\" alt=\"\" class=\"wp-image-8733\" srcset=\"https:\/\/www.ics.gob.cu\/wp-content\/uploads\/2025\/10\/Imagen-de-WhatsApp-2025-10-23-a-las-20.04.23_6071efbc-1.jpg 1020w, https:\/\/www.ics.gob.cu\/wp-content\/uploads\/2025\/10\/Imagen-de-WhatsApp-2025-10-23-a-las-20.04.23_6071efbc-1-300x135.jpg 300w, https:\/\/www.ics.gob.cu\/wp-content\/uploads\/2025\/10\/Imagen-de-WhatsApp-2025-10-23-a-las-20.04.23_6071efbc-1-768x346.jpg 768w, https:\/\/www.ics.gob.cu\/wp-content\/uploads\/2025\/10\/Imagen-de-WhatsApp-2025-10-23-a-las-20.04.23_6071efbc-1-18x8.jpg 18w\" sizes=\"auto, (max-width: 1020px) 100vw, 1020px\" \/><\/figure>\n\n\n\n<p>En este aniversario 75 de la Televisi\u00f3n Cubana, honramos su invaluable legado y a cada una de las personas que, con dedicaci\u00f3n incansable, han tejido su historia. Que esta celebraci\u00f3n sea un tributo sincero de respeto hacia sus art\u00edfices, un eco de orgullo por los logros alcanzados y un compromiso firme para superar los desaf\u00edos futuros. Porque en sus pantallas late el pulso de nuestra naci\u00f3n, y en su porvenir, la promesa de seguir enriqueciendo vidas con la pasi\u00f3n y humanidad que nos define como cubanos.<\/p>\n\n\n\n<p>Agradecemos a todos los que la hacen posible cada d\u00eda, y miramos con optimismo hacia un ma\u00f1ana donde nuestra televisi\u00f3n siga transform\u00e1ndose para inspirar y unir a generaciones enteras.<\/p>\n\n\n\n<p>A TODOS, MUCHAS FELICIDADES<\/p>\n<div class=\"pld-like-dislike-wrap pld-template-1\">\r\n    <div class=\"pld-like-wrap  pld-common-wrap\">\r\n    <a href=\"javascript:void(0)\" class=\"pld-like-trigger pld-like-dislike-trigger\" title=\"\" data-post-id=\"8722\" data-trigger-type=\"like\" data-restriction=\"cookie\" data-already-liked=\"0\">\r\n                        <i class=\"fas fa-thumbs-up\"><\/i>\r\n                <\/a>\r\n    <span class=\"pld-like-count-wrap pld-count-wrap\">0    <\/span>\r\n<\/div><div class=\"pld-dislike-wrap  pld-common-wrap\">\r\n    <a href=\"javascript:void(0)\" class=\"pld-dislike-trigger pld-like-dislike-trigger\" title=\"\" data-post-id=\"8722\" data-trigger-type=\"dislike\" data-restriction=\"cookie\" data-already-liked=\"0\">\r\n                        <i class=\"fas fa-thumbs-down\"><\/i>\r\n                <\/a>\r\n    <span class=\"pld-dislike-count-wrap pld-count-wrap\">0<\/span>\r\n<\/div><\/div>","protected":false},"excerpt":{"rendered":"<p>PALABRAS DE JOS\u00c9 CARLOS ZARAGOZA SU\u00c1REZ, DIRECTOR GENERAL DE LA TVC, EN EL ACTO POR EL ANIVERSARIO 75 DE LA TELEVISI\u00d3N CUBANA Memorial Jos\u00e9 Mart\u00ed, 23 de octubre de 2025 Compa\u00f1eros de la Presidencia Queridos invitados Estimados todos Cuando pensaba en el reto de dirigir la palabra a quienes a\u00fan tienen muchas an\u00e9cdotas que contar [&hellip;]<\/p>\n","protected":false},"author":7,"featured_media":8724,"comment_status":"open","ping_status":"closed","sticky":false,"template":"","format":"standard","meta":{"_bbp_topic_count":0,"_bbp_reply_count":0,"_bbp_total_topic_count":0,"_bbp_total_reply_count":0,"_bbp_voice_count":0,"_bbp_anonymous_reply_count":0,"_bbp_topic_count_hidden":0,"_bbp_reply_count_hidden":0,"_bbp_forum_subforum_count":0,"_glsr_average":0,"_glsr_ranking":0,"_glsr_reviews":0,"footnotes":""},"categories":[10],"tags":[39,76],"class_list":["post-8722","post","type-post","status-publish","format-standard","has-post-thumbnail","hentry","category-nacionales","tag-ics","tag-television-cubana"],"acf":[],"_links":{"self":[{"href":"https:\/\/www.ics.gob.cu\/en\/wp-json\/wp\/v2\/posts\/8722","targetHints":{"allow":["GET"]}}],"collection":[{"href":"https:\/\/www.ics.gob.cu\/en\/wp-json\/wp\/v2\/posts"}],"about":[{"href":"https:\/\/www.ics.gob.cu\/en\/wp-json\/wp\/v2\/types\/post"}],"author":[{"embeddable":true,"href":"https:\/\/www.ics.gob.cu\/en\/wp-json\/wp\/v2\/users\/7"}],"replies":[{"embeddable":true,"href":"https:\/\/www.ics.gob.cu\/en\/wp-json\/wp\/v2\/comments?post=8722"}],"version-history":[{"count":5,"href":"https:\/\/www.ics.gob.cu\/en\/wp-json\/wp\/v2\/posts\/8722\/revisions"}],"predecessor-version":[{"id":8735,"href":"https:\/\/www.ics.gob.cu\/en\/wp-json\/wp\/v2\/posts\/8722\/revisions\/8735"}],"wp:featuredmedia":[{"embeddable":true,"href":"https:\/\/www.ics.gob.cu\/en\/wp-json\/wp\/v2\/media\/8724"}],"wp:attachment":[{"href":"https:\/\/www.ics.gob.cu\/en\/wp-json\/wp\/v2\/media?parent=8722"}],"wp:term":[{"taxonomy":"category","embeddable":true,"href":"https:\/\/www.ics.gob.cu\/en\/wp-json\/wp\/v2\/categories?post=8722"},{"taxonomy":"post_tag","embeddable":true,"href":"https:\/\/www.ics.gob.cu\/en\/wp-json\/wp\/v2\/tags?post=8722"}],"curies":[{"name":"wp","href":"https:\/\/api.w.org\/{rel}","templated":true}]}}