{"id":9153,"date":"2026-01-21T21:28:07","date_gmt":"2026-01-21T21:28:07","guid":{"rendered":"https:\/\/www.ics.gob.cu\/?p=9153"},"modified":"2026-01-23T23:14:23","modified_gmt":"2026-01-23T23:14:23","slug":"sesiona-6to-festival-nacional-virtual-de-la-prensa-cubana","status":"publish","type":"post","link":"https:\/\/www.ics.gob.cu\/en\/sesiona-6to-festival-nacional-virtual-de-la-prensa-cubana\/","title":{"rendered":"Sesiona 6to. Festival Nacional Virtual de la Prensa cubana"},"content":{"rendered":"<div class=\"pdfprnt-buttons pdfprnt-buttons-post pdfprnt-top-right\"><a href=\"https:\/\/www.ics.gob.cu\/en\/wp-json\/wp\/v2\/posts\/9153?print=print\" class=\"pdfprnt-button pdfprnt-button-print\" target=\"_blank\" ><img decoding=\"async\" src=\"https:\/\/www.ics.gob.cu\/wp-content\/plugins\/pdf-print\/images\/print.png\" alt=\"image_print\" title=\"Print Content\" \/><\/a><\/div>\n<p>\u00abIniciamos este sexto Festival Nacional Virtual de la Prensa bajo una doble conmoci\u00f3n: la muerte heroica de los 32 cubanos ca\u00eddos en Venezuela y la honrosa y multitudinaria reacci\u00f3n de los cubanos al recibir sus restos en la patria y en respuesta a los ultim\u00e1tum de quienes pretenden establecer una dictadura mundial contra toda regla civilizatoria\u201d.<\/p>\n\n\n\n<p>Fueron las palabras iniciales del Presidente de la Uni\u00f3n de Periodistas de Cuba, Ricardo Ronquillo Bello, esta ma\u00f1ana de mi\u00e9rcoles, al dejar inaugurado el tan importante encuentro para la presentaci\u00f3n de proyectos de innovaci\u00f3n de nuestros medios fundamentales de comunicaci\u00f3n social, la articulaci\u00f3n y la necesaria socializaci\u00f3n de experiencias, en momentos en los que Cuba y las causas m\u00e1s nobles y justas de la izquierda mundial, enfrentan amenazas sin precedentes, en los que la guerra comunicacional es la punta de lanza.<\/p>\n\n\n\n<p>A la inauguraci\u00f3n asistieron Yuniasky Crespo Baquero, miembro del Comit\u00e9 Central del Partido Comunista de Cuba (CCPCC) y jefa de su departamento ideol\u00f3gico, Alfonso Noya Mart\u00ednez, Presidente del ICS, as\u00ed como otros funcionarios del propio departamento ideol\u00f3gico, directivos del ICS y de medios fundamentales de la prensa cubana, la Presidencia de la UPEC y otros invitados.<\/p>\n\n\n\n<figure class=\"wp-block-gallery has-nested-images columns-default is-cropped wp-block-gallery-1 is-layout-flex wp-block-gallery-is-layout-flex\">\n<figure class=\"wp-block-image size-large\"><img loading=\"lazy\" decoding=\"async\" width=\"1020\" height=\"460\" data-id=\"9154\" src=\"https:\/\/www.ics.gob.cu\/wp-content\/uploads\/2026\/01\/166691.jpg\" alt=\"\" class=\"wp-image-9154\" srcset=\"https:\/\/www.ics.gob.cu\/wp-content\/uploads\/2026\/01\/166691.jpg 1020w, https:\/\/www.ics.gob.cu\/wp-content\/uploads\/2026\/01\/166691-300x135.jpg 300w, https:\/\/www.ics.gob.cu\/wp-content\/uploads\/2026\/01\/166691-768x346.jpg 768w, https:\/\/www.ics.gob.cu\/wp-content\/uploads\/2026\/01\/166691-18x8.jpg 18w\" sizes=\"auto, (max-width: 1020px) 100vw, 1020px\" \/><\/figure>\n<\/figure>\n\n\n\n<p>En sus palabras, Ronquillo Bello se\u00f1al\u00f3 que es deber ineludible de los patriotas cubanos acompa\u00f1ar la estremecedora reacci\u00f3n emocional de estos d\u00edas con otra racional, que nos permita hacer las evaluaciones profundas de lo que estos graves acontecimientos significan para la hermana Venezuela, para nuestro pa\u00eds, la regi\u00f3n y el mundo pero tambi\u00e9n los desaf\u00edos extraordinarios que los hechos espec\u00edficos y el nuevo contexto nos plantean para contribuir de forma decisiva a la invulnerabilidad comunicacional de Cuba.<\/p>\n\n\n\n<p>Destac\u00f3, adem\u00e1s, que la soberan\u00eda de cualquier pa\u00eds, se comienza a entender m\u00e1s n\u00edtidamente ahora y no depende solamente del control del territorio geogr\u00e1fico, pues no se trat\u00f3 solo de  un episodio \u201cmilitar\u201d convencional, sino una acci\u00f3n de dominaci\u00f3n multidominio (tierra, aire, mar, espacio, ciberespacio), donde el ciberespacio, el espectro electromagn\u00e9tico y la manipulaci\u00f3n informativa operaron como armas para desorganizar capacidades estatales, condicionar la percepci\u00f3n p\u00fablica y reducir los costos pol\u00edticos de la agresi\u00f3n.<\/p>\n\n\n\n<figure class=\"wp-block-gallery has-nested-images columns-default is-cropped wp-block-gallery-2 is-layout-flex wp-block-gallery-is-layout-flex\">\n<figure class=\"wp-block-image size-large\"><img loading=\"lazy\" decoding=\"async\" width=\"1024\" height=\"768\" data-id=\"9155\" src=\"https:\/\/www.ics.gob.cu\/wp-content\/uploads\/2026\/01\/166697-1024x768.jpg\" alt=\"\" class=\"wp-image-9155\" srcset=\"https:\/\/www.ics.gob.cu\/wp-content\/uploads\/2026\/01\/166697-1024x768.jpg 1024w, https:\/\/www.ics.gob.cu\/wp-content\/uploads\/2026\/01\/166697-300x225.jpg 300w, https:\/\/www.ics.gob.cu\/wp-content\/uploads\/2026\/01\/166697-768x576.jpg 768w, https:\/\/www.ics.gob.cu\/wp-content\/uploads\/2026\/01\/166697-16x12.jpg 16w, https:\/\/www.ics.gob.cu\/wp-content\/uploads\/2026\/01\/166697.jpg 1080w\" sizes=\"auto, (max-width: 1024px) 100vw, 1024px\" \/><\/figure>\n<\/figure>\n\n\n\n<p>Sobre el uso de la comunicaci\u00f3n con marcada manipulaci\u00f3n de la realidad para gestionar matrices de opinion favorables a las versiones contadas por el gobierno de Estados Unidos coment\u00f3 tambien el periodista cubano: \u00abNo hubo solo desinformaci\u00f3n, sino empleo de t\u00e1cticas para multiplicar versiones favorables al Ej\u00e9rcito de Estados Unidos, erosionar la confianza, dificultar la atribuci\u00f3n de fuentes y crear condiciones para imponer la versi\u00f3n de los centros de poder medi\u00e1tico y gubernamental estadounidense\u00bb.<\/p>\n\n\n\n<p>En las batallas que enfrentamos hoy, donde se pretende colonizar el relato y manejar conciencias bajo los intereses mas mezquinos, se hace urgente el analisis, el pensamiento cr\u00edtico,  contar con verdad y dignidad la realidad de nuestros pueblos. Para ello este espacio es propicio.<\/p>\n\n\n\n<figure class=\"wp-block-gallery has-nested-images columns-default is-cropped wp-block-gallery-3 is-layout-flex wp-block-gallery-is-layout-flex\">\n<figure class=\"wp-block-image size-large\"><img loading=\"lazy\" decoding=\"async\" width=\"1020\" height=\"460\" data-id=\"9156\" src=\"https:\/\/www.ics.gob.cu\/wp-content\/uploads\/2026\/01\/166681.jpg\" alt=\"\" class=\"wp-image-9156\" srcset=\"https:\/\/www.ics.gob.cu\/wp-content\/uploads\/2026\/01\/166681.jpg 1020w, https:\/\/www.ics.gob.cu\/wp-content\/uploads\/2026\/01\/166681-300x135.jpg 300w, https:\/\/www.ics.gob.cu\/wp-content\/uploads\/2026\/01\/166681-768x346.jpg 768w, https:\/\/www.ics.gob.cu\/wp-content\/uploads\/2026\/01\/166681-18x8.jpg 18w\" sizes=\"auto, (max-width: 1020px) 100vw, 1020px\" \/><\/figure>\n<\/figure>\n\n\n\n<p>Como expresara el Presidente de la UPEC, \u00abdebemos acelerar la transformaci\u00f3n de nuestra prensa, que tiene en este festival una plataforma de est\u00edmulo muy especial. Porque, como apuntamos en otras oportuniadades, mientras la important\u00edsima columna comunicacional que constituyen los medios p\u00fablicos o de las organizaciones pol\u00edticas y de masas muestran fisuras, se les anteponen, con fondos millonarios provenientes de Estados Unidos y de la derecha mundial, un ecosistema de medios contrarrevolucionarios y de sofisticados laboratorios de intoxicaci\u00f3n medi\u00e1tica. Persiste el doble desaf\u00edo de saldar las deudas sist\u00e9micas que arrastra el modelo de prensa y de comunicaci\u00f3n p\u00fablica del siglo XX y sincronizarlo con la llamada era de la convergencia\u00bb.<\/p>\n\n\n\n<p>Como una forma de continuar estimulando la revoluci\u00f3n digital y defender nuestro proceso social en este \u00e1mbito, el Festival tambien sigue abogando por la interrelacion entre mundo digital y anal\u00f3gico, entre medios tradicionales, digitales y vocer\u00edas para enfrentar la manipulaci\u00f3n, apostando a la creaci\u00f3n de una comunicaci\u00f3n cercana, asertiva, capaz de convivir en un escenario asim\u00e9trico. <\/p>\n\n\n\n<figure class=\"wp-block-gallery has-nested-images columns-default is-cropped wp-block-gallery-4 is-layout-flex wp-block-gallery-is-layout-flex\">\n<figure class=\"wp-block-image size-large\"><img loading=\"lazy\" decoding=\"async\" width=\"1020\" height=\"460\" data-id=\"9157\" src=\"https:\/\/www.ics.gob.cu\/wp-content\/uploads\/2026\/01\/166699.jpg\" alt=\"\" class=\"wp-image-9157\" srcset=\"https:\/\/www.ics.gob.cu\/wp-content\/uploads\/2026\/01\/166699.jpg 1020w, https:\/\/www.ics.gob.cu\/wp-content\/uploads\/2026\/01\/166699-300x135.jpg 300w, https:\/\/www.ics.gob.cu\/wp-content\/uploads\/2026\/01\/166699-768x346.jpg 768w, https:\/\/www.ics.gob.cu\/wp-content\/uploads\/2026\/01\/166699-18x8.jpg 18w\" sizes=\"auto, (max-width: 1020px) 100vw, 1020px\" \/><\/figure>\n<\/figure>\n\n\n\n<p>\u00abEste festival Julio Garc\u00eda Luis y sus premios nacionales de innovaci\u00f3n Juan Antonio Borrego tienen que convertirse, como remarcamos en eventos anteriores, en un catalizador imperturbable de los cambios a que nos obligan la despiadada guerra contra Cuba, ahora casi convertida en amenaza de sobrevivencia frente a un imperio belicoso y envalentonado, y a los que nos reclama nuestra sociedad cada vez m\u00e1s exigente, profunda y cr\u00edtica en medio del cerco y de los problemas estructurales por superar. Una sociedad cada vez m\u00e1s en red, m\u00e1s parte de la sociedad global y m\u00e1s ansiosa de un socialismo pleno y democr\u00e1tico, como se estamp\u00f3 en el modelo a construir en el siglo XXI\u00bb, dijo el Presidente de la UPEC.<\/p>\n\n\n\n<p>\u201cNo nos basta con hacer cumplir el precepto del maestro Julio Garc\u00eda Luis de que la libertad de prensa es el derecho de la sociedad organizada a tener medios.\u00bb Esa premisa hay que completarla con el derecho de esa sociedad a tener multimedios s\u00f3lidos, modernos, cre\u00edbles, innovadores, articulados entre s\u00ed y con sus iguales en el mundo y con una autoridad y ascendencia social que le permitan romper con el cerco de mentiras, soberbia y odios que pretende su desarme moral y simb\u00f3lico. <\/p>\n\n\n\n<p>\u00abSe lo debemos a Fidel, quien nos pidi\u00f3 tenerlo como uno de nosotros, en el Centenario de su natalicio\u00bb, concluy\u00f3. <\/p>\n\n\n\n<p>Durante tres d\u00edas tendr\u00e1 lugar este 6to Festival, en el que se reconocer\u00e1n los mejores proyectos, premios que otorgar\u00e1 un Jurado de profesionales de la comunicaci\u00f3n social en nuestro pa\u00eds, as\u00ed como especialistas del CITMA. La Facultad de Comunicaci\u00f3n de la Universidad de La Habana y el ICS entregar\u00e1n premios especiales.<\/p>\n\n\n\n<p><\/p>\n<div class=\"pld-like-dislike-wrap pld-template-1\">\r\n    <div class=\"pld-like-wrap  pld-common-wrap\">\r\n    <a href=\"javascript:void(0)\" class=\"pld-like-trigger pld-like-dislike-trigger\" title=\"\" data-post-id=\"9153\" data-trigger-type=\"like\" data-restriction=\"cookie\" data-already-liked=\"0\">\r\n                        <i class=\"fas fa-thumbs-up\"><\/i>\r\n                <\/a>\r\n    <span class=\"pld-like-count-wrap pld-count-wrap\">0    <\/span>\r\n<\/div><div class=\"pld-dislike-wrap  pld-common-wrap\">\r\n    <a href=\"javascript:void(0)\" class=\"pld-dislike-trigger pld-like-dislike-trigger\" title=\"\" data-post-id=\"9153\" data-trigger-type=\"dislike\" data-restriction=\"cookie\" data-already-liked=\"0\">\r\n                        <i class=\"fas fa-thumbs-down\"><\/i>\r\n                <\/a>\r\n    <span class=\"pld-dislike-count-wrap pld-count-wrap\">0<\/span>\r\n<\/div><\/div>","protected":false},"excerpt":{"rendered":"<p>\u00abIniciamos este sexto Festival Nacional Virtual de la Prensa bajo una doble conmoci\u00f3n: la muerte heroica de los 32 cubanos ca\u00eddos en Venezuela y la honrosa y multitudinaria reacci\u00f3n de los cubanos al recibir sus restos en la patria y en respuesta a los ultim\u00e1tum de quienes pretenden establecer una dictadura mundial contra toda regla [&hellip;]<\/p>\n","protected":false},"author":7,"featured_media":9158,"comment_status":"open","ping_status":"closed","sticky":false,"template":"","format":"standard","meta":{"_bbp_topic_count":0,"_bbp_reply_count":0,"_bbp_total_topic_count":0,"_bbp_total_reply_count":0,"_bbp_voice_count":0,"_bbp_anonymous_reply_count":0,"_bbp_topic_count_hidden":0,"_bbp_reply_count_hidden":0,"_bbp_forum_subforum_count":0,"_glsr_average":0,"_glsr_ranking":0,"_glsr_reviews":0,"footnotes":""},"categories":[10],"tags":[47,7,63,39],"class_list":["post-9153","post","type-post","status-publish","format-standard","has-post-thumbnail","hentry","category-nacionales","tag-comunicacion-social","tag-cuba","tag-fidel-castro","tag-ics"],"acf":[],"_links":{"self":[{"href":"https:\/\/www.ics.gob.cu\/en\/wp-json\/wp\/v2\/posts\/9153","targetHints":{"allow":["GET"]}}],"collection":[{"href":"https:\/\/www.ics.gob.cu\/en\/wp-json\/wp\/v2\/posts"}],"about":[{"href":"https:\/\/www.ics.gob.cu\/en\/wp-json\/wp\/v2\/types\/post"}],"author":[{"embeddable":true,"href":"https:\/\/www.ics.gob.cu\/en\/wp-json\/wp\/v2\/users\/7"}],"replies":[{"embeddable":true,"href":"https:\/\/www.ics.gob.cu\/en\/wp-json\/wp\/v2\/comments?post=9153"}],"version-history":[{"count":3,"href":"https:\/\/www.ics.gob.cu\/en\/wp-json\/wp\/v2\/posts\/9153\/revisions"}],"predecessor-version":[{"id":9175,"href":"https:\/\/www.ics.gob.cu\/en\/wp-json\/wp\/v2\/posts\/9153\/revisions\/9175"}],"wp:featuredmedia":[{"embeddable":true,"href":"https:\/\/www.ics.gob.cu\/en\/wp-json\/wp\/v2\/media\/9158"}],"wp:attachment":[{"href":"https:\/\/www.ics.gob.cu\/en\/wp-json\/wp\/v2\/media?parent=9153"}],"wp:term":[{"taxonomy":"category","embeddable":true,"href":"https:\/\/www.ics.gob.cu\/en\/wp-json\/wp\/v2\/categories?post=9153"},{"taxonomy":"post_tag","embeddable":true,"href":"https:\/\/www.ics.gob.cu\/en\/wp-json\/wp\/v2\/tags?post=9153"}],"curies":[{"name":"wp","href":"https:\/\/api.w.org\/{rel}","templated":true}]}}