{"id":9171,"date":"2026-01-23T23:13:21","date_gmt":"2026-01-23T23:13:21","guid":{"rendered":"https:\/\/www.ics.gob.cu\/?p=9171"},"modified":"2026-01-23T23:13:52","modified_gmt":"2026-01-23T23:13:52","slug":"premia-ics-proyecto-de-innovacion-radial-en-6to-festival-nacional-de-la-prensa","status":"publish","type":"post","link":"https:\/\/www.ics.gob.cu\/en\/premia-ics-proyecto-de-innovacion-radial-en-6to-festival-nacional-de-la-prensa\/","title":{"rendered":"PREMIA ICS PROYECTO DE INNOVACI\u00d3N RADIAL EN 6TO. FESTIVAL NACIONAL DE LA PRENSA"},"content":{"rendered":"<div class=\"pdfprnt-buttons pdfprnt-buttons-post pdfprnt-top-right\"><a href=\"https:\/\/www.ics.gob.cu\/en\/wp-json\/wp\/v2\/posts\/9171?print=print\" class=\"pdfprnt-button pdfprnt-button-print\" target=\"_blank\" ><img decoding=\"async\" src=\"https:\/\/www.ics.gob.cu\/wp-content\/plugins\/pdf-print\/images\/print.png\" alt=\"image_print\" title=\"Print Content\" \/><\/a><\/div>\n<p>Tras examinar los proyectos presentados como parte del Sexto Festival Nacional Virtual de la Prensa cubana \u00abJulio Garc\u00eda Luis\u00bb, el Instituto de Informaci\u00f3n y Comunicaci\u00f3n Social decidi\u00f3 otorgar su Premio al proyecto APK de la emisora Radio Sancti Sp\u00edritus, \u00abpor combinar de manera eficaz la interacci\u00f3n entre las diversas \u00e1reas, editorial, art\u00edstica y tecnol\u00f3gica y lograr un producto innovador, que se atiene a lo regulado en la Ley 162\/2023 \u00abDe Comunicaci\u00f3n Social\u00bb.<\/p>\n\n\n\n<p>Se trata de una propuesta transformadora, que multiplica las formas de recepci\u00f3n de la radio y permite explorar otras maneras y narrativas de impactar en los p\u00fablicos en un momento de alta complejidad.<\/p>\n\n\n\n<p>La presidencia del ICS aprecia la participaci\u00f3n y calidad de los proyectos presentados en la actual edici\u00f3n del Festival, realizado entre el 21 y el 23 de enero, en un contexto complejo de implementaci\u00f3n por parte de los medios fundamentales de comunicaci\u00f3n, de lo estipulado en la Ley 162 y sus disposiciones normativas complementarias.<\/p>\n\n\n\n<p>Lo anterior fue dado a conocer al mediod\u00eda de este viernes en la sede de la Uni\u00f3n de Periodistas de Cuba, como parte de la clausura del Festival, donde se compartieron tambi\u00e9n el resto de los medios premiados por el Jurado de esta edici\u00f3n:<br>&#8211;<strong>IDEAS MULTIMEDIOS<\/strong>: Por su capacidad de transformar la gesti\u00f3n comunicacional, integrar la inteligencia artificial, innovar en narrativas y audiencias, y garantizar la sostenibilidad de sus proyectos. IDEAS Multimedios, se erige como referente de innovaci\u00f3n en el sistema de medios p\u00fablicos cubanos.<br>-Agencia Cubana de Noticias (ACN): Este medio ha incorporado al canal de teletexto Se\u00f1al ACN una versi\u00f3n personalizada del sistema multiplataforma CounTV, herramienta permite redactar noticias y gestionar contenidos multimedia -im\u00e1genes, videos y audios- para ofrecer informaci\u00f3n continua durante las 24 horas, destinada a Cuba, al Caribe insular, a gran parte de Sudam\u00e9rica y a la franja suratl\u00e1ntica de Estados Unidos.<br>&#8211;<strong>RADIO SANCTI SP\u00cdRITUS<\/strong>: Por el dise\u00f1o de una aplicaci\u00f3n que pone \u00e9nfasis en la escucha social y en la gesti\u00f3n de medios p\u00fablicos desde la base de estudios cient\u00edficos. Es una radio en la que convergen adem\u00e1s diferentes formas de producci\u00f3n que articulan los diversos lenguajes de la narrativa digital. En el contexto cubano esa emisora y sus contenidos multiplataforma se convierten en una v\u00eda de informaci\u00f3n y facilitaci\u00f3n social para las audiencias.<br>&#8211;<strong>PERI\u00d3DICO HUMOR\u00cdSTICO \u00abPALANTE\u00bb<\/strong>: Por la novedad innovadora de presentar sus tradicionales personajes recreados con el uso de la inteligencia artificial sin perder las esencias educativas e hist\u00f3ricas. Palante se ha consolidado como un referente de innovaci\u00f3n en el \u00e1mbito de la comunicaci\u00f3n y el humor gr\u00e1fico, gracias a su capacidad de reinventarse y conectar con nuevas generaciones.<br>&#8211;<strong>RADIO CUMANAYAGUA<\/strong>: Por el proyecto \u00abRadio Cumanayagua va por la tierra\u00bb, concebido para promover el desarrollo sostenible en la comunidad en la cual se inserta. Se emplea un formato radiof\u00f3nico din\u00e1mico y participativo desde el formato de podcast que orienta a la audiencia para la adopci\u00f3n de h\u00e1bitos m\u00e1s responsables con el medio ambiente.<br>-Mejor trabajo acad\u00e9mico que tributa al modelo de prensa: <strong>EDITORA ESCAMBRAY<\/strong>, por el Modelo de gesti\u00f3n de los procesos editoriales, de innovaci\u00f3n, econ\u00f3micos y tecnol\u00f3gicos de esa marca, para consolidar su autoridad social y credibilidad en correspondencia con las pol\u00edticas p\u00fablicas en el nuevo escenario cubano.<br>-Premio por el Centenario del Comandante en Jefe Fidel Castro a: \u201cEl siglo de Fidel\u201d, de <strong>IDEAS MULTIMEDIOS<\/strong>. Esta serie multiplataforma es parte de la estrategia de innovaci\u00f3n del grupo, y crea contenidos de elevado valor hist\u00f3rico mediante formatos m\u00e1s modernos y atractivos para una audiencia heterog\u00e9nea, con \u00e9nfasis en un p\u00fablico joven.<\/p>\n\n\n\n<p>A todos muchos \u00e9xitos y felicidades. Tambi\u00e9n a la Uni\u00f3n de Periodistas de Cuba por el impulso a las necesarias transformaciones de la prensa cubana.<\/p>\n<div class=\"pld-like-dislike-wrap pld-template-1\">\r\n    <div class=\"pld-like-wrap  pld-common-wrap\">\r\n    <a href=\"javascript:void(0)\" class=\"pld-like-trigger pld-like-dislike-trigger\" title=\"\" data-post-id=\"9171\" data-trigger-type=\"like\" data-restriction=\"cookie\" data-already-liked=\"0\">\r\n                        <i class=\"fas fa-thumbs-up\"><\/i>\r\n                <\/a>\r\n    <span class=\"pld-like-count-wrap pld-count-wrap\">0    <\/span>\r\n<\/div><div class=\"pld-dislike-wrap  pld-common-wrap\">\r\n    <a href=\"javascript:void(0)\" class=\"pld-dislike-trigger pld-like-dislike-trigger\" title=\"\" data-post-id=\"9171\" data-trigger-type=\"dislike\" data-restriction=\"cookie\" data-already-liked=\"0\">\r\n                        <i class=\"fas fa-thumbs-down\"><\/i>\r\n                <\/a>\r\n    <span class=\"pld-dislike-count-wrap pld-count-wrap\">0<\/span>\r\n<\/div><\/div>","protected":false},"excerpt":{"rendered":"<p>Tras examinar los proyectos presentados como parte del Sexto Festival Nacional Virtual de la Prensa cubana \u00abJulio Garc\u00eda Luis\u00bb, el Instituto de Informaci\u00f3n y Comunicaci\u00f3n Social decidi\u00f3 otorgar su Premio al proyecto APK de la emisora Radio Sancti Sp\u00edritus, \u00abpor combinar de manera eficaz la interacci\u00f3n entre las diversas \u00e1reas, editorial, art\u00edstica y tecnol\u00f3gica y [&hellip;]<\/p>\n","protected":false},"author":7,"featured_media":9172,"comment_status":"open","ping_status":"closed","sticky":false,"template":"","format":"standard","meta":{"_bbp_topic_count":0,"_bbp_reply_count":0,"_bbp_total_topic_count":0,"_bbp_total_reply_count":0,"_bbp_voice_count":0,"_bbp_anonymous_reply_count":0,"_bbp_topic_count_hidden":0,"_bbp_reply_count_hidden":0,"_bbp_forum_subforum_count":0,"_glsr_average":0,"_glsr_ranking":0,"_glsr_reviews":0,"footnotes":""},"categories":[10],"tags":[47,7,59,39,67,64],"class_list":["post-9171","post","type-post","status-publish","format-standard","has-post-thumbnail","hentry","category-nacionales","tag-comunicacion-social","tag-cuba","tag-educacion-para-la-comunicacion","tag-ics","tag-radio-cubana","tag-revolucion-cubana"],"acf":[],"_links":{"self":[{"href":"https:\/\/www.ics.gob.cu\/en\/wp-json\/wp\/v2\/posts\/9171","targetHints":{"allow":["GET"]}}],"collection":[{"href":"https:\/\/www.ics.gob.cu\/en\/wp-json\/wp\/v2\/posts"}],"about":[{"href":"https:\/\/www.ics.gob.cu\/en\/wp-json\/wp\/v2\/types\/post"}],"author":[{"embeddable":true,"href":"https:\/\/www.ics.gob.cu\/en\/wp-json\/wp\/v2\/users\/7"}],"replies":[{"embeddable":true,"href":"https:\/\/www.ics.gob.cu\/en\/wp-json\/wp\/v2\/comments?post=9171"}],"version-history":[{"count":2,"href":"https:\/\/www.ics.gob.cu\/en\/wp-json\/wp\/v2\/posts\/9171\/revisions"}],"predecessor-version":[{"id":9174,"href":"https:\/\/www.ics.gob.cu\/en\/wp-json\/wp\/v2\/posts\/9171\/revisions\/9174"}],"wp:featuredmedia":[{"embeddable":true,"href":"https:\/\/www.ics.gob.cu\/en\/wp-json\/wp\/v2\/media\/9172"}],"wp:attachment":[{"href":"https:\/\/www.ics.gob.cu\/en\/wp-json\/wp\/v2\/media?parent=9171"}],"wp:term":[{"taxonomy":"category","embeddable":true,"href":"https:\/\/www.ics.gob.cu\/en\/wp-json\/wp\/v2\/categories?post=9171"},{"taxonomy":"post_tag","embeddable":true,"href":"https:\/\/www.ics.gob.cu\/en\/wp-json\/wp\/v2\/tags?post=9171"}],"curies":[{"name":"wp","href":"https:\/\/api.w.org\/{rel}","templated":true}]}}