{"id":9176,"date":"2026-01-26T10:59:15","date_gmt":"2026-01-26T10:59:15","guid":{"rendered":"https:\/\/www.ics.gob.cu\/?p=9176"},"modified":"2026-03-30T13:58:01","modified_gmt":"2026-03-30T13:58:01","slug":"convoca-el-ics-a-la-segunda-edicion-del-premio-nacional-de-comunicacion-social-2026","status":"publish","type":"post","link":"https:\/\/www.ics.gob.cu\/en\/convoca-el-ics-a-la-segunda-edicion-del-premio-nacional-de-comunicacion-social-2026\/","title":{"rendered":"Convoca el ICS a la segunda edici\u00f3n del Premio Nacional de Comunicaci\u00f3n Social 2026"},"content":{"rendered":"<div class=\"pdfprnt-buttons pdfprnt-buttons-post pdfprnt-top-right\"><a href=\"https:\/\/www.ics.gob.cu\/en\/wp-json\/wp\/v2\/posts\/9176?print=print\" class=\"pdfprnt-button pdfprnt-button-print\" target=\"_blank\" ><img decoding=\"async\" src=\"https:\/\/www.ics.gob.cu\/wp-content\/plugins\/pdf-print\/images\/print.png\" alt=\"image_print\" title=\"Print Content\" \/><\/a><\/div>\n<p>El Instituto de Informaci\u00f3n y Comunicaci\u00f3n Social (ICS) de la Rep\u00fablica de Cuba convoca a la Segunda Edici\u00f3n del Premio Nacional de Comunicaci\u00f3n Social 2026.<\/p>\n\n\n\n<p>Como es conocido, el objetivo de este Premio es incentivar el reconocimiento de la sociedad a los profesionales del periodismo y la comunicaci\u00f3n social en general, cuya labor se caracterice por su integralidad, alto valor creativo y repercusi\u00f3n p\u00fablica.<\/p>\n\n\n\n<p>Se trata de la m\u00e1xima distinci\u00f3n que confiere anualmente el Instituto, en su condici\u00f3n de Organismo de la Administraci\u00f3n Central del Estado, a personas naturales cubanas, en activo o jubiladas, como reconocimiento a su ejecutoria por la obra de la vida en el campo de la comunicaci\u00f3n social, tanto en los \u00e1mbitos organizacional, medi\u00e1tico y comunitario como en procesos relativos a la formaci\u00f3n, la superaci\u00f3n y la investigaci\u00f3n.<\/p>\n\n\n\n<p>Las nominaciones ser\u00e1n realizadas por las Direcciones de Informaci\u00f3n y Comunicaci\u00f3n Social de cada provincia, en conjunto con las delegaciones provinciales de la Uni\u00f3n de Periodistas de Cuba (UPEC), la Asociaci\u00f3n Cubana de Comunicadores Sociales (ACCS) y centros universitarios del pa\u00eds. Su fundamentaci\u00f3n debe contener:<\/p>\n\n\n\n<p>&#8211; Datos personales del propuesto.<\/p>\n\n\n\n<p>&#8211; Labor que realiza en el momento de su nominaci\u00f3n.<\/p>\n\n\n\n<p>&#8211; Centro de trabajo o entidad que lo propone.<\/p>\n\n\n\n<p>&#8211; Trayectoria profesional que avala la propuesta.<\/p>\n\n\n\n<p>Entre los criterios para la selecci\u00f3n de las profesionales que podr\u00e1n optar por el Premio se deber\u00e1 tener en cuenta la repercusi\u00f3n social de su quehacer profesional, la calidad t\u00e9cnica de su obra, su \u00e9tica y compromiso social, los aportes al desarrollo del campo profesional, la integralidad y alto valor creativo de su trayectoria y su contribuci\u00f3n a la formaci\u00f3n y\/o superaci\u00f3n de periodistas y de comunicadores sociales en general.<\/p>\n\n\n\n<p>El plazo de admisi\u00f3n de las nominaciones vence el 31 de marzo de 2026 y se env\u00edan a la Direcci\u00f3n de Comunicaci\u00f3n Institucional del ICS.<\/p>\n\n\n\n<p>Una Comisi\u00f3n Evaluadora Nacional integrada por representantes institucionales del ICS, la UPEC, la ACCS y la Facultad de Comunicaci\u00f3n de la Universidad de La Habana, as\u00ed como destacados profesionales de la comunicaci\u00f3n social en el pa\u00eds, tendr\u00e1 a su cargo la selecci\u00f3n de la propuesta para Premio Nacional de Comunicaci\u00f3n Social 2026, la cual ser\u00e1 ratificada por el Consejo de Direcci\u00f3n del ICS.<\/p>\n\n\n\n<p>El Premio consta de diploma acreditativo y una compensaci\u00f3n monetaria.<\/p>\n\n\n\n<p>El Premio Nacional de Comunicaci\u00f3n Social se entregar\u00e1 en actividad p\u00fablica oficial entre los meses de mayo y junio del presente a\u00f1o.<\/p>\n\n\n\n<p><strong>Dado en La Habana, a los 26 d\u00edas del mes de enero del a\u00f1o 2026. A\u00f1o del Centenario del Comandante en Jefe Fidel Castro Ruz\u0094<\/strong><\/p>\n\n\n\n<p><strong>Presidencia del Instituto de Informaci\u00f3n y Comunicaci\u00f3n Social (ICS)<\/strong><\/p>\n\n\n<div class=\"wp-block-image\">\n<figure class=\"aligncenter size-full is-resized\"><img loading=\"lazy\" decoding=\"async\" width=\"710\" height=\"500\" src=\"https:\/\/www.ics.gob.cu\/wp-content\/uploads\/2026\/01\/6.jpg\" alt=\"\" class=\"wp-image-9182\" style=\"width:536px;height:auto\" srcset=\"https:\/\/www.ics.gob.cu\/wp-content\/uploads\/2026\/01\/6.jpg 710w, https:\/\/www.ics.gob.cu\/wp-content\/uploads\/2026\/01\/6-300x211.jpg 300w, https:\/\/www.ics.gob.cu\/wp-content\/uploads\/2026\/01\/6-18x12.jpg 18w\" sizes=\"auto, (max-width: 710px) 100vw, 710px\" \/><\/figure>\n<\/div>\n\n\n<p>En 2025 fue entregado por vez primera este galard\u00f3n a la Doctora en Ciencias de la Comunicaci\u00f3n, Hilda Saladrigas Medina.<\/p>\n\n\n\n<p><strong>Leer m\u00e1s: <\/strong><a href=\"https:\/\/www.ics.gob.cu\/en\/hilda-saladrigas-medina-premio-nacional-de-comunicacion-social-2025\/\"><mark style=\"background-color:rgba(0, 0, 0, 0)\" class=\"has-inline-color has-vivid-cyan-blue-color\">https:\/\/www.ics.gob.cu\/hilda-saladrigas-medina-premio-nacional-de-comunicacion-social-2025\/<\/mark><\/a><\/p>\n\n\n\n<p><\/p>\n<div class=\"pld-like-dislike-wrap pld-template-1\">\r\n    <div class=\"pld-like-wrap  pld-common-wrap\">\r\n    <a href=\"javascript:void(0)\" class=\"pld-like-trigger pld-like-dislike-trigger\" title=\"\" data-post-id=\"9176\" data-trigger-type=\"like\" data-restriction=\"cookie\" data-already-liked=\"0\">\r\n                        <i class=\"fas fa-thumbs-up\"><\/i>\r\n                <\/a>\r\n    <span class=\"pld-like-count-wrap pld-count-wrap\">1    <\/span>\r\n<\/div><div class=\"pld-dislike-wrap  pld-common-wrap\">\r\n    <a href=\"javascript:void(0)\" class=\"pld-dislike-trigger pld-like-dislike-trigger\" title=\"\" data-post-id=\"9176\" data-trigger-type=\"dislike\" data-restriction=\"cookie\" data-already-liked=\"0\">\r\n                        <i class=\"fas fa-thumbs-down\"><\/i>\r\n                <\/a>\r\n    <span class=\"pld-dislike-count-wrap pld-count-wrap\">0<\/span>\r\n<\/div><\/div>","protected":false},"excerpt":{"rendered":"<p>El Instituto de Informaci\u00f3n y Comunicaci\u00f3n Social (ICS) de la Rep\u00fablica de Cuba convoca a la Segunda Edici\u00f3n del Premio Nacional de Comunicaci\u00f3n Social 2026. Como es conocido, el objetivo de este Premio es incentivar el reconocimiento de la sociedad a los profesionales del periodismo y la comunicaci\u00f3n social en general, cuya labor se caracterice [&hellip;]<\/p>\n","protected":false},"author":7,"featured_media":9180,"comment_status":"open","ping_status":"closed","sticky":false,"template":"","format":"standard","meta":{"_bbp_topic_count":0,"_bbp_reply_count":0,"_bbp_total_topic_count":0,"_bbp_total_reply_count":0,"_bbp_voice_count":0,"_bbp_anonymous_reply_count":0,"_bbp_topic_count_hidden":0,"_bbp_reply_count_hidden":0,"_bbp_forum_subforum_count":0,"_glsr_average":0,"_glsr_ranking":0,"_glsr_reviews":0,"footnotes":""},"categories":[10],"tags":[47,7,59,39,64],"class_list":["post-9176","post","type-post","status-publish","format-standard","has-post-thumbnail","hentry","category-nacionales","tag-comunicacion-social","tag-cuba","tag-educacion-para-la-comunicacion","tag-ics","tag-revolucion-cubana"],"acf":[],"_links":{"self":[{"href":"https:\/\/www.ics.gob.cu\/en\/wp-json\/wp\/v2\/posts\/9176","targetHints":{"allow":["GET"]}}],"collection":[{"href":"https:\/\/www.ics.gob.cu\/en\/wp-json\/wp\/v2\/posts"}],"about":[{"href":"https:\/\/www.ics.gob.cu\/en\/wp-json\/wp\/v2\/types\/post"}],"author":[{"embeddable":true,"href":"https:\/\/www.ics.gob.cu\/en\/wp-json\/wp\/v2\/users\/7"}],"replies":[{"embeddable":true,"href":"https:\/\/www.ics.gob.cu\/en\/wp-json\/wp\/v2\/comments?post=9176"}],"version-history":[{"count":9,"href":"https:\/\/www.ics.gob.cu\/en\/wp-json\/wp\/v2\/posts\/9176\/revisions"}],"predecessor-version":[{"id":9813,"href":"https:\/\/www.ics.gob.cu\/en\/wp-json\/wp\/v2\/posts\/9176\/revisions\/9813"}],"wp:featuredmedia":[{"embeddable":true,"href":"https:\/\/www.ics.gob.cu\/en\/wp-json\/wp\/v2\/media\/9180"}],"wp:attachment":[{"href":"https:\/\/www.ics.gob.cu\/en\/wp-json\/wp\/v2\/media?parent=9176"}],"wp:term":[{"taxonomy":"category","embeddable":true,"href":"https:\/\/www.ics.gob.cu\/en\/wp-json\/wp\/v2\/categories?post=9176"},{"taxonomy":"post_tag","embeddable":true,"href":"https:\/\/www.ics.gob.cu\/en\/wp-json\/wp\/v2\/tags?post=9176"}],"curies":[{"name":"wp","href":"https:\/\/api.w.org\/{rel}","templated":true}]}}