{"id":9713,"date":"2026-03-12T13:08:50","date_gmt":"2026-03-12T13:08:50","guid":{"rendered":"https:\/\/www.ics.gob.cu\/?p=9713"},"modified":"2026-03-12T13:12:29","modified_gmt":"2026-03-12T13:12:29","slug":"picta-habilita-senal-directa-de-la-tv-cubana-en-su-version-web","status":"publish","type":"post","link":"https:\/\/www.ics.gob.cu\/en\/picta-habilita-senal-directa-de-la-tv-cubana-en-su-version-web\/","title":{"rendered":"Picta habilita se\u00f1al directa de la TV cubana en su versi\u00f3n web"},"content":{"rendered":"<div class=\"pdfprnt-buttons pdfprnt-buttons-post pdfprnt-top-right\"><a href=\"https:\/\/www.ics.gob.cu\/en\/wp-json\/wp\/v2\/posts\/9713?print=print\" class=\"pdfprnt-button pdfprnt-button-print\" target=\"_blank\" ><img decoding=\"async\" src=\"https:\/\/www.ics.gob.cu\/wp-content\/plugins\/pdf-print\/images\/print.png\" alt=\"image_print\" title=\"Print Content\" \/><\/a><\/div>\n<p>La alianza entre la Empresa Z17 y el Instituto de Informaci\u00f3n y Comunicaci\u00f3n Social fortalece nuestra soberan\u00eda digital: <a href=\"https:\/\/www.facebook.com\/hashtag\/picta?__eep__=6&amp;__cft__[0]=AZYqr5rXT2S9dBW4zZ3b1fdWPk4KAmKuhX9IO9yZp7GsEGOizfoBiZCVtcu7No2BcgbqWQseWcPukdFEVg_X8IC61Y4015qIEabG_R7uVWuxUSUEaX1PE4hY1c34RP_pXUxnib8Vp9c94Y68zdWZu41ysahF96ONgVxfsRgix6ftMmVKCx0BAQYk_j0fG-xunE8&amp;__tn__=*NK-R\">Picta<\/a> habilita se\u00f1al directa de la TV cubana en su versi\u00f3n <strong><a href=\"https:\/\/picta.cu\">web <\/a><\/strong>.<\/p>\n\n\n\n<p>As\u00ed lo confirm\u00f3 este mi\u00e9rcoles la titular del Ministerio de Comunicaciones de Cuba, Mayra Arevich Mar\u00edn en su cuenta oficial en la red social X,<\/p>\n\n\n\n<p>\u00abFrente al bloqueo energ\u00e9tico del imperialismo a <a href=\"https:\/\/www.facebook.com\/hashtag\/cuba?__eep__=6&amp;__cft__[0]=AZYqr5rXT2S9dBW4zZ3b1fdWPk4KAmKuhX9IO9yZp7GsEGOizfoBiZCVtcu7No2BcgbqWQseWcPukdFEVg_X8IC61Y4015qIEabG_R7uVWuxUSUEaX1PE4hY1c34RP_pXUxnib8Vp9c94Y68zdWZu41ysahF96ONgVxfsRgix6ftMmVKCx0BAQYk_j0fG-xunE8&amp;__tn__=*NK-R\">#Cuba<\/a>, la se\u00f1al directa de <a href=\"https:\/\/www.facebook.com\/hashtag\/picta?__eep__=6&amp;__cft__[0]=AZYqr5rXT2S9dBW4zZ3b1fdWPk4KAmKuhX9IO9yZp7GsEGOizfoBiZCVtcu7No2BcgbqWQseWcPukdFEVg_X8IC61Y4015qIEabG_R7uVWuxUSUEaX1PE4hY1c34RP_pXUxnib8Vp9c94Y68zdWZu41ysahF96ONgVxfsRgix6ftMmVKCx0BAQYk_j0fG-xunE8&amp;__tn__=*NK-R\">#Picta<\/a> garantiza estabilidad y acceso continuo a la Televisi\u00f3n Nacional desde computadoras y m\u00f3viles. Una alternativa que asegura informaci\u00f3n y entretenimiento para nuestro pueblo\u00bb, se\u00f1al\u00f3 Arevich Mar\u00edn. <\/p>\n\n\n\n<p>Agreg\u00f3, adem\u00e1s, que con esta opci\u00f3n en <a href=\"https:\/\/www.facebook.com\/hashtag\/picta?__eep__=6&amp;__cft__[0]=AZYqr5rXT2S9dBW4zZ3b1fdWPk4KAmKuhX9IO9yZp7GsEGOizfoBiZCVtcu7No2BcgbqWQseWcPukdFEVg_X8IC61Y4015qIEabG_R7uVWuxUSUEaX1PE4hY1c34RP_pXUxnib8Vp9c94Y68zdWZu41ysahF96ONgVxfsRgix6ftMmVKCx0BAQYk_j0fG-xunE8&amp;__tn__=*NK-R\">Picta<\/a>, los usuarios disfrutan en tiempo real de los canales Tele Rebelde, Cubavisi\u00f3n, Canal Habana, Educativo y Educativo 2, Clave, Caribe y Cubavisi\u00f3n Internacional. <\/p>\n\n\n\n<p>\u00abM\u00e1s opciones y menos interrupciones para la familia cubana\u00bb, resalt\u00f3.<\/p>\n\n\n\n<p>La televisi\u00f3n cubana, tambi\u00e9n destac\u00f3 en su <strong><a href=\"https:\/\/www.tvcubana.icrt.cu\/secciones\/seccion-informaciones\/18593-picta-habilita-senal-directa-de-los-canales-de-la-television-cubana-en-su-plataforma-web?fbclid=IwY2xjawQflylleHRuA2FlbQIxMABicmlkETFuMUNxN3ByM2Fxc3NyaW5Yc3J0YwZhcHBfaWQQMjIyMDM5MTc4ODIwMDg5MgABHguH4nlNrV7r_amN1PVvrA8Fjyy8q3S8paSTFJV7e7Dl9UmKsYxqsXuVVGGk_aem_VcxC7_J4PsYQwIzL76DQew\">p\u00e1gina web<\/a><\/strong> que la disponibilidad de los canales de la televisi\u00f3n nacional con se\u00f1al directa desde la plataforma Picta, representa una mejora que busca ofrecer una experiencia de visualizaci\u00f3n m\u00e1s estable para los usuarios.de esta propia plataforma cubana de streaming y fortalece las opciones para seguir la programaci\u00f3n en l\u00ednea, una alternativa especialmente \u00fatil para quienes consumen contenidos desde dispositivos m\u00f3viles o computadoras.<\/p>\n\n\n\n<p>Recuerda, asimismo, que el <strong>Portal web de la Televisi\u00f3n Cubana<\/strong> tambi\u00e9n ofrece desde hace varios a\u00f1os la transmisi\u00f3n en l\u00ednea de los canales nacionales, lo que ha permitido a los usuarios acceder a la programaci\u00f3n televisiva desde internet y ampliar las posibilidades de consumo m\u00e1s all\u00e1 de la pantalla tradicional.<\/p>\n\n\n\n<p><strong>Picta<\/strong> contin\u00faa ampliando sus servicios dentro del ecosistema digital cubano, integrando la transmisi\u00f3n en vivo de los canales nacionales con su oferta de contenidos audiovisuales disponibles en la plataforma.\u00a0<\/p>\n\n\n\n<p>Seg\u00fan la informaci\u00f3n divulgada por el servicio, esta actualizaci\u00f3n permitir\u00e1 reducir interrupciones en la transmisi\u00f3n y facilitar el acceso a la programaci\u00f3n televisiva cubana desde computadoras y dispositivos m\u00f3viles conectados a internet.<\/p>\n\n\n\n<p><\/p>\n<div class=\"pld-like-dislike-wrap pld-template-1\">\r\n    <div class=\"pld-like-wrap  pld-common-wrap\">\r\n    <a href=\"javascript:void(0)\" class=\"pld-like-trigger pld-like-dislike-trigger  \" title=\"\" data-post-id=\"9713\" data-trigger-type=\"like\" data-restriction=\"cookie\" data-already-liked=\"0\">\r\n                        <i class=\"fas fa-thumbs-up\"><\/i>\r\n                <\/a>\r\n    <span class=\"pld-like-count-wrap pld-count-wrap\">0    <\/span>\r\n<\/div><div class=\"pld-dislike-wrap  pld-common-wrap\">\r\n    <a href=\"javascript:void(0)\" class=\"pld-dislike-trigger pld-like-dislike-trigger  \" title=\"\" data-post-id=\"9713\" data-trigger-type=\"dislike\" data-restriction=\"cookie\" data-already-liked=\"0\">\r\n                        <i class=\"fas fa-thumbs-down\"><\/i>\r\n                <\/a>\r\n    <span class=\"pld-dislike-count-wrap pld-count-wrap\">0<\/span>\r\n<\/div><\/div>","protected":false},"excerpt":{"rendered":"<p>La alianza entre la Empresa Z17 y el Instituto de Informaci\u00f3n y Comunicaci\u00f3n Social fortalece nuestra soberan\u00eda digital: Picta habilita se\u00f1al directa de la TV cubana en su versi\u00f3n web . As\u00ed lo confirm\u00f3 este mi\u00e9rcoles la titular del Ministerio de Comunicaciones de Cuba, Mayra Arevich Mar\u00edn en su cuenta oficial en la red social [&hellip;]<\/p>\n","protected":false},"author":7,"featured_media":9714,"comment_status":"open","ping_status":"closed","sticky":false,"template":"","format":"standard","meta":{"_bbp_topic_count":0,"_bbp_reply_count":0,"_bbp_total_topic_count":0,"_bbp_total_reply_count":0,"_bbp_voice_count":0,"_bbp_anonymous_reply_count":0,"_bbp_topic_count_hidden":0,"_bbp_reply_count_hidden":0,"_bbp_forum_subforum_count":0,"_glsr_average":0,"_glsr_ranking":0,"_glsr_reviews":0,"footnotes":""},"categories":[1],"tags":[],"class_list":["post-9713","post","type-post","status-publish","format-standard","has-post-thumbnail","hentry","category-uncategorized"],"acf":[],"_links":{"self":[{"href":"https:\/\/www.ics.gob.cu\/en\/wp-json\/wp\/v2\/posts\/9713","targetHints":{"allow":["GET"]}}],"collection":[{"href":"https:\/\/www.ics.gob.cu\/en\/wp-json\/wp\/v2\/posts"}],"about":[{"href":"https:\/\/www.ics.gob.cu\/en\/wp-json\/wp\/v2\/types\/post"}],"author":[{"embeddable":true,"href":"https:\/\/www.ics.gob.cu\/en\/wp-json\/wp\/v2\/users\/7"}],"replies":[{"embeddable":true,"href":"https:\/\/www.ics.gob.cu\/en\/wp-json\/wp\/v2\/comments?post=9713"}],"version-history":[{"count":4,"href":"https:\/\/www.ics.gob.cu\/en\/wp-json\/wp\/v2\/posts\/9713\/revisions"}],"predecessor-version":[{"id":9719,"href":"https:\/\/www.ics.gob.cu\/en\/wp-json\/wp\/v2\/posts\/9713\/revisions\/9719"}],"wp:featuredmedia":[{"embeddable":true,"href":"https:\/\/www.ics.gob.cu\/en\/wp-json\/wp\/v2\/media\/9714"}],"wp:attachment":[{"href":"https:\/\/www.ics.gob.cu\/en\/wp-json\/wp\/v2\/media?parent=9713"}],"wp:term":[{"taxonomy":"category","embeddable":true,"href":"https:\/\/www.ics.gob.cu\/en\/wp-json\/wp\/v2\/categories?post=9713"},{"taxonomy":"post_tag","embeddable":true,"href":"https:\/\/www.ics.gob.cu\/en\/wp-json\/wp\/v2\/tags?post=9713"}],"curies":[{"name":"wp","href":"https:\/\/api.w.org\/{rel}","templated":true}]}}