{"id":9720,"date":"2026-03-12T13:32:34","date_gmt":"2026-03-12T13:32:34","guid":{"rendered":"https:\/\/www.ics.gob.cu\/?p=9720"},"modified":"2026-03-12T13:39:30","modified_gmt":"2026-03-12T13:39:30","slug":"dos-nuevas-entidades-brindaran-servicios-como-consultorias-en-comunicacion-social","status":"publish","type":"post","link":"https:\/\/www.ics.gob.cu\/en\/dos-nuevas-entidades-brindaran-servicios-como-consultorias-en-comunicacion-social\/","title":{"rendered":"Dos nuevas entidades brindar\u00e1n servicios como Consultor\u00edas en Comunicaci\u00f3n Social"},"content":{"rendered":"<div class=\"pdfprnt-buttons pdfprnt-buttons-post pdfprnt-top-right\"><a href=\"https:\/\/www.ics.gob.cu\/en\/wp-json\/wp\/v2\/posts\/9720?print=print\" class=\"pdfprnt-button pdfprnt-button-print\" target=\"_blank\" ><img decoding=\"async\" src=\"https:\/\/www.ics.gob.cu\/wp-content\/plugins\/pdf-print\/images\/print.png\" alt=\"image_print\" title=\"Print Content\" \/><\/a><\/div>\n<p><strong><a href=\"https:\/\/www.ics.gob.cu\/en\/consultoria_en_cs\/centro-internacional-de-la-habana-cih-s-a\/\">El Centro Internacional de La Habana CIH S.A.<\/a><\/strong> y el <strong><a href=\"https:\/\/www.ics.gob.cu\/en\/consultoria_en_cs\/centro-de-informacion-y-gestion-tecnologica-megacen\/\">Centro de Informaci\u00f3n y Gesti\u00f3n Tecnol\u00f3gica MEGACEN<\/a><\/strong>, de Santiago de Cuba, han sido aprobadas para brindar servicios como Consultor\u00edas en Comunicaci\u00f3n Social.<\/p>\n\n\n<div class=\"wp-block-image\">\n<figure class=\"aligncenter size-full\"><img loading=\"lazy\" decoding=\"async\" width=\"225\" height=\"225\" src=\"https:\/\/www.ics.gob.cu\/wp-content\/uploads\/2026\/03\/649635196_122240487584268538_1392831397007346849_n.jpg\" alt=\"\" class=\"wp-image-9723\" srcset=\"https:\/\/www.ics.gob.cu\/wp-content\/uploads\/2026\/03\/649635196_122240487584268538_1392831397007346849_n.jpg 225w, https:\/\/www.ics.gob.cu\/wp-content\/uploads\/2026\/03\/649635196_122240487584268538_1392831397007346849_n-150x150.jpg 150w, https:\/\/www.ics.gob.cu\/wp-content\/uploads\/2026\/03\/649635196_122240487584268538_1392831397007346849_n-12x12.jpg 12w\" sizes=\"auto, (max-width: 225px) 100vw, 225px\" \/><\/figure>\n<\/div>\n\n\n<p>Recordamos que, de acuerdo con el <strong><a href=\"https:\/\/www.ics.gob.cu\/wp-content\/uploads\/2024\/06\/goc-2024-o48.pdf\">Decreto 101 del 2024, Reglamento de la Ley 162\/2023 \u201cDe Comunicaci\u00f3n Social\u201d<\/a><\/strong>, los servicios de consultor\u00eda en comunicaci\u00f3n social pueden brindarse en el pa\u00eds por organizaciones de masas y sociales, entidades estatales e instituciones de car\u00e1cter p\u00fablico legalmente constituidas.<\/p>\n\n\n<div class=\"wp-block-image\">\n<figure class=\"aligncenter size-full\"><img loading=\"lazy\" decoding=\"async\" width=\"225\" height=\"225\" src=\"https:\/\/www.ics.gob.cu\/wp-content\/uploads\/2026\/03\/MEGACEN-.jpg\" alt=\"\" class=\"wp-image-9711\" srcset=\"https:\/\/www.ics.gob.cu\/wp-content\/uploads\/2026\/03\/MEGACEN-.jpg 225w, https:\/\/www.ics.gob.cu\/wp-content\/uploads\/2026\/03\/MEGACEN--150x150.jpg 150w, https:\/\/www.ics.gob.cu\/wp-content\/uploads\/2026\/03\/MEGACEN--12x12.jpg 12w\" sizes=\"auto, (max-width: 225px) 100vw, 225px\" \/><\/figure>\n<\/div>\n\n\n<p>Para ofrecer los servicios estas personas jur\u00eddicas solicitan autorizaci\u00f3n a la Direcci\u00f3n de Comunicaci\u00f3n Organizacional del ICS.<\/p>\n\n\n\n<p>Ambas entidades realizaron su solicitud y tras comprobarse el cumplimiento de los requisitos establecidos, les fue otorgada la autorizaci\u00f3n.<\/p>\n\n\n\n<p>Sobre este tipo de tr\u00e1mite puede encontrar informaci\u00f3n la <a href=\"https:\/\/www.ics.gob.cu\/en\/consultoria-en-comunicacion-social\/\"><strong>secci\u00f3n<\/strong> <\/a>correspondiente de nuestra web <\/p>\n\n\n\n<p>Tambi\u00e9n le ofrecemos m\u00e1s detalles sobre las <strong><a href=\"https:\/\/www.ics.gob.cu\/en\/agencias-que-brindan-servicios-de-consultoria-en-comunicacion-social\/\">entidades aprobadas<\/a><\/strong> hasta este momento para realizar Consultor\u00eda en Comunicaci\u00f3n Social, los servicios que brindan y sus contactos.<\/p>\n\n\n\n<p><\/p>\n<div class=\"pld-like-dislike-wrap pld-template-1\">\r\n    <div class=\"pld-like-wrap  pld-common-wrap\">\r\n    <a href=\"javascript:void(0)\" class=\"pld-like-trigger pld-like-dislike-trigger\" title=\"\" data-post-id=\"9720\" data-trigger-type=\"like\" data-restriction=\"cookie\" data-already-liked=\"0\">\r\n                        <i class=\"fas fa-thumbs-up\"><\/i>\r\n                <\/a>\r\n    <span class=\"pld-like-count-wrap pld-count-wrap\">0    <\/span>\r\n<\/div><div class=\"pld-dislike-wrap  pld-common-wrap\">\r\n    <a href=\"javascript:void(0)\" class=\"pld-dislike-trigger pld-like-dislike-trigger\" title=\"\" data-post-id=\"9720\" data-trigger-type=\"dislike\" data-restriction=\"cookie\" data-already-liked=\"0\">\r\n                        <i class=\"fas fa-thumbs-down\"><\/i>\r\n                <\/a>\r\n    <span class=\"pld-dislike-count-wrap pld-count-wrap\">0<\/span>\r\n<\/div><\/div>","protected":false},"excerpt":{"rendered":"<p>El Centro Internacional de La Habana CIH S.A. y el Centro de Informaci\u00f3n y Gesti\u00f3n Tecnol\u00f3gica MEGACEN, de Santiago de Cuba, han sido aprobadas para brindar servicios como Consultor\u00edas en Comunicaci\u00f3n Social. Recordamos que, de acuerdo con el Decreto 101 del 2024, Reglamento de la Ley 162\/2023 \u201cDe Comunicaci\u00f3n Social\u201d, los servicios de consultor\u00eda en [&hellip;]<\/p>\n","protected":false},"author":7,"featured_media":9711,"comment_status":"open","ping_status":"closed","sticky":false,"template":"","format":"standard","meta":{"_bbp_topic_count":0,"_bbp_reply_count":0,"_bbp_total_topic_count":0,"_bbp_total_reply_count":0,"_bbp_voice_count":0,"_bbp_anonymous_reply_count":0,"_bbp_topic_count_hidden":0,"_bbp_reply_count_hidden":0,"_bbp_forum_subforum_count":0,"_glsr_average":0,"_glsr_ranking":0,"_glsr_reviews":0,"footnotes":""},"categories":[1],"tags":[],"class_list":["post-9720","post","type-post","status-publish","format-standard","has-post-thumbnail","hentry","category-uncategorized"],"acf":[],"_links":{"self":[{"href":"https:\/\/www.ics.gob.cu\/en\/wp-json\/wp\/v2\/posts\/9720","targetHints":{"allow":["GET"]}}],"collection":[{"href":"https:\/\/www.ics.gob.cu\/en\/wp-json\/wp\/v2\/posts"}],"about":[{"href":"https:\/\/www.ics.gob.cu\/en\/wp-json\/wp\/v2\/types\/post"}],"author":[{"embeddable":true,"href":"https:\/\/www.ics.gob.cu\/en\/wp-json\/wp\/v2\/users\/7"}],"replies":[{"embeddable":true,"href":"https:\/\/www.ics.gob.cu\/en\/wp-json\/wp\/v2\/comments?post=9720"}],"version-history":[{"count":5,"href":"https:\/\/www.ics.gob.cu\/en\/wp-json\/wp\/v2\/posts\/9720\/revisions"}],"predecessor-version":[{"id":9727,"href":"https:\/\/www.ics.gob.cu\/en\/wp-json\/wp\/v2\/posts\/9720\/revisions\/9727"}],"wp:featuredmedia":[{"embeddable":true,"href":"https:\/\/www.ics.gob.cu\/en\/wp-json\/wp\/v2\/media\/9711"}],"wp:attachment":[{"href":"https:\/\/www.ics.gob.cu\/en\/wp-json\/wp\/v2\/media?parent=9720"}],"wp:term":[{"taxonomy":"category","embeddable":true,"href":"https:\/\/www.ics.gob.cu\/en\/wp-json\/wp\/v2\/categories?post=9720"},{"taxonomy":"post_tag","embeddable":true,"href":"https:\/\/www.ics.gob.cu\/en\/wp-json\/wp\/v2\/tags?post=9720"}],"curies":[{"name":"wp","href":"https:\/\/api.w.org\/{rel}","templated":true}]}}