{"id":9728,"date":"2026-03-14T13:33:31","date_gmt":"2026-03-14T13:33:31","guid":{"rendered":"https:\/\/www.ics.gob.cu\/?p=9728"},"modified":"2026-03-14T15:03:46","modified_gmt":"2026-03-14T15:03:46","slug":"canal-caribe-nueve-anos-informando-desde-la-raiz-que-nos-une","status":"publish","type":"post","link":"https:\/\/www.ics.gob.cu\/en\/canal-caribe-nueve-anos-informando-desde-la-raiz-que-nos-une\/","title":{"rendered":"Canal Caribe: Nueve a\u00f1os informando \u00abdesde la ra\u00edz que nos une\u00bb"},"content":{"rendered":"<div class=\"pdfprnt-buttons pdfprnt-buttons-post pdfprnt-top-right\"><a href=\"https:\/\/www.ics.gob.cu\/en\/wp-json\/wp\/v2\/posts\/9728?print=print\" class=\"pdfprnt-button pdfprnt-button-print\" target=\"_blank\" ><img decoding=\"async\" src=\"https:\/\/www.ics.gob.cu\/wp-content\/plugins\/pdf-print\/images\/print.png\" alt=\"image_print\" title=\"Print Content\" \/><\/a><\/div>\n<p><strong>En una fecha simb\u00f3lica para el gremio period\u00edstico, el Canal Cubano de Noticias celebra su noveno aniversario reafirmando su compromiso con la informaci\u00f3n veraz y la defensa de la soberan\u00eda.<\/strong><\/p>\n\n\n\n<p>Cada 14 de marzo, mientras Cuba festeja el D\u00eda de la Prensa, en homenaje a la fundaci\u00f3n del peri\u00f3dico Patria por Jos\u00e9 Mart\u00ed, una celebraci\u00f3n particular tiene lugar en el paisaje medi\u00e1tico del pa\u00eds. Desde 2017, esta fecha marca tambi\u00e9n el aniversario de Canal Caribe.<\/p>\n\n\n\n<p>Nueve a\u00f1os atr\u00e1s, en una jornada cargada de simbolismo martiano, iniciaba sus transmisiones de prueba lo que hoy es un pilar del Sistema Informativo de la Televisi\u00f3n Cubana. La idea surgi\u00f3 con un prop\u00f3sito claro: llenar los vac\u00edos informativos de la programaci\u00f3n televisiva y crear una ventana que mirara con especial inter\u00e9s hacia la regi\u00f3n, tal como lo expresa su lema fundacional, \u201cDesde la ra\u00edz que nos une\u201d, una frase inspirada en el pensamiento de Jos\u00e9 Mart\u00ed sobre los v\u00ednculos de Cuba con el Caribe.<\/p>\n\n\n\n<figure class=\"wp-block-image size-full\"><img loading=\"lazy\" decoding=\"async\" width=\"596\" height=\"335\" src=\"https:\/\/www.ics.gob.cu\/wp-content\/uploads\/2026\/03\/images-1-1.jpeg\" alt=\"\" class=\"wp-image-9732\" srcset=\"https:\/\/www.ics.gob.cu\/wp-content\/uploads\/2026\/03\/images-1-1.jpeg 596w, https:\/\/www.ics.gob.cu\/wp-content\/uploads\/2026\/03\/images-1-1-300x169.jpeg 300w, https:\/\/www.ics.gob.cu\/wp-content\/uploads\/2026\/03\/images-1-1-18x10.jpeg 18w\" sizes=\"auto, (max-width: 596px) 100vw, 596px\" \/><\/figure>\n\n\n\n<p>En este noveno cumplea\u00f1os, Canal Caribe se ha consolidado como una plataforma esencial para comprender la realidad cubana y su proyecci\u00f3n internacional. Su parrilla combina la inmediatez de los boletines informativos con espacios de an\u00e1lisis, culturales y de opini\u00f3n. Con espacios emblem\u00e1ticos como la revista \u00abBuenos D\u00edas\u00bb, el canal ha tejido una propuesta que busca acompa\u00f1ar al televidente a lo largo de las 18 horas diarias de transmisi\u00f3n que ofrece.<\/p>\n\n\n\n<p>El contexto de su surgimiento estuvo marcado por desaf\u00edos hist\u00f3ricos. Sus transmisiones experimentales enfrentaron pruebas de fuego, como la extensa cobertura del paso del hurac\u00e1n Matthew y, posteriormente, los nueve d\u00edas de transmisi\u00f3n continua durante las honras f\u00fanebres del l\u00edder hist\u00f3rico de la Revoluci\u00f3n, Fidel Castro. Hace pocos meses \u2013como es costumbre\u2013 sus profesionales informaron oportunamente a la poblaci\u00f3n sobre las consecuencias del potente Hurac\u00e1n Melissa; gracias a ello pudimos evitar mayores da\u00f1os. <\/p>\n\n\n\n<p>M\u00e1s cerca en el tiempo, debemos destacar la cobertura informativa a la llegada de los restos mortales de los 32 combatientes cubanos ca\u00eddos en Venezuela. Todo un derroche de solemnidad y profesionalidad. Esa capacidad de respuesta sent\u00f3 las bases de un proyecto que, con el tiempo, asumir\u00eda las funciones del otrora Sistema Informativo, encarg\u00e1ndose tambi\u00e9n de producir los emblem\u00e1ticos Noticieros de Televisi\u00f3n (NTV) que se transmiten por Cubavisi\u00f3n.<\/p>\n\n\n\n<figure class=\"wp-block-image size-full\"><img loading=\"lazy\" decoding=\"async\" width=\"527\" height=\"379\" src=\"https:\/\/www.ics.gob.cu\/wp-content\/uploads\/2026\/03\/images.png\" alt=\"\" class=\"wp-image-9733\" srcset=\"https:\/\/www.ics.gob.cu\/wp-content\/uploads\/2026\/03\/images.png 527w, https:\/\/www.ics.gob.cu\/wp-content\/uploads\/2026\/03\/images-300x216.png 300w, https:\/\/www.ics.gob.cu\/wp-content\/uploads\/2026\/03\/images-18x12.png 18w\" sizes=\"auto, (max-width: 527px) 100vw, 527px\" \/><\/figure>\n\n\n\n<p>A pesar de las dificultades materiales que enfrenta el pa\u00eds, sus impulsores destacaron desde el inicio que la principal fortaleza del canal residir\u00eda en \u00abla potencialidad de los j\u00f3venes periodistas, en la cultura y en la educaci\u00f3n\u00bb. Actualmente, ellos son pieza clave en la producci\u00f3n period\u00edstica del canal, siempre guiados por quienes poseen mayor experiencia. <\/p>\n\n\n\n<p>Hoy, un equipo de profesionales de la comunicaci\u00f3n, realizadores, t\u00e9cnicos, productores y una red de corresponsales en todo el pa\u00eds trabajan diariamente para llevar al p\u00fablico cubano el informe completo de los temas que marcan las agendas pol\u00edtica, institucional, p\u00fablica y medi\u00e1tica.<\/p>\n\n\n\n<p>La mirada de Canal Caribe siempre ha trascendido las fronteras nacionales. Con una redacci\u00f3n internacional consolidada, el canal se propone analizar los temas relevantes de la agenda global, revelando las causas y consecuencias de los hechos que se convierten en noticia en el mundo y visibilizando aquellas realidades olvidadas por los medios hegem\u00f3nicos. Geopol\u00edtica, econom\u00eda, tecnolog\u00eda y medio ambiente son abordados desde la perspectiva del Sur Global, en defensa de la multipolaridad y la paz. <\/p>\n\n\n\n<figure class=\"wp-block-image size-full\"><img loading=\"lazy\" decoding=\"async\" width=\"368\" height=\"136\" src=\"https:\/\/www.ics.gob.cu\/wp-content\/uploads\/2026\/03\/images.jpeg\" alt=\"\" class=\"wp-image-9729\" srcset=\"https:\/\/www.ics.gob.cu\/wp-content\/uploads\/2026\/03\/images.jpeg 368w, https:\/\/www.ics.gob.cu\/wp-content\/uploads\/2026\/03\/images-300x111.jpeg 300w, https:\/\/www.ics.gob.cu\/wp-content\/uploads\/2026\/03\/images-18x7.jpeg 18w\" sizes=\"auto, (max-width: 368px) 100vw, 368px\" \/><\/figure>\n\n\n\n<p>Nueve a\u00f1os despu\u00e9s, en su propio cumplea\u00f1os y en el de todos los periodistas cubanos, el canal se reafirma como un actor clave en la defensa de la verdad de Cuba y su Revoluci\u00f3n, navegando los complejos mares de la comunicaci\u00f3n actual con la br\u00fajula puesta en la identidad cultural de la naci\u00f3n y los principios del socialismo.<\/p>\n\n\n\n<p>Al cumplir nueve a\u00f1os, el Canal Cubano de Noticias no solo celebra un aniversario, sino que renueva su compromiso de ser, como el Patria martiano, una trinchera de ideas y un espacio que, desde la mayor de las Antillas, cuenta la historia de los pueblos que, como el nuestro, luchan por su libertad y su derecho a ser escuchados.<\/p>\n\n\n\n<p>Muchas felicidades para todos los trabajadores de Canal Caribe; para sus fundadores y para quienes llevan adelante la gran responsabilidad de informar al pueblo cubano. Su compromiso es admirable. Continuaremos juntos porque nos une la misma ra\u00edz: Cuba.<\/p>\n\n\n\n<p><\/p>\n<div class=\"pld-like-dislike-wrap pld-template-1\">\r\n    <div class=\"pld-like-wrap  pld-common-wrap\">\r\n    <a href=\"javascript:void(0)\" class=\"pld-like-trigger pld-like-dislike-trigger\" title=\"\" data-post-id=\"9728\" data-trigger-type=\"like\" data-restriction=\"cookie\" data-already-liked=\"0\">\r\n                        <i class=\"fas fa-thumbs-up\"><\/i>\r\n                <\/a>\r\n    <span class=\"pld-like-count-wrap pld-count-wrap\">0    <\/span>\r\n<\/div><div class=\"pld-dislike-wrap  pld-common-wrap\">\r\n    <a href=\"javascript:void(0)\" class=\"pld-dislike-trigger pld-like-dislike-trigger\" title=\"\" data-post-id=\"9728\" data-trigger-type=\"dislike\" data-restriction=\"cookie\" data-already-liked=\"0\">\r\n                        <i class=\"fas fa-thumbs-down\"><\/i>\r\n                <\/a>\r\n    <span class=\"pld-dislike-count-wrap pld-count-wrap\">0<\/span>\r\n<\/div><\/div>","protected":false},"excerpt":{"rendered":"<p>En una fecha simb\u00f3lica para el gremio period\u00edstico, el Canal Cubano de Noticias celebra su noveno aniversario reafirmando su compromiso con la informaci\u00f3n veraz y la defensa de la soberan\u00eda. Cada 14 de marzo, mientras Cuba festeja el D\u00eda de la Prensa, en homenaje a la fundaci\u00f3n del peri\u00f3dico Patria por Jos\u00e9 Mart\u00ed, una celebraci\u00f3n [&hellip;]<\/p>\n","protected":false},"author":2,"featured_media":9733,"comment_status":"open","ping_status":"closed","sticky":false,"template":"","format":"standard","meta":{"_bbp_topic_count":0,"_bbp_reply_count":0,"_bbp_total_topic_count":0,"_bbp_total_reply_count":0,"_bbp_voice_count":0,"_bbp_anonymous_reply_count":0,"_bbp_topic_count_hidden":0,"_bbp_reply_count_hidden":0,"_bbp_forum_subforum_count":0,"_glsr_average":0,"_glsr_ranking":0,"_glsr_reviews":0,"footnotes":""},"categories":[10],"tags":[47,7,63,39,76],"class_list":["post-9728","post","type-post","status-publish","format-standard","has-post-thumbnail","hentry","category-nacionales","tag-comunicacion-social","tag-cuba","tag-fidel-castro","tag-ics","tag-television-cubana"],"acf":[],"_links":{"self":[{"href":"https:\/\/www.ics.gob.cu\/en\/wp-json\/wp\/v2\/posts\/9728","targetHints":{"allow":["GET"]}}],"collection":[{"href":"https:\/\/www.ics.gob.cu\/en\/wp-json\/wp\/v2\/posts"}],"about":[{"href":"https:\/\/www.ics.gob.cu\/en\/wp-json\/wp\/v2\/types\/post"}],"author":[{"embeddable":true,"href":"https:\/\/www.ics.gob.cu\/en\/wp-json\/wp\/v2\/users\/2"}],"replies":[{"embeddable":true,"href":"https:\/\/www.ics.gob.cu\/en\/wp-json\/wp\/v2\/comments?post=9728"}],"version-history":[{"count":5,"href":"https:\/\/www.ics.gob.cu\/en\/wp-json\/wp\/v2\/posts\/9728\/revisions"}],"predecessor-version":[{"id":9749,"href":"https:\/\/www.ics.gob.cu\/en\/wp-json\/wp\/v2\/posts\/9728\/revisions\/9749"}],"wp:featuredmedia":[{"embeddable":true,"href":"https:\/\/www.ics.gob.cu\/en\/wp-json\/wp\/v2\/media\/9733"}],"wp:attachment":[{"href":"https:\/\/www.ics.gob.cu\/en\/wp-json\/wp\/v2\/media?parent=9728"}],"wp:term":[{"taxonomy":"category","embeddable":true,"href":"https:\/\/www.ics.gob.cu\/en\/wp-json\/wp\/v2\/categories?post=9728"},{"taxonomy":"post_tag","embeddable":true,"href":"https:\/\/www.ics.gob.cu\/en\/wp-json\/wp\/v2\/tags?post=9728"}],"curies":[{"name":"wp","href":"https:\/\/api.w.org\/{rel}","templated":true}]}}