{"id":9740,"date":"2026-03-14T14:59:04","date_gmt":"2026-03-14T14:59:04","guid":{"rendered":"https:\/\/www.ics.gob.cu\/?p=9740"},"modified":"2026-03-14T15:02:15","modified_gmt":"2026-03-14T15:02:15","slug":"rememoran-en-el-ics-aniversario-69-de-la-toma-de-radio-reloj","status":"publish","type":"post","link":"https:\/\/www.ics.gob.cu\/en\/rememoran-en-el-ics-aniversario-69-de-la-toma-de-radio-reloj\/","title":{"rendered":"Rememoran en el ICS aniversario 69 de la Toma de Radio Reloj"},"content":{"rendered":"<div class=\"pdfprnt-buttons pdfprnt-buttons-post pdfprnt-top-right\"><a href=\"https:\/\/www.ics.gob.cu\/en\/wp-json\/wp\/v2\/posts\/9740?print=print\" class=\"pdfprnt-button pdfprnt-button-print\" target=\"_blank\" ><img decoding=\"async\" src=\"https:\/\/www.ics.gob.cu\/wp-content\/plugins\/pdf-print\/images\/print.png\" alt=\"image_print\" title=\"Print Content\" \/><\/a><\/div>\n<p><strong>\u201c\u00a1Si caemos, que nuestra sangre se\u00f1ale el camino de la libertad!\u201d<\/strong><\/p>\n\n\n\n<p>Los tiempos que corren agigantan a\u00fan m\u00e1s el reconocimiento al valor, la entrega y el sacrificio de los j\u00f3venes que \u2013 sin m\u00e1s escudo que sus principios, su sentido del momento hist\u00f3rico, su decisi\u00f3n y su amor incondicional a la Patria \u2013protagonizaron los hechos del 13 de marzo de 1957, encabezados por el l\u00edder estudiantil Jos\u00e9 Antonio Echeverr\u00eda.<\/p>\n\n\n\n<p>Los trabajadores del Instituto de Informaci\u00f3n y Comunicaci\u00f3n Social (ICS), unidos a los estudiantes de la FEU, cada a\u00f1o, en esta jornada, vivimos momentos sublimes que nos convocan a homenajear a los protagonistas de aquellos hechos y en especial, a los que asaltaron la emisora Radio Reloj para anunciar sus prop\u00f3sitos y llamar al pueblo a la lucha contra la oprobiosa tiran\u00eda batistiana. Razones para el homenaje que nos uni\u00f3 justo a las 3 de la tarde de este viernes, por la entrada de la calle M al edificio de la Radio y la TV cubanas. <\/p>\n\n\n\n<figure class=\"wp-block-image size-large\"><img loading=\"lazy\" decoding=\"async\" width=\"1024\" height=\"462\" src=\"https:\/\/www.ics.gob.cu\/wp-content\/uploads\/2026\/03\/FB_IMG_1773500097254-1024x462.jpg\" alt=\"\" class=\"wp-image-9745\" srcset=\"https:\/\/www.ics.gob.cu\/wp-content\/uploads\/2026\/03\/FB_IMG_1773500097254-1024x462.jpg 1024w, https:\/\/www.ics.gob.cu\/wp-content\/uploads\/2026\/03\/FB_IMG_1773500097254-300x135.jpg 300w, https:\/\/www.ics.gob.cu\/wp-content\/uploads\/2026\/03\/FB_IMG_1773500097254-768x347.jpg 768w, https:\/\/www.ics.gob.cu\/wp-content\/uploads\/2026\/03\/FB_IMG_1773500097254-1536x693.jpg 1536w, https:\/\/www.ics.gob.cu\/wp-content\/uploads\/2026\/03\/FB_IMG_1773500097254-18x8.jpg 18w, https:\/\/www.ics.gob.cu\/wp-content\/uploads\/2026\/03\/FB_IMG_1773500097254.jpg 2048w\" sizes=\"auto, (max-width: 1024px) 100vw, 1024px\" \/><\/figure>\n\n\n\n<p>Presidieron el acto Adri\u00e1n Fonseca Quesada, jefe de Oficina del Comit\u00e9 Central del Partido Comunista de Cuba, C\u00e9sar Hern\u00e1ndez Gonz\u00e1lez, miembro del Bur\u00f3 Provincial del Partido en La Habana, Alfonso Noya Mart\u00ednez, presidente del Instituto de Informaci\u00f3n y Comunicaci\u00f3n Social, Mirthia Julia Brossard, miembro del Bur\u00f3 Nacional de la UJC y Litza Elena Gonz\u00e1lez Desd\u00edn, presidenta nacional de la FEU, entre otros dirigentes. Presentes tambi\u00e9n directivos y trabajadores del ICS, estudiantes de la FEU y la FEEM y de manera especial, el combatiente Otto Hern\u00e1ndez Fern\u00e1ndez, uno de los heroicos asaltantes a Radio Reloj el 13 de marzo de 1957. <\/p>\n\n\n\n<p>La Federaci\u00f3n Estudiantil Universitaria y la Uni\u00f3n de J\u00f3venes Comunistas reconocieron, a prop\u00f3sito de la fecha, al combatiente Otto Hern\u00e1ndez Fern\u00e1ndez, uno de los participantes en la Toma de Radio Reloj. Aquel d\u00eda se convirti\u00f3 en un hito de la historia de rebeld\u00eda y sacrificio de los cubanos por recuperar su soberan\u00eda, por hacer valer sus principios y su dignidad. La acci\u00f3n desencaden\u00f3 en la ca\u00edda de Jos\u00e9 Antonio Echeverr\u00eda, pero el hecho llev\u00f3 la moral de aquellos j\u00f3venes al sentir de todo un pueblo.<\/p>\n\n\n\n<figure class=\"wp-block-image size-large\"><img loading=\"lazy\" decoding=\"async\" width=\"1024\" height=\"462\" src=\"https:\/\/www.ics.gob.cu\/wp-content\/uploads\/2026\/03\/FB_IMG_1773500073537-1024x462.jpg\" alt=\"\" class=\"wp-image-9744\" srcset=\"https:\/\/www.ics.gob.cu\/wp-content\/uploads\/2026\/03\/FB_IMG_1773500073537-1024x462.jpg 1024w, https:\/\/www.ics.gob.cu\/wp-content\/uploads\/2026\/03\/FB_IMG_1773500073537-300x135.jpg 300w, https:\/\/www.ics.gob.cu\/wp-content\/uploads\/2026\/03\/FB_IMG_1773500073537-768x347.jpg 768w, https:\/\/www.ics.gob.cu\/wp-content\/uploads\/2026\/03\/FB_IMG_1773500073537-1536x693.jpg 1536w, https:\/\/www.ics.gob.cu\/wp-content\/uploads\/2026\/03\/FB_IMG_1773500073537-18x8.jpg 18w, https:\/\/www.ics.gob.cu\/wp-content\/uploads\/2026\/03\/FB_IMG_1773500073537.jpg 2048w\" sizes=\"auto, (max-width: 1024px) 100vw, 1024px\" \/><\/figure>\n\n\n\n<p>En palabras de Yanay Barrueta Fleites, secretaria nacional de Comunicaci\u00f3n de la FEU, la toma de Radio Reloj no fue solo una acci\u00f3n heroica, fue una forma de decir, en apenas minutos \u00abYo soy la historia\u00bb y estoy dispuesta a cambiarla por los m\u00e1s puros ideales, los mismos que seguimos defendiendo hoy. Por eso tambi\u00e9n en esta misma jornada pioneros de escuelas cercanas inundaron la Redacci\u00f3n de Radio Reloj y all\u00ed, junto a su colectivo, rese\u00f1aron aquellos hechos y rindieron tributo a sus protagonistas.<\/p>\n<div class=\"pld-like-dislike-wrap pld-template-1\">\r\n    <div class=\"pld-like-wrap  pld-common-wrap\">\r\n    <a href=\"javascript:void(0)\" class=\"pld-like-trigger pld-like-dislike-trigger\" title=\"\" data-post-id=\"9740\" data-trigger-type=\"like\" data-restriction=\"cookie\" data-already-liked=\"0\">\r\n                        <i class=\"fas fa-thumbs-up\"><\/i>\r\n                <\/a>\r\n    <span class=\"pld-like-count-wrap pld-count-wrap\">0    <\/span>\r\n<\/div><div class=\"pld-dislike-wrap  pld-common-wrap\">\r\n    <a href=\"javascript:void(0)\" class=\"pld-dislike-trigger pld-like-dislike-trigger\" title=\"\" data-post-id=\"9740\" data-trigger-type=\"dislike\" data-restriction=\"cookie\" data-already-liked=\"0\">\r\n                        <i class=\"fas fa-thumbs-down\"><\/i>\r\n                <\/a>\r\n    <span class=\"pld-dislike-count-wrap pld-count-wrap\">0<\/span>\r\n<\/div><\/div>","protected":false},"excerpt":{"rendered":"<p>\u201c\u00a1Si caemos, que nuestra sangre se\u00f1ale el camino de la libertad!\u201d Los tiempos que corren agigantan a\u00fan m\u00e1s el reconocimiento al valor, la entrega y el sacrificio de los j\u00f3venes que \u2013 sin m\u00e1s escudo que sus principios, su sentido del momento hist\u00f3rico, su decisi\u00f3n y su amor incondicional a la Patria \u2013protagonizaron los hechos [&hellip;]<\/p>\n","protected":false},"author":7,"featured_media":9741,"comment_status":"open","ping_status":"closed","sticky":false,"template":"","format":"standard","meta":{"_bbp_topic_count":0,"_bbp_reply_count":0,"_bbp_total_topic_count":0,"_bbp_total_reply_count":0,"_bbp_voice_count":0,"_bbp_anonymous_reply_count":0,"_bbp_topic_count_hidden":0,"_bbp_reply_count_hidden":0,"_bbp_forum_subforum_count":0,"_glsr_average":0,"_glsr_ranking":0,"_glsr_reviews":0,"footnotes":""},"categories":[10],"tags":[47,7,39,67,64,76],"class_list":["post-9740","post","type-post","status-publish","format-standard","has-post-thumbnail","hentry","category-nacionales","tag-comunicacion-social","tag-cuba","tag-ics","tag-radio-cubana","tag-revolucion-cubana","tag-television-cubana"],"acf":[],"_links":{"self":[{"href":"https:\/\/www.ics.gob.cu\/en\/wp-json\/wp\/v2\/posts\/9740","targetHints":{"allow":["GET"]}}],"collection":[{"href":"https:\/\/www.ics.gob.cu\/en\/wp-json\/wp\/v2\/posts"}],"about":[{"href":"https:\/\/www.ics.gob.cu\/en\/wp-json\/wp\/v2\/types\/post"}],"author":[{"embeddable":true,"href":"https:\/\/www.ics.gob.cu\/en\/wp-json\/wp\/v2\/users\/7"}],"replies":[{"embeddable":true,"href":"https:\/\/www.ics.gob.cu\/en\/wp-json\/wp\/v2\/comments?post=9740"}],"version-history":[{"count":4,"href":"https:\/\/www.ics.gob.cu\/en\/wp-json\/wp\/v2\/posts\/9740\/revisions"}],"predecessor-version":[{"id":9747,"href":"https:\/\/www.ics.gob.cu\/en\/wp-json\/wp\/v2\/posts\/9740\/revisions\/9747"}],"wp:featuredmedia":[{"embeddable":true,"href":"https:\/\/www.ics.gob.cu\/en\/wp-json\/wp\/v2\/media\/9741"}],"wp:attachment":[{"href":"https:\/\/www.ics.gob.cu\/en\/wp-json\/wp\/v2\/media?parent=9740"}],"wp:term":[{"taxonomy":"category","embeddable":true,"href":"https:\/\/www.ics.gob.cu\/en\/wp-json\/wp\/v2\/categories?post=9740"},{"taxonomy":"post_tag","embeddable":true,"href":"https:\/\/www.ics.gob.cu\/en\/wp-json\/wp\/v2\/tags?post=9740"}],"curies":[{"name":"wp","href":"https:\/\/api.w.org\/{rel}","templated":true}]}}