{"id":9919,"date":"2026-04-27T17:52:18","date_gmt":"2026-04-27T17:52:18","guid":{"rendered":"https:\/\/www.ics.gob.cu\/?p=9919"},"modified":"2026-04-27T18:06:39","modified_gmt":"2026-04-27T18:06:39","slug":"nos-vemos-el-1ro-de-mayo-porque-la-patria-se-defiende","status":"publish","type":"post","link":"https:\/\/www.ics.gob.cu\/en\/nos-vemos-el-1ro-de-mayo-porque-la-patria-se-defiende\/","title":{"rendered":"Nos vemos el 1ro de Mayo, porque La Patria se Defiende"},"content":{"rendered":"<div class=\"pdfprnt-buttons pdfprnt-buttons-post pdfprnt-top-right\"><a href=\"https:\/\/www.ics.gob.cu\/en\/wp-json\/wp\/v2\/posts\/9919?print=print\" class=\"pdfprnt-button pdfprnt-button-print\" target=\"_blank\" ><img decoding=\"async\" src=\"https:\/\/www.ics.gob.cu\/wp-content\/plugins\/pdf-print\/images\/print.png\" alt=\"image_print\" title=\"Print Content\" \/><\/a><\/div>\n<p>Por muy dificiles que sean los tiempos, por muy grandes que sean los desaf\u00edos, hemos llegado hasta aqu\u00ed, estamos con las banderas en alto, con la dignidad y la firmeza que caracteriza a los cubanos y cubanas y no hay motivaci\u00f3n mayor que ratificar que \u00abLa Patria Se Defiende\u00bb.<\/p>\n\n\n\n<p>Ese fue el sentir de quienes al mediod\u00eda de este lunes se reunieron en la Sala Che Guevara del Instituto de Informaci\u00f3n y Comunicaci\u00f3n Social (ICS) para compartir motivaciones, ideas, compromisos, de esos que nos unen y nos llevar\u00e1n nuevamente a desfilar por Cuba en la jornada de este Primero de Mayo pr\u00f3ximo.<\/p>\n\n\n\n<p>Organizado por el Comit\u00e9 Del Partido y el Bur\u00f3 Sindical del Instituto, una representaci\u00f3n de cuadros, directivos y dirigentes sindicales de nuestro \u00d3rgano Central, los sistemas de la Radio y la Televis\u00f3n cubanas y nuestras empresas, la Plenaria sindical rememor\u00f3 las palabras del l\u00edder hist\u00f3rico Fidel Castro Ruz en un mensaje al pueblo norteamericano &#8211; precisamente un Primero de Mayo &#8211; cuando hizo referencia a la fuerza de las ideas y la decisi\u00f3n de nuestro pueblo de luchar \u00abHas la Victoria Siempre\u00bb.<\/p>\n\n\n\n<p>Posteriormente se dio lectura a la Convocatoria realizada por la Central de Trabajadores de Cuba (CTC), sus Sindicatos y la ANIR para desfilar con alegr\u00eda, compromiso, optimismo, colorido en cada uno de nuestros municipios, cabeceras provinciales y en nuestra capital.<\/p>\n\n\n\n<p>En el encuentro, el Secretario del Bur\u00f3 Sindical del ICS, Yurisel Romero, precis\u00f3 la importancia de convertir las jornadas venideras en momentos de celebraci\u00f3n y como cada a\u00f1o, compartir con los colectivos, reconocer a los m\u00e1s destacados, embellecer nuestras \u00e1reas de trabajo, realizar labores de higiene y trabajos voluntarios productivos donde se necesite, para terminar el d\u00eda 30 \u00abesperando el primero de mayo, con la tradicional caldosa, m\u00fasica cubana, juegos de participaci\u00f3n y otras iniciativas\u00bb.<\/p>\n\n\n\n<p>Nuestros trabajadores participar\u00e1n tambi\u00e9n en las actividades que se convoquen en los barrios, en las cuadras y en loss actos municipales, sobre todo aquellos que viven en las zonas m\u00e1s alejadas de donde se desarrollar\u00e1n las actividades centrales en la capital del pa\u00eds.<\/p>\n\n\n\n<figure class=\"wp-block-image size-large\"><img loading=\"lazy\" decoding=\"async\" width=\"1024\" height=\"461\" src=\"https:\/\/www.ics.gob.cu\/wp-content\/uploads\/2026\/04\/IMG_20260427_121008.jpg-1024x461.jpeg\" alt=\"\" class=\"wp-image-9921\" srcset=\"https:\/\/www.ics.gob.cu\/wp-content\/uploads\/2026\/04\/IMG_20260427_121008.jpg-1024x461.jpeg 1024w, https:\/\/www.ics.gob.cu\/wp-content\/uploads\/2026\/04\/IMG_20260427_121008.jpg-300x135.jpeg 300w, https:\/\/www.ics.gob.cu\/wp-content\/uploads\/2026\/04\/IMG_20260427_121008.jpg-768x345.jpeg 768w, https:\/\/www.ics.gob.cu\/wp-content\/uploads\/2026\/04\/IMG_20260427_121008.jpg-1536x691.jpeg 1536w, https:\/\/www.ics.gob.cu\/wp-content\/uploads\/2026\/04\/IMG_20260427_121008.jpg-2048x921.jpeg 2048w, https:\/\/www.ics.gob.cu\/wp-content\/uploads\/2026\/04\/IMG_20260427_121008.jpg-18x8.jpeg 18w\" sizes=\"auto, (max-width: 1024px) 100vw, 1024px\" \/><\/figure>\n\n\n\n<p>Por su parte, el secretario del Comit\u00e9 del PCC, Rafael Cruz Ramos, abord\u00f3 la importancia de esta celebraci\u00f3n en momentos de amenazas, pero de una resistencia y creatividad enormes como la que ha desmotrado nuestro pueblo, que bien conoce la val\u00eda de nuestra historia y lo que ha significado celebrar cada primero de mayo, pues \u00abpor encima de todo est\u00e1 la unidad\u00bb.<\/p>\n\n\n\n<p>La ocasi\u00f3n fue propicia para hacer referencia a varias entidades que por estos d\u00edas han estado o estar\u00e1n de aniversario, como CMBF Radio Musical Nacional y Radio Habana Cuba; esta \u00faltima cumplir\u00e1 65 a\u00f1os de fundada precisamente el primer d\u00eda de mayo y es para su colectivo siempre una jornada de regocijo y doble compromiso.<\/p>\n\n\n\n<figure class=\"wp-block-image size-full\"><img loading=\"lazy\" decoding=\"async\" width=\"1020\" height=\"460\" src=\"https:\/\/www.ics.gob.cu\/wp-content\/uploads\/2026\/04\/acto1.jpg\" alt=\"\" class=\"wp-image-9923\" srcset=\"https:\/\/www.ics.gob.cu\/wp-content\/uploads\/2026\/04\/acto1.jpg 1020w, https:\/\/www.ics.gob.cu\/wp-content\/uploads\/2026\/04\/acto1-300x135.jpg 300w, https:\/\/www.ics.gob.cu\/wp-content\/uploads\/2026\/04\/acto1-768x346.jpg 768w, https:\/\/www.ics.gob.cu\/wp-content\/uploads\/2026\/04\/acto1-18x8.jpg 18w\" sizes=\"auto, (max-width: 1020px) 100vw, 1020px\" \/><\/figure>\n\n\n\n<p>Al cierre del encuentro, el presidente del ICS, Alfonso Noya Mart\u00ednez, reiter\u00f3 que cada uno de los presentes debe ser a su vez, portavoz de las motivaciones que hemos compartido porque adem\u00e1s, nuestros trabajadores a lo largo de toda Cuba tienen tambi\u00e9n la enorme responsabilidad de llevar al mundo lo que suceda durante estas  celebraciones. \u00abEs decir, algunos estaremos en las calles desfilando, alzando la voz por Cuba, por la soberan\u00eda, por la paz, en contra de la guerra que no queremos pero cientos estar\u00e1n en los actos realizando su cobertura, o en las cabinas, estudios, salas de transmisiones garantizando que se comparta nuestra verdad\u00bb.<\/p>\n\n\n\n<figure class=\"wp-block-image size-full\"><img loading=\"lazy\" decoding=\"async\" width=\"1020\" height=\"460\" src=\"https:\/\/www.ics.gob.cu\/wp-content\/uploads\/2026\/04\/acto8.jpg\" alt=\"\" class=\"wp-image-9922\" srcset=\"https:\/\/www.ics.gob.cu\/wp-content\/uploads\/2026\/04\/acto8.jpg 1020w, https:\/\/www.ics.gob.cu\/wp-content\/uploads\/2026\/04\/acto8-300x135.jpg 300w, https:\/\/www.ics.gob.cu\/wp-content\/uploads\/2026\/04\/acto8-768x346.jpg 768w, https:\/\/www.ics.gob.cu\/wp-content\/uploads\/2026\/04\/acto8-18x8.jpg 18w\" sizes=\"auto, (max-width: 1020px) 100vw, 1020px\" \/><\/figure>\n\n\n\n<p>\u00abSomos y seremos patriotas. Somos y seremos antimperialistas. Estaremos siempre donde m\u00e1s se necesite y ahora toca &#8211; porque tambien es nuestro derecho y nuestro deber como cubanos &#8211; ser leales con la historia y con quienes nos han traido hasta aqu\u00ed. Toca a todos y todas ratificar que La Patria Se Defiende\u00bb, se\u00f1al\u00f3.<\/p>\n\n\n\n<figure class=\"wp-block-image size-large\"><img loading=\"lazy\" decoding=\"async\" width=\"1024\" height=\"461\" src=\"https:\/\/www.ics.gob.cu\/wp-content\/uploads\/2026\/04\/IMG_20260427_121019.jpg-1024x461.jpeg\" alt=\"\" class=\"wp-image-9924\" srcset=\"https:\/\/www.ics.gob.cu\/wp-content\/uploads\/2026\/04\/IMG_20260427_121019.jpg-1024x461.jpeg 1024w, https:\/\/www.ics.gob.cu\/wp-content\/uploads\/2026\/04\/IMG_20260427_121019.jpg-300x135.jpeg 300w, https:\/\/www.ics.gob.cu\/wp-content\/uploads\/2026\/04\/IMG_20260427_121019.jpg-768x346.jpeg 768w, https:\/\/www.ics.gob.cu\/wp-content\/uploads\/2026\/04\/IMG_20260427_121019.jpg-1536x691.jpeg 1536w, https:\/\/www.ics.gob.cu\/wp-content\/uploads\/2026\/04\/IMG_20260427_121019.jpg-2048x922.jpeg 2048w, https:\/\/www.ics.gob.cu\/wp-content\/uploads\/2026\/04\/IMG_20260427_121019.jpg-18x8.jpeg 18w\" sizes=\"auto, (max-width: 1024px) 100vw, 1024px\" \/><\/figure>\n\n\n\n<p><\/p>\n\n\n\n<figure class=\"wp-block-image size-full\"><img loading=\"lazy\" decoding=\"async\" width=\"1020\" height=\"460\" src=\"https:\/\/www.ics.gob.cu\/wp-content\/uploads\/2026\/04\/acto5.jpg\" alt=\"\" class=\"wp-image-9925\" srcset=\"https:\/\/www.ics.gob.cu\/wp-content\/uploads\/2026\/04\/acto5.jpg 1020w, https:\/\/www.ics.gob.cu\/wp-content\/uploads\/2026\/04\/acto5-300x135.jpg 300w, https:\/\/www.ics.gob.cu\/wp-content\/uploads\/2026\/04\/acto5-768x346.jpg 768w, https:\/\/www.ics.gob.cu\/wp-content\/uploads\/2026\/04\/acto5-18x8.jpg 18w\" sizes=\"auto, (max-width: 1020px) 100vw, 1020px\" \/><\/figure>\n\n\n\n<p><\/p>\n<div class=\"pld-like-dislike-wrap pld-template-1\">\r\n    <div class=\"pld-like-wrap  pld-common-wrap\">\r\n    <a href=\"javascript:void(0)\" class=\"pld-like-trigger pld-like-dislike-trigger\" title=\"\" data-post-id=\"9919\" data-trigger-type=\"like\" data-restriction=\"cookie\" data-already-liked=\"0\">\r\n                        <i class=\"fas fa-thumbs-up\"><\/i>\r\n                <\/a>\r\n    <span class=\"pld-like-count-wrap pld-count-wrap\">0    <\/span>\r\n<\/div><div class=\"pld-dislike-wrap  pld-common-wrap\">\r\n    <a href=\"javascript:void(0)\" class=\"pld-dislike-trigger pld-like-dislike-trigger\" title=\"\" data-post-id=\"9919\" data-trigger-type=\"dislike\" data-restriction=\"cookie\" data-already-liked=\"0\">\r\n                        <i class=\"fas fa-thumbs-down\"><\/i>\r\n                <\/a>\r\n    <span class=\"pld-dislike-count-wrap pld-count-wrap\">0<\/span>\r\n<\/div><\/div>","protected":false},"excerpt":{"rendered":"<p>Por muy dificiles que sean los tiempos, por muy grandes que sean los desaf\u00edos, hemos llegado hasta aqu\u00ed, estamos con las banderas en alto, con la dignidad y la firmeza que caracteriza a los cubanos y cubanas y no hay motivaci\u00f3n mayor que ratificar que \u00abLa Patria Se Defiende\u00bb. Ese fue el sentir de quienes [&hellip;]<\/p>\n","protected":false},"author":8,"featured_media":9920,"comment_status":"open","ping_status":"closed","sticky":false,"template":"","format":"standard","meta":{"_bbp_topic_count":0,"_bbp_reply_count":0,"_bbp_total_topic_count":0,"_bbp_total_reply_count":0,"_bbp_voice_count":0,"_bbp_anonymous_reply_count":0,"_bbp_topic_count_hidden":0,"_bbp_reply_count_hidden":0,"_bbp_forum_subforum_count":0,"_glsr_average":0,"_glsr_ranking":0,"_glsr_reviews":0,"footnotes":""},"categories":[1],"tags":[],"class_list":["post-9919","post","type-post","status-publish","format-standard","has-post-thumbnail","hentry","category-uncategorized"],"acf":[],"_links":{"self":[{"href":"https:\/\/www.ics.gob.cu\/en\/wp-json\/wp\/v2\/posts\/9919","targetHints":{"allow":["GET"]}}],"collection":[{"href":"https:\/\/www.ics.gob.cu\/en\/wp-json\/wp\/v2\/posts"}],"about":[{"href":"https:\/\/www.ics.gob.cu\/en\/wp-json\/wp\/v2\/types\/post"}],"author":[{"embeddable":true,"href":"https:\/\/www.ics.gob.cu\/en\/wp-json\/wp\/v2\/users\/8"}],"replies":[{"embeddable":true,"href":"https:\/\/www.ics.gob.cu\/en\/wp-json\/wp\/v2\/comments?post=9919"}],"version-history":[{"count":3,"href":"https:\/\/www.ics.gob.cu\/en\/wp-json\/wp\/v2\/posts\/9919\/revisions"}],"predecessor-version":[{"id":9928,"href":"https:\/\/www.ics.gob.cu\/en\/wp-json\/wp\/v2\/posts\/9919\/revisions\/9928"}],"wp:featuredmedia":[{"embeddable":true,"href":"https:\/\/www.ics.gob.cu\/en\/wp-json\/wp\/v2\/media\/9920"}],"wp:attachment":[{"href":"https:\/\/www.ics.gob.cu\/en\/wp-json\/wp\/v2\/media?parent=9919"}],"wp:term":[{"taxonomy":"category","embeddable":true,"href":"https:\/\/www.ics.gob.cu\/en\/wp-json\/wp\/v2\/categories?post=9919"},{"taxonomy":"post_tag","embeddable":true,"href":"https:\/\/www.ics.gob.cu\/en\/wp-json\/wp\/v2\/tags?post=9919"}],"curies":[{"name":"wp","href":"https:\/\/api.w.org\/{rel}","templated":true}]}}